{"id":8670,"date":"2021-06-22T16:07:32","date_gmt":"2021-06-22T16:07:32","guid":{"rendered":"http:\/\/cordobadirecto.com\/index.php\/2021\/06\/22\/la-uefa-rechazo-que-el-estadio-de-munich-se-ilumine-con-los-colores-lgbtiq\/"},"modified":"2021-06-22T16:07:32","modified_gmt":"2021-06-22T16:07:32","slug":"la-uefa-rechazo-que-el-estadio-de-munich-se-ilumine-con-los-colores-lgbtiq","status":"publish","type":"post","link":"http:\/\/cordobadirecto.com\/index.php\/2021\/06\/22\/la-uefa-rechazo-que-el-estadio-de-munich-se-ilumine-con-los-colores-lgbtiq\/","title":{"rendered":"La UEFA rechaz\u00f3 que el estadio de M\u00fanich se ilumine con los colores LGBTIQ+"},"content":{"rendered":"<div class=\"image\" id=\"image\" readability=\"7\"> <img src=\"http:\/\/cordobadirecto.com\/wp-content\/uploads\/2021\/06\/la-uefa-rechazo-que-el-estadio-de-munich-se-ilumine-con-los-colores-lgbtiq.jpg\" alt=\"As\u00ed hubiese lucido el estadio de M\u00fanich.\" title=\"As\u00ed hubiese lucido el estadio de M\u00fanich.\"><\/p>\n<p>As\u00ed hubiese lucido el estadio de M\u00fanich.<\/p>\n<\/div>\n<p>La UEFA rechaz\u00f3 este martes que el estadio de M\u00fanich se ilumine con los colores de la comunidad LGBTIQ+ para el partido del&nbsp; mi\u00e9rcoles entre Alemania y Hungr\u00eda por la tercera fecha de la Eurocopa.<\/p>\n<p>El alcalde de M\u00fanich, Dieter Reiter, hab\u00eda solicitado el permiso a la UEFA en modo de protesta a una ley discriminatoria del Parlamento h\u00fangaro.<\/p>\n<p><strong>&#8220;Dado el contexto pol\u00edtico de esta petici\u00f3n -un mensaje sobre una decisi\u00f3n tomada por el Parlamento nacional h\u00fangaro-, la UEFA debe rechazar esa petici\u00f3n&#8221;<\/strong>, se excus\u00f3 la federaci\u00f3n europea en un comunicado.<\/p>\n<p>La intenci\u00f3n de Alemania era protestar contra una pol\u00e9mica ley del Parlamento h\u00fangaro que proh\u00edbe, entre sus puntos principales, referirse a la homosexualidad en los programas escolares.<\/p>\n<p><strong>Desde Hungr\u00eda celebraron la decisi\u00f3n de la UEFA ya que consideran que era &#8220;peligroso mezclar deporte y pol\u00edtica&#8221;.<\/strong><\/p>\n<p>&#8220;Gracias a Dios, los dirigentes del f\u00fatbol europeo han dado prueba de sentido com\u00fan (&#8230;) no participando en lo que habr\u00eda sido una provocaci\u00f3n a Hungr\u00eda&#8221;, dijo el ministro de Asuntos Exteriores de Hungr\u00eda, Peter Szijjarto, a la agencia AFP.<\/p>\n<p><strong>El arquero y capit\u00e1n alem\u00e1n, Manuel Neuer, utiliz\u00f3 en el \u00faltimo partido un brazalete con los colores representativos de la comunidad LGBTIQ+<\/strong> y eso gener\u00f3 una investigaci\u00f3n por parte de la UEFA, que luego desestim\u00f3 porque &#8220;estaba promoviendo una buena causa&#8221;. <\/p>\n","protected":false},"excerpt":{"rendered":"<p>As\u00ed hubiese lucido el estadio de M\u00fanich. La UEFA rechaz\u00f3 este martes que el estadio de M\u00fanich se ilumine con los colores de la comunidad LGBTIQ+ para el partido del&nbsp; mi\u00e9rcoles entre Alemania y Hungr\u00eda por la tercera fecha de la Eurocopa. El alcalde de M\u00fanich, Dieter Reiter, hab\u00eda solicitado el permiso a la UEFA [&hellip;]<\/p>\n","protected":false},"author":1,"featured_media":8671,"comment_status":"closed","ping_status":"closed","sticky":false,"template":"","format":"standard","meta":[],"categories":[21],"tags":[],"_links":{"self":[{"href":"http:\/\/cordobadirecto.com\/index.php\/wp-json\/wp\/v2\/posts\/8670"}],"collection":[{"href":"http:\/\/cordobadirecto.com\/index.php\/wp-json\/wp\/v2\/posts"}],"about":[{"href":"http:\/\/cordobadirecto.com\/index.php\/wp-json\/wp\/v2\/types\/post"}],"author":[{"embeddable":true,"href":"http:\/\/cordobadirecto.com\/index.php\/wp-json\/wp\/v2\/users\/1"}],"replies":[{"embeddable":true,"href":"http:\/\/cordobadirecto.com\/index.php\/wp-json\/wp\/v2\/comments?post=8670"}],"version-history":[{"count":0,"href":"http:\/\/cordobadirecto.com\/index.php\/wp-json\/wp\/v2\/posts\/8670\/revisions"}],"wp:featuredmedia":[{"embeddable":true,"href":"http:\/\/cordobadirecto.com\/index.php\/wp-json\/wp\/v2\/media\/8671"}],"wp:attachment":[{"href":"http:\/\/cordobadirecto.com\/index.php\/wp-json\/wp\/v2\/media?parent=8670"}],"wp:term":[{"taxonomy":"category","embeddable":true,"href":"http:\/\/cordobadirecto.com\/index.php\/wp-json\/wp\/v2\/categories?post=8670"},{"taxonomy":"post_tag","embeddable":true,"href":"http:\/\/cordobadirecto.com\/index.php\/wp-json\/wp\/v2\/tags?post=8670"}],"curies":[{"name":"wp","href":"https:\/\/api.w.org\/{rel}","templated":true}]}}