{"id":8672,"date":"2021-06-22T16:07:41","date_gmt":"2021-06-22T16:07:41","guid":{"rendered":"http:\/\/cordobadirecto.com\/index.php\/2021\/06\/22\/con-un-video-isabel-de-sebastian-testimonia-los-protocolos-sanitarios-en-sus-recitales\/"},"modified":"2021-06-22T16:07:41","modified_gmt":"2021-06-22T16:07:41","slug":"con-un-video-isabel-de-sebastian-testimonia-los-protocolos-sanitarios-en-sus-recitales","status":"publish","type":"post","link":"http:\/\/cordobadirecto.com\/index.php\/2021\/06\/22\/con-un-video-isabel-de-sebastian-testimonia-los-protocolos-sanitarios-en-sus-recitales\/","title":{"rendered":"Con un video, Isabel de Sebasti\u00e1n testimonia los protocolos sanitarios en sus recitales"},"content":{"rendered":"<p> <iframe width=\"560\" height=\"315\" src=\"https:\/\/www.youtube.com\/embed\/53buMQ4u9pw?wmode=transparent&amp;showinfo=0&amp;autohide=1&amp;rel=0\" frameborder=\"0\" allowfullscreen>[embedded content]<\/iframe> <\/p>\n<p>Isabel de Sebasti\u00e1n<\/p>\n<p>La cantante y compositora Isabel de Sebasti\u00e1n lanz\u00f3 un video con un resumen de su show de enero pasado en el Centro Cultural Kirchner (CCK), en el que testimonia la experiencia de ofrecer un concierto en medio de protocolos sanitarios por la pandemia de coronavirus.<\/p>\n<p><strong>&#8220;Entro en el escenario con un barbijo que me sacar\u00e9 en un gesto de triunfo. A\u00fan no puedo besar, pero puedo cantar. Las luces se encienden y me recuerdan que esto tambi\u00e9n pasar\u00e1&#8221;<\/strong>, expresa con su voz en off la artista, mientras se ven escenas de p\u00fablico y asistentes cumpliendo con las exigencias sanitarias para poder disfrutar del espect\u00e1culo.<\/p>\n<div class=\"image\" id=\"image\"> <img src=\"http:\/\/cordobadirecto.com\/wp-content\/uploads\/2021\/06\/con-un-video-isabel-de-sebastian-testimonia-los-protocolos-sanitarios-en-sus-recitales.jpg\" alt=\"Isabel de Sebasti\u00e1n\" title=\"Isabel de Sebasti\u00e1n\"><\/p>\n<p>Isabel de Sebasti\u00e1n<\/p>\n<\/div>\n<p>Tras una introducci\u00f3n con el relato de la exMetr\u00f3poli y la previa al show, el video, al que bautiz\u00f3 &#8220;Breve documento sobre un concierto en tiempos de Covid&#8221;, contin\u00faa con su interpretaci\u00f3n del cl\u00e1sico &#8220;H\u00e9roes an\u00f3nimos&#8221;, dedicado a trav\u00e9s de una leyenda &#8220;a los que siguen salvando vidas durante esta pandemia&#8221;.<\/p>\n<p>El testimonio se completa con &#8220;El muro&#8221;, dedicada &#8220;a todos los que han perdido un ser querido, su trabajo o un sue\u00f1o durante esta pandemia&#8221;.<\/p>\n<p>El concierto, ofrecido el 30 de enero pasado en la sala sinf\u00f3nica conocida como &#8220;La Ballena Azul&#8221;, fue la excusa para la presentaci\u00f3n del disco &#8220;Corazonada&#8221;, junto a los m\u00fasicos Claudio Iuliano y Gonzalo C\u00f3rdoba, en guitarras; Cristhian Faiad, en bater\u00eda; y la participaci\u00f3n del tecladista Juan Absatz como m\u00fasico invitado.<\/p>\n<p>Con una importante trayectoria en el rock local durante los `80 a trav\u00e9s de grupos como Las Bay Biscuits, Metr\u00f3poli o como corista de figuras como Luis Alberto Spinetta, Isabel de Sebasti\u00e1n se radic\u00f3 en los `90 en Nueva York.<\/p>\n<p>Con residencia en ambos pa\u00edses, durante la primera etapa de la pandemia la artista se dedic\u00f3 a publicar notas en las que narraba la manera en que se viv\u00eda la situaci\u00f3n en Nueva York y cuestionaba la ausencia de pol\u00edticas sanitarias al respecto por parte del gobierno del entonces presidente Donald Trump. <\/p>\n","protected":false},"excerpt":{"rendered":"<p>[embedded content] Isabel de Sebasti\u00e1n La cantante y compositora Isabel de Sebasti\u00e1n lanz\u00f3 un video con un resumen de su show de enero pasado en el Centro Cultural Kirchner (CCK), en el que testimonia la experiencia de ofrecer un concierto en medio de protocolos sanitarios por la pandemia de coronavirus. &#8220;Entro en el escenario con [&hellip;]<\/p>\n","protected":false},"author":1,"featured_media":8673,"comment_status":"closed","ping_status":"closed","sticky":false,"template":"","format":"standard","meta":[],"categories":[20],"tags":[],"_links":{"self":[{"href":"http:\/\/cordobadirecto.com\/index.php\/wp-json\/wp\/v2\/posts\/8672"}],"collection":[{"href":"http:\/\/cordobadirecto.com\/index.php\/wp-json\/wp\/v2\/posts"}],"about":[{"href":"http:\/\/cordobadirecto.com\/index.php\/wp-json\/wp\/v2\/types\/post"}],"author":[{"embeddable":true,"href":"http:\/\/cordobadirecto.com\/index.php\/wp-json\/wp\/v2\/users\/1"}],"replies":[{"embeddable":true,"href":"http:\/\/cordobadirecto.com\/index.php\/wp-json\/wp\/v2\/comments?post=8672"}],"version-history":[{"count":0,"href":"http:\/\/cordobadirecto.com\/index.php\/wp-json\/wp\/v2\/posts\/8672\/revisions"}],"wp:featuredmedia":[{"embeddable":true,"href":"http:\/\/cordobadirecto.com\/index.php\/wp-json\/wp\/v2\/media\/8673"}],"wp:attachment":[{"href":"http:\/\/cordobadirecto.com\/index.php\/wp-json\/wp\/v2\/media?parent=8672"}],"wp:term":[{"taxonomy":"category","embeddable":true,"href":"http:\/\/cordobadirecto.com\/index.php\/wp-json\/wp\/v2\/categories?post=8672"},{"taxonomy":"post_tag","embeddable":true,"href":"http:\/\/cordobadirecto.com\/index.php\/wp-json\/wp\/v2\/tags?post=8672"}],"curies":[{"name":"wp","href":"https:\/\/api.w.org\/{rel}","templated":true}]}}