{"id":8674,"date":"2021-06-22T16:07:50","date_gmt":"2021-06-22T16:07:50","guid":{"rendered":"http:\/\/cordobadirecto.com\/index.php\/2021\/06\/22\/el-festival-de-san-sebastian-elimino-la-separacion-por-genero-de-los-premios\/"},"modified":"2021-06-22T16:07:50","modified_gmt":"2021-06-22T16:07:50","slug":"el-festival-de-san-sebastian-elimino-la-separacion-por-genero-de-los-premios","status":"publish","type":"post","link":"http:\/\/cordobadirecto.com\/index.php\/2021\/06\/22\/el-festival-de-san-sebastian-elimino-la-separacion-por-genero-de-los-premios\/","title":{"rendered":"El Festival de San Sebasti\u00e1n elimin\u00f3 la separaci\u00f3n por g\u00e9nero de los premios"},"content":{"rendered":"<div class=\"image\" id=\"image\" readability=\"8\"> <img src=\"http:\/\/cordobadirecto.com\/wp-content\/uploads\/2021\/06\/el-festival-de-san-sebastian-elimino-la-separacion-por-genero-de-los-premios.jpg\" alt=\"La edici\u00f3n de este a\u00f1o del Festival Internacional de Cine de San Sebasti\u00e1n se llevar\u00e1 a cabo entre el 17 y el 25 de septiembre.\" title=\"La edici\u00f3n de este a\u00f1o del Festival Internacional de Cine de San Sebasti\u00e1n se llevar\u00e1 a cabo entre el 17 y el 25 de septiembre.\"><\/p>\n<p>La edici\u00f3n de este a\u00f1o del Festival Internacional de Cine de San Sebasti\u00e1n se llevar\u00e1 a cabo entre el 17 y el 25 de septiembre.<\/p>\n<\/div>\n<p>&nbsp;<\/p>\n<p>El<strong> Festival Internacional de Cine de San Sebasti\u00e1n eliminar\u00e1 la distinci\u00f3n por g\u00e9nero en los premios a la actuaci\u00f3n principal y de reparto en su pr\u00f3xima edici\u00f3n<\/strong>, que se llevar\u00e1 a cabo entre el 17 y el 25 de septiembre,<strong> anunci\u00f3 su director, Jos\u00e9 Luis Rebordinos<\/strong>.<\/p>\n<p>&#8220;<strong>San Sebasti\u00e1n ya no har\u00e1 distinci\u00f3n de g\u00e9nero en los premios de interpretaci\u00f3n<\/strong>. La Concha de Plata al mejor actor y a la mejor actriz ser\u00e1n reemplazadas por la Concha de Plata a mejor interpretaci\u00f3n protagonista y a mejor interpretaci\u00f3n de reparto&#8221;, anunci\u00f3 el organizador, en una conferencia ofrecida para presentar las novedades de la 69\u00ba edici\u00f3n, seg\u00fan consignan diarios espa\u00f1oles.<\/p>\n<p>Y a\u00f1adi\u00f3: &#8220;Nos sumamos as\u00ed al camino iniciado ya por nuestras amigas y amigos de la Berlinale. Son momentos de cambio y de toma de decisiones. Seguimos con atenci\u00f3n los debates que en estos momentos se producen en el interior del movimiento feminista sobre este y otros temas. No tenemos certezas, pero s\u00ed voluntad de seguir evolucionando y ayudando a construir una sociedad m\u00e1s justa e igualitaria\u201d.<\/p>\n<p>En otro orden, Rebordinos reiter\u00f3 la determinaci\u00f3n de que la <strong>edici\u00f3n de este a\u00f1o sea de manera presencial aunque acept\u00f3 que &#8220;la pandemia determinar\u00e1 su forma final&#8221;<\/strong>.<\/p>\n<p>La eliminaci\u00f3n de la distinci\u00f3n por g\u00e9nero a la hora de premiar comenz\u00f3 a ponerse en marcha en diversos cert\u00e1menes y en nuestro pa\u00eds ya tiene su correlato desde el a\u00f1o pasado en los Premios Gardel. <\/p>\n","protected":false},"excerpt":{"rendered":"<p>La edici\u00f3n de este a\u00f1o del Festival Internacional de Cine de San Sebasti\u00e1n se llevar\u00e1 a cabo entre el 17 y el 25 de septiembre. &nbsp; El Festival Internacional de Cine de San Sebasti\u00e1n eliminar\u00e1 la distinci\u00f3n por g\u00e9nero en los premios a la actuaci\u00f3n principal y de reparto en su pr\u00f3xima edici\u00f3n, que se [&hellip;]<\/p>\n","protected":false},"author":1,"featured_media":8675,"comment_status":"closed","ping_status":"closed","sticky":false,"template":"","format":"standard","meta":[],"categories":[20],"tags":[],"_links":{"self":[{"href":"http:\/\/cordobadirecto.com\/index.php\/wp-json\/wp\/v2\/posts\/8674"}],"collection":[{"href":"http:\/\/cordobadirecto.com\/index.php\/wp-json\/wp\/v2\/posts"}],"about":[{"href":"http:\/\/cordobadirecto.com\/index.php\/wp-json\/wp\/v2\/types\/post"}],"author":[{"embeddable":true,"href":"http:\/\/cordobadirecto.com\/index.php\/wp-json\/wp\/v2\/users\/1"}],"replies":[{"embeddable":true,"href":"http:\/\/cordobadirecto.com\/index.php\/wp-json\/wp\/v2\/comments?post=8674"}],"version-history":[{"count":0,"href":"http:\/\/cordobadirecto.com\/index.php\/wp-json\/wp\/v2\/posts\/8674\/revisions"}],"wp:featuredmedia":[{"embeddable":true,"href":"http:\/\/cordobadirecto.com\/index.php\/wp-json\/wp\/v2\/media\/8675"}],"wp:attachment":[{"href":"http:\/\/cordobadirecto.com\/index.php\/wp-json\/wp\/v2\/media?parent=8674"}],"wp:term":[{"taxonomy":"category","embeddable":true,"href":"http:\/\/cordobadirecto.com\/index.php\/wp-json\/wp\/v2\/categories?post=8674"},{"taxonomy":"post_tag","embeddable":true,"href":"http:\/\/cordobadirecto.com\/index.php\/wp-json\/wp\/v2\/tags?post=8674"}],"curies":[{"name":"wp","href":"https:\/\/api.w.org\/{rel}","templated":true}]}}