{"id":8676,"date":"2021-06-22T15:25:50","date_gmt":"2021-06-22T15:25:50","guid":{"rendered":"https:\/\/www.espinof.com\/en-rodaje\/heridas-antena-3-desvela-primera-imagen-adaptacion-serie-turca-madre-adriana-ugarte-maria-leon"},"modified":"2021-06-22T15:25:50","modified_gmt":"2021-06-22T15:25:50","slug":"heridas-antena-3-desvela-la-primera-imagen-de-la-adaptacion-de-la-serie-turca-madre-con-adriana-ugarte-y-maria-leon","status":"publish","type":"post","link":"http:\/\/cordobadirecto.com\/index.php\/2021\/06\/22\/heridas-antena-3-desvela-la-primera-imagen-de-la-adaptacion-de-la-serie-turca-madre-con-adriana-ugarte-y-maria-leon\/","title":{"rendered":"&#8216;Heridas&#8217;: Antena 3 desvela la primera imagen de la adaptaci\u00f3n de la serie turca &#8216;Madre&#8217; con Adriana Ugarte y Mar\u00eda Le\u00f3n"},"content":{"rendered":"<p><strong>Antena 3 ha anunciado que ha arrancado el rodaje de &#8216;Heridas&#8217;<\/strong>, la nueva serie de Atresmedia. Adem\u00e1s, la cadena ha desvelado la primera imagen, en la que podemos ver al tr\u00edo protagonista formado por Adriana Ugarte, Mar\u00eda Le\u00f3n y Cosette Silguero.<\/p>\n<p><!-- BREAK 1 --><\/p>\n<p>Si and\u00e1is algo despistados, tranquilos, ya que &#8216;Heridas&#8217; es el nuevo t\u00edtulo que han puesto a <a href=\"https:\/\/www.espinof.com\/proyectos\/adriana-ugarte-protagonizara-madre-adaptacion-telenovela-turca-que-prepara-antena-3\">la anunciada adaptaci\u00f3n de &#8216;Madre&#8217;<\/a> (&#8216;Mother&#8217;) l<strong>a serie turca basada, a su vez, en el dorama hom\u00f3nimo japon\u00e9s<\/strong>. Esta vez nos vamos a las marismas andaluces para este intenso drama familiar.<\/p>\n<p><!-- BREAK 2 --> <\/p>\n<div class=\"article-asset article-asset-normal article-asset-center\">\n<div class=\"desvio-container\">\n<div class=\"desvio\">\n<div class=\"desvio-figure js-desvio-figure\"> <a href=\"https:\/\/www.espinof.com\/criticas\/alba-elena-rivera-eleva-correcta-version-espanola-fatmagul-atresplayer-que-potencia-dramatismo\"> <img alt=\"'Alba': Elena Rivera eleva una correcta versi\u00f3n espa\u00f1ola de 'Fatmag\u00fcl' en Atresplayer que potencia el dramatismo\" src=\"http:\/\/cordobadirecto.com\/wp-content\/uploads\/2021\/06\/heridas-antena-3-desvela-la-primera-imagen-de-la-adaptacion-de-la-serie-turca-madre-con-adriana-ugarte-y-maria-leon.jpg\"> <\/a> <\/div><\/div><\/div>\n<\/div>\n<p>La historia gira en torno a Manuela (Ugarte) una joven casi ermita\u00f1a que estudia aves en los humedales andaluces. En su vida solitaria irrumpir\u00e1 Alba (Silguero), <strong>una ni\u00f1a que vive pr\u00e1cticamente desatendida por su madre<\/strong> (Le\u00f3n) y el novio de esta. De pronto esta ornit\u00f3loga se ver\u00e1 haci\u00e9ndose cargo de la muchacha, rompiendo as\u00ed sus propios esquemas y enfrent\u00e1ndose a los demonios de su pasado.<\/p>\n<p><!-- BREAK 3 --><\/p>\n<p><strong>Eduardo Galdo, Lele Portas, Marco T. Socorro, Joana Ortueta, Humberto Ortega y Natalia Garc\u00eda-Prieto<\/strong> conforman el equipo de guionistas, con Montse Garc\u00eda y Sonia Mart\u00ednez acompa\u00f1ando a Galdo como productoras ejecutivas. En la direcci\u00f3n nos encontramos a <strong>Tito L\u00f3pez Amado <\/strong>y por<strong> Juanma Pach\u00f3n.<\/strong><\/p>\n<p><!-- BREAK 4 --><\/p>\n<p><strong>Javier Collado, Elisabet Gelabert, Sonia Almarcha, Pau Dur\u00e1, Xo\u00e1n F\u00f3rneas e Iv\u00e1n Marcos <\/strong>completan el reparto principal de &#8216;Heridas&#8217;, que estar\u00e1 formada por 13 episodios de cincuenta minutos cada uno. La serie se est\u00e1 rodando en diferentes localizaciones de C\u00e1diz, Tarifa, Cabo de Gata, Madrid, Guadalajara y Toledo<\/p>\n<p><!-- BREAK 5 --> <\/p>\n","protected":false},"excerpt":{"rendered":"<p>Antena 3 ha anunciado que ha arrancado el rodaje de &#8216;Heridas&#8217;, la nueva serie de Atresmedia. Adem\u00e1s, la cadena ha desvelado la primera imagen, en la que podemos ver al tr\u00edo protagonista formado por Adriana Ugarte, Mar\u00eda Le\u00f3n y Cosette Silguero. Si and\u00e1is algo despistados, tranquilos, ya que &#8216;Heridas&#8217; es el nuevo t\u00edtulo que han [&hellip;]<\/p>\n","protected":false},"author":1,"featured_media":8677,"comment_status":"closed","ping_status":"closed","sticky":false,"template":"","format":"standard","meta":[],"categories":[17],"tags":[],"_links":{"self":[{"href":"http:\/\/cordobadirecto.com\/index.php\/wp-json\/wp\/v2\/posts\/8676"}],"collection":[{"href":"http:\/\/cordobadirecto.com\/index.php\/wp-json\/wp\/v2\/posts"}],"about":[{"href":"http:\/\/cordobadirecto.com\/index.php\/wp-json\/wp\/v2\/types\/post"}],"author":[{"embeddable":true,"href":"http:\/\/cordobadirecto.com\/index.php\/wp-json\/wp\/v2\/users\/1"}],"replies":[{"embeddable":true,"href":"http:\/\/cordobadirecto.com\/index.php\/wp-json\/wp\/v2\/comments?post=8676"}],"version-history":[{"count":0,"href":"http:\/\/cordobadirecto.com\/index.php\/wp-json\/wp\/v2\/posts\/8676\/revisions"}],"wp:featuredmedia":[{"embeddable":true,"href":"http:\/\/cordobadirecto.com\/index.php\/wp-json\/wp\/v2\/media\/8677"}],"wp:attachment":[{"href":"http:\/\/cordobadirecto.com\/index.php\/wp-json\/wp\/v2\/media?parent=8676"}],"wp:term":[{"taxonomy":"category","embeddable":true,"href":"http:\/\/cordobadirecto.com\/index.php\/wp-json\/wp\/v2\/categories?post=8676"},{"taxonomy":"post_tag","embeddable":true,"href":"http:\/\/cordobadirecto.com\/index.php\/wp-json\/wp\/v2\/tags?post=8676"}],"curies":[{"name":"wp","href":"https:\/\/api.w.org\/{rel}","templated":true}]}}