{"id":8705,"date":"2021-06-22T16:39:00","date_gmt":"2021-06-22T16:39:00","guid":{"rendered":"http:\/\/cordobadirecto.com\/index.php\/2021\/06\/22\/el-gobierno-espanol-indulto-a-los-nueve-lideres-independentistas-catalanes\/"},"modified":"2021-06-22T16:39:00","modified_gmt":"2021-06-22T16:39:00","slug":"el-gobierno-espanol-indulto-a-los-nueve-lideres-independentistas-catalanes","status":"publish","type":"post","link":"http:\/\/cordobadirecto.com\/index.php\/2021\/06\/22\/el-gobierno-espanol-indulto-a-los-nueve-lideres-independentistas-catalanes\/","title":{"rendered":"El Gobierno espa\u00f1ol indult\u00f3 a los nueve l\u00edderes independentistas catalanes"},"content":{"rendered":"<div><img src=\"http:\/\/cordobadirecto.com\/wp-content\/uploads\/2021\/06\/el-gobierno-espanol-indulto-a-los-nueve-lideres-independentistas-catalanes.jpg\" class=\"ff-og-image-inserted\"><\/div>\n<p> <iframe width=\"560\" height=\"315\" src=\"https:\/\/www.youtube.com\/embed\/PiNeo-HeTwo?wmode=transparent&amp;showinfo=0&amp;autohide=1&amp;rel=0\" frameborder=\"0\" allowfullscreen>[embedded content]<\/iframe> <\/p>\n<p>INDULTOS A INDEPENDENTISTAS CATALANES<\/p>\n<p>El Gobierno espa\u00f1ol aprob\u00f3 este martes <strong>indultar a los nueve l\u00edderes separatistas catalanes encarcelados por el intento de secesi\u00f3n de 2017,<\/strong> con la meta de<strong> &#8220;restablecer la convivencia&#8221; en Catalu\u00f1a y en Espa\u00f1a <\/strong>e iniciar una &#8220;nueva etapa&#8221; que ponga fin al enfrentamiento, anunci\u00f3 el presidente del Gobierno, el socialista Pedro S\u00e1nchez.<\/p>\n<p>&#8220;Con esta acci\u00f3n queremos abrir una nueva etapa de di\u00e1logo, de reencuentro, y cerrar de una vez por todas la divisi\u00f3n y el enfrentamiento&#8221;, dijo S\u00e1nchez en una breve comparecencia en el Palacio de la Moncloa, la sede del Gobierno, minutos despu\u00e9s de que su gabinete aprobara los indultos.<\/p>\n<p>&#8220;Encontraremos dificultades en el camino, pero creo que merece mucho la pena intentarlo&#8221;, agreg\u00f3.<\/p>\n<p>El mandatario dijo que los pol\u00e9micos<strong> indultos, rechazados por la oposici\u00f3n de derecha e incluso por el Gobierno independentista catal\u00e1n, son parciales<\/strong>, conmutan las penas de prisi\u00f3n pero <strong>mantienen las de inhabilitaci\u00f3n<\/strong> y quedan condicionados a que los beneficiados no cometan un delito grave durante un periodo de tres a seis a\u00f1os.<\/p>\n<div class=\"js-code\" readability=\"7.0412541254125\">\n<blockquote class=\"twitter-tweet\" readability=\"8.2838283828383\">\n<p lang=\"es\" dir=\"ltr\">\ud83d\udd34EN DIRECTO<\/p>\n<p>El presidente del Gobierno, <a href=\"https:\/\/twitter.com\/sanchezcastejon?ref_src=twsrc%5Etfw\">@sanchezcastejon<\/a>, realiza una declaraci\u00f3n institucional tras el Consejo de Ministros celebrado esta ma\u00f1ana, en el que se han aprobado los indultos a los condenados en el juicio del Proc\u00e8s. <a href=\"https:\/\/t.co\/b2UECU6Z1t\">https:\/\/t.co\/b2UECU6Z1t<\/a><\/p>\n<p>\u2014 La Moncloa (@desdelamoncloa) <a href=\"https:\/\/twitter.com\/desdelamoncloa\/status\/1407315351734571013?ref_src=twsrc%5Etfw\">June 22, 2021<\/a><\/p><\/blockquote><\/div>\n<p>Los nueve indultados, entre ellos varios miembros del Gobierno catal\u00e1n del expresidente Carles Puigdemont y la ex presidenta del Parlamento regional, fueron condenados en octubre de 2019 a penas de c\u00e1rcel de entre nueve y 13 a\u00f1os por su participaci\u00f3n en el fallido intento de independizar a Catalu\u00f1a de Espa\u00f1a.<\/p>\n<p>La decisi\u00f3n debe cumplir todav\u00eda unos pasos administrativos, pero deber\u00eda hacerse efectiva r\u00e1pidamente.<\/p>\n<blockquote readability=\"8\">\n<p>&#8220;Con esta acci\u00f3n queremos abrir una nueva etapa de di\u00e1logo, de reencuentro, y cerrar de una vez por todas la divisi\u00f3n y el enfrentamiento&#8221;<\/p>\n<p>Pedro S\u00e1nchez<\/p>\n<p><span class=\"comilla\">\u201d<\/span><\/p><\/blockquote>\n<p>Las reacciones<\/p>\n<p>La derecha espa\u00f1ola, que sac\u00f3 en Madrid el 13 de junio a decenas de miles de personas contra los indultos, acusa a S\u00e1nchez de buscar mantenerse en el poder, ya que su Gobierno minoritario precisa del apoyo de parte de los independentistas en el Congreso.<\/p>\n<p><strong>Pablo Casado,<\/strong> l\u00edder del principal partido de la oposici\u00f3n, el Partido Popular (PP), de derecha, anunci\u00f3 hoy que su fuerza pol\u00edtica recurrir\u00e1 los indultos ante el Tribunal Supremo, que ya se manifest\u00f3 contra ellos, inform\u00f3 la agencia de noticias DPA.<\/p>\n<p><strong>Los l\u00edderes de los partidos liberal Ciudadanos y de extrema derecha Vox<\/strong> tambi\u00e9n anunciaron hoy su intenci\u00f3n de presentar recursos contra la decisi\u00f3n del Gobierno.<\/p>\n<p>Los perdones tampoco satisfacen a los independentistas, en el poder en Catalu\u00f1a, quienes exigen una amnist\u00eda, un extremo que implicar\u00eda borrar los delitos cometidos, y la celebraci\u00f3n de un refer\u00e9ndum de autodeterminaci\u00f3n, algo que Madrid rechaza.<\/p>\n<p>&#8220;Es la hora de poner fin a la represi\u00f3n y de un refer\u00e9ndum acordado y que cuente con el aval internacional, como desea una ampl\u00edsima mayor\u00eda de la poblaci\u00f3n de Catalu\u00f1a&#8221;, dijo hoy el presidente catal\u00e1n, Pere Aragon\u00e9s, del partido Izquierda Republicana de Catalu\u00f1a (ERC), en Barcelona, la capital catalana.<\/p>\n<p><a href=\"https:\/\/www.telam.com.ar\/notas\/202106\/558603-cuales-son-los-desafios-que-enfrenta-pedro-sanchez-con-los-indultos-a-los-independentistas.html\" target=\"_blank\" rel=\"noopener\">La medida de gracia, adem\u00e1s, <strong>es rechazada por el 53% de la ciudadan\u00eda espa\u00f1ola<\/strong>, seg\u00fan un sondeo reciente, que por el contrario mostr\u00f3 que un 68% de los catalanes la aprueba.<\/a><\/p>\n<p>Los <a href=\"https:\/\/www.telam.com.ar\/notas\/202106\/558625-quienes-son-los-protagonistas-del-conflicto-catalan.html\" target=\"_blank\" rel=\"noopener\">nueve beneficiarios del indulto <\/a>son los ex miembros del Gobierno catal\u00e1n Oriol Junqueras, Joaquim Forn, Jordi Turull, Josep Rull, Dolors Bassa y Ra\u00fal Romeva, la ex presidenta del Parlamento catal\u00e1n Carme Forcadell, y los l\u00edderes de dos asociaciones independentistas, Jordi S\u00e1nchez y Jordi Cuixart.<\/p>\n<p><strong>Los 7,7 millones de habitantes de Catalu\u00f1a siguen profundamente divididos sobre el tema de la independencia.<\/strong><\/p>\n<p>Las fechas clave del desaf\u00edo independentista catal\u00e1n<\/p>\n<p>El intento de secesi\u00f3n<\/p>\n<p><a href=\"https:\/\/www.telam.com.ar\/notas\/202106\/558612-cronologia-de-la-crisis-catalana-en-espana-del-referendum-a-los-indultos.html\" target=\"_blank\" rel=\"noopener\">El intento de secesi\u00f3n de 2017 constituy\u00f3 una de las peores crisis pol\u00edticas en Espa\u00f1a<\/a> desde el fin de la dictadura de Francisco Franco en 1975, y todav\u00eda condiciona la pol\u00edtica nacional.<\/p>\n<p>Pese a la prohibici\u00f3n de la Justicia, el Gobierno catal\u00e1n presidido entonces por Puigdemont organiz\u00f3 el 1 de octubre de 2017 un refer\u00e9ndum de autodeterminaci\u00f3n, marcado por escenas de polic\u00edas golpeando a votantes con sus machetes.<\/p>\n<p><strong>El 27 de ese mes, el Parlamento catal\u00e1n declar\u00f3 unilateralmente la independencia, <\/strong>a lo que el entonces Gobierno espa\u00f1ol del presidente Mariano Rajoy, del PP, respondi\u00f3 destituyendo al Ejecutivo catal\u00e1n y poniendo bajo tutela a la regi\u00f3n.<\/p>\n<p>Perseguidos por la Justicia,<strong> los dirigentes secesionistas huyeron de Espa\u00f1a, como Puigdemont, o fueron detenidos, <\/strong>como Junqueras, entonces vicepresidente catal\u00e1n y actual l\u00edder de ERC.<\/p>\n<p>En un contexto en que Espa\u00f1a respira por la ca\u00edda de los contagios al avanzar la vacunaci\u00f3n anticovid y con la pr\u00f3xima cita electoral nacional en dos a\u00f1os, S\u00e1nchez pretende retomar en breve la mesa de di\u00e1logo con el ejecutivo catal\u00e1n, paralizada en febrero de 2020 por la pandemia.<\/p>\n<p>Las posiciones de ambas partes siguen estando en las ant\u00edpodas.<\/p>\n<p>M\u00e1s moderado que sus dos predecesores, Aragon\u00e9s mantiene la exigencia de un refer\u00e9ndum de autodeterminaci\u00f3n, esta vez pactado con Madrid, parecido al realizado en Escocia en 2014.<\/p>\n<p>El presidente catal\u00e1n insisti\u00f3 hoy en que los indultos son una medida de &#8220;alivio&#8221; para los condenados y sus familias pero no son la soluci\u00f3n al conflicto territorial en Catalu\u00f1a.<\/p>\n<p>Por ello, el mandatario volvi\u00f3 a exigir la amnist\u00eda total para todos los encausados por el proceso independentista y un compromiso del Gobierno de Espa\u00f1a de &#8220;trabajar para una soluci\u00f3n acordada al conflicto con Catalu\u00f1a&#8221;.<\/p>\n<p>El Gobierno de S\u00e1nchez ya ha rechazado estas exigencias, y se ha manifestado abierto a una votaci\u00f3n en Catalu\u00f1a pero solo para decidir mayor autonom\u00eda de la regi\u00f3n, que ya disfruta de amplias competencias en sanidad, educaci\u00f3n y seguridad. <\/p>\n","protected":false},"excerpt":{"rendered":"<p>[embedded content] INDULTOS A INDEPENDENTISTAS CATALANES El Gobierno espa\u00f1ol aprob\u00f3 este martes indultar a los nueve l\u00edderes separatistas catalanes encarcelados por el intento de secesi\u00f3n de 2017, con la meta de &#8220;restablecer la convivencia&#8221; en Catalu\u00f1a y en Espa\u00f1a e iniciar una &#8220;nueva etapa&#8221; que ponga fin al enfrentamiento, anunci\u00f3 el presidente del Gobierno, el [&hellip;]<\/p>\n","protected":false},"author":1,"featured_media":8706,"comment_status":"closed","ping_status":"closed","sticky":false,"template":"","format":"standard","meta":[],"categories":[24],"tags":[],"_links":{"self":[{"href":"http:\/\/cordobadirecto.com\/index.php\/wp-json\/wp\/v2\/posts\/8705"}],"collection":[{"href":"http:\/\/cordobadirecto.com\/index.php\/wp-json\/wp\/v2\/posts"}],"about":[{"href":"http:\/\/cordobadirecto.com\/index.php\/wp-json\/wp\/v2\/types\/post"}],"author":[{"embeddable":true,"href":"http:\/\/cordobadirecto.com\/index.php\/wp-json\/wp\/v2\/users\/1"}],"replies":[{"embeddable":true,"href":"http:\/\/cordobadirecto.com\/index.php\/wp-json\/wp\/v2\/comments?post=8705"}],"version-history":[{"count":0,"href":"http:\/\/cordobadirecto.com\/index.php\/wp-json\/wp\/v2\/posts\/8705\/revisions"}],"wp:featuredmedia":[{"embeddable":true,"href":"http:\/\/cordobadirecto.com\/index.php\/wp-json\/wp\/v2\/media\/8706"}],"wp:attachment":[{"href":"http:\/\/cordobadirecto.com\/index.php\/wp-json\/wp\/v2\/media?parent=8705"}],"wp:term":[{"taxonomy":"category","embeddable":true,"href":"http:\/\/cordobadirecto.com\/index.php\/wp-json\/wp\/v2\/categories?post=8705"},{"taxonomy":"post_tag","embeddable":true,"href":"http:\/\/cordobadirecto.com\/index.php\/wp-json\/wp\/v2\/tags?post=8705"}],"curies":[{"name":"wp","href":"https:\/\/api.w.org\/{rel}","templated":true}]}}