{"id":8736,"date":"2021-06-23T16:24:02","date_gmt":"2021-06-23T16:24:02","guid":{"rendered":"http:\/\/cordobadirecto.com\/index.php\/2021\/06\/23\/el-kun-aguero-anticipa-el-cumpleanos-de-messi-con-un-posteo-en-una-red-social\/"},"modified":"2021-06-23T16:24:02","modified_gmt":"2021-06-23T16:24:02","slug":"el-kun-aguero-anticipa-el-cumpleanos-de-messi-con-un-posteo-en-una-red-social","status":"publish","type":"post","link":"http:\/\/cordobadirecto.com\/index.php\/2021\/06\/23\/el-kun-aguero-anticipa-el-cumpleanos-de-messi-con-un-posteo-en-una-red-social\/","title":{"rendered":"El Kun Ag\u00fcero anticipa el cumplea\u00f1os de Messi con un posteo en una red social"},"content":{"rendered":"<div><img src=\"http:\/\/cordobadirecto.com\/wp-content\/uploads\/2021\/06\/el-kun-aguero-anticipa-el-cumpleanos-de-messi-con-un-posteo-en-una-red-social.jpg\" class=\"ff-og-image-inserted\"><\/div>\n<div class=\"data\" readability=\"7\">\n<p>23\/06\/2021 12:44 &#8211; Copa Am\u00e9rica 2021<\/p>\n<\/p><\/div>\n<h2>El Kun Ag\u00fcero anticip\u00f3 el cumplea\u00f1os de Messi con un posteo en una red social <\/h2>\n<p>El delantero subi\u00f3 una historia a su Instagram personal donde se lo ve al capitan del seleccionado argentino en la utiler\u00eda de la concentraci\u00f3n en el predio de Ezeiza y que tiene un texto que dice cari\u00f1osamente &#8220;ma\u00f1ana es tu cumple pa&#8221;.&nbsp;<\/p>\n","protected":false},"excerpt":{"rendered":"<p>23\/06\/2021 12:44 &#8211; Copa Am\u00e9rica 2021 El Kun Ag\u00fcero anticip\u00f3 el cumplea\u00f1os de Messi con un posteo en una red social El delantero subi\u00f3 una historia a su Instagram personal donde se lo ve al capitan del seleccionado argentino en la utiler\u00eda de la concentraci\u00f3n en el predio de Ezeiza y que tiene un texto [&hellip;]<\/p>\n","protected":false},"author":1,"featured_media":8737,"comment_status":"closed","ping_status":"closed","sticky":false,"template":"","format":"standard","meta":[],"categories":[21],"tags":[],"_links":{"self":[{"href":"http:\/\/cordobadirecto.com\/index.php\/wp-json\/wp\/v2\/posts\/8736"}],"collection":[{"href":"http:\/\/cordobadirecto.com\/index.php\/wp-json\/wp\/v2\/posts"}],"about":[{"href":"http:\/\/cordobadirecto.com\/index.php\/wp-json\/wp\/v2\/types\/post"}],"author":[{"embeddable":true,"href":"http:\/\/cordobadirecto.com\/index.php\/wp-json\/wp\/v2\/users\/1"}],"replies":[{"embeddable":true,"href":"http:\/\/cordobadirecto.com\/index.php\/wp-json\/wp\/v2\/comments?post=8736"}],"version-history":[{"count":0,"href":"http:\/\/cordobadirecto.com\/index.php\/wp-json\/wp\/v2\/posts\/8736\/revisions"}],"wp:featuredmedia":[{"embeddable":true,"href":"http:\/\/cordobadirecto.com\/index.php\/wp-json\/wp\/v2\/media\/8737"}],"wp:attachment":[{"href":"http:\/\/cordobadirecto.com\/index.php\/wp-json\/wp\/v2\/media?parent=8736"}],"wp:term":[{"taxonomy":"category","embeddable":true,"href":"http:\/\/cordobadirecto.com\/index.php\/wp-json\/wp\/v2\/categories?post=8736"},{"taxonomy":"post_tag","embeddable":true,"href":"http:\/\/cordobadirecto.com\/index.php\/wp-json\/wp\/v2\/tags?post=8736"}],"curies":[{"name":"wp","href":"https:\/\/api.w.org\/{rel}","templated":true}]}}