{"id":87370,"date":"2022-11-16T21:38:26","date_gmt":"2022-11-16T21:38:26","guid":{"rendered":"https:\/\/cordoba.gob.ar\/?p=36277"},"modified":"2022-11-16T21:38:26","modified_gmt":"2022-11-16T21:38:26","slug":"passerini-recorrio-el-avance-de-las-obras-en-plaza-de-las-americas","status":"publish","type":"post","link":"http:\/\/cordobadirecto.com\/index.php\/2022\/11\/16\/passerini-recorrio-el-avance-de-las-obras-en-plaza-de-las-americas\/","title":{"rendered":"Passerini recorri\u00f3 el avance de las obras en Plaza de las Am\u00e9ricas"},"content":{"rendered":"<div><img src=\"http:\/\/cordobadirecto.com\/wp-content\/uploads\/2022\/11\/passerini-recorrio-el-avance-de-las-obras-en-plaza-de-las-americas.jpg\" class=\"ff-og-image-inserted\"><\/div>\n<ul>\n<li><strong>La puesta en valor de este importante espacio verde de Nueva C\u00f3rdoba tiene un avance de obra del 60%.<\/strong><\/li>\n<li><strong>Adem\u00e1s de la plaza central, tambi\u00e9n se intervienen las plazoletas circundantes.<\/strong><\/li>\n<li><strong>Esta obra busca rescatar del abandono una plaza que se renovar\u00e1 completamente para todos los vecinos que circulan por Nueva C\u00f3rdoba y Ciudad Universitaria.<\/strong><\/li>\n<\/ul>\n<hr>\n<p>El viceintendente Daniel Passerini recorri\u00f3 la Plaza de las Am\u00e9ricas, junto con el secretario de Desarrollo Urbano, Daniel Rey.<\/p>\n<p>La intervenci\u00f3n en este espacio, que busca poner en valor nuevamente una plaza abandonada durante d\u00e9cadas, ya presenta un avance del 60 %.<\/p>\n<p>En la plaza central se efect\u00faan tareas de construcci\u00f3n de senderos y ciclov\u00edas, m\u00e1s la instalaci\u00f3n de luminaria y parquizaci\u00f3n.<\/p>\n<p>Adem\u00e1s, se est\u00e1 realizando una importante intervenci\u00f3n en las fuentes, donde se instala un escenario construido a partir de material reciclado.<\/p>\n<p>No solamente se interviene esta plaza, sino tambi\u00e9n las plazoletas circundantes: en ellas, la principal tarea comprende la colocaci\u00f3n de adoquines sobre la superficie.<\/p>\n<p>La recuperaci\u00f3n de la Plaza de las Am\u00e9ricas permitir\u00e1 a los vecinos volver a disfrutar de este sector y poder conectar peatones y ciclistas con una circulaci\u00f3n m\u00e1s fluida en la zona de Nueva C\u00f3rdoba y Ciudad Universitaria.<\/p>\n","protected":false},"excerpt":{"rendered":"<p>La puesta en valor de este importante espacio verde de Nueva C\u00f3rdoba tiene un avance de obra del 60%. Adem\u00e1s de la plaza central, tambi\u00e9n se intervienen las plazoletas circundantes. Esta obra busca rescatar del abandono una plaza que se renovar\u00e1 completamente para todos los vecinos que circulan por Nueva C\u00f3rdoba y Ciudad Universitaria. El [&hellip;]<\/p>\n","protected":false},"author":1,"featured_media":87371,"comment_status":"closed","ping_status":"closed","sticky":false,"template":"","format":"standard","meta":[],"categories":[44],"tags":[],"_links":{"self":[{"href":"http:\/\/cordobadirecto.com\/index.php\/wp-json\/wp\/v2\/posts\/87370"}],"collection":[{"href":"http:\/\/cordobadirecto.com\/index.php\/wp-json\/wp\/v2\/posts"}],"about":[{"href":"http:\/\/cordobadirecto.com\/index.php\/wp-json\/wp\/v2\/types\/post"}],"author":[{"embeddable":true,"href":"http:\/\/cordobadirecto.com\/index.php\/wp-json\/wp\/v2\/users\/1"}],"replies":[{"embeddable":true,"href":"http:\/\/cordobadirecto.com\/index.php\/wp-json\/wp\/v2\/comments?post=87370"}],"version-history":[{"count":0,"href":"http:\/\/cordobadirecto.com\/index.php\/wp-json\/wp\/v2\/posts\/87370\/revisions"}],"wp:featuredmedia":[{"embeddable":true,"href":"http:\/\/cordobadirecto.com\/index.php\/wp-json\/wp\/v2\/media\/87371"}],"wp:attachment":[{"href":"http:\/\/cordobadirecto.com\/index.php\/wp-json\/wp\/v2\/media?parent=87370"}],"wp:term":[{"taxonomy":"category","embeddable":true,"href":"http:\/\/cordobadirecto.com\/index.php\/wp-json\/wp\/v2\/categories?post=87370"},{"taxonomy":"post_tag","embeddable":true,"href":"http:\/\/cordobadirecto.com\/index.php\/wp-json\/wp\/v2\/tags?post=87370"}],"curies":[{"name":"wp","href":"https:\/\/api.w.org\/{rel}","templated":true}]}}