{"id":8740,"date":"2021-06-23T16:24:20","date_gmt":"2021-06-23T16:24:20","guid":{"rendered":"http:\/\/cordobadirecto.com\/index.php\/2021\/06\/23\/maria-rosa-yorio-presentara-la-nueva-edicion-de-unisono-por-la-tv-publica\/"},"modified":"2021-06-23T16:24:20","modified_gmt":"2021-06-23T16:24:20","slug":"maria-rosa-yorio-presentara-la-nueva-edicion-de-unisono-por-la-tv-publica","status":"publish","type":"post","link":"http:\/\/cordobadirecto.com\/index.php\/2021\/06\/23\/maria-rosa-yorio-presentara-la-nueva-edicion-de-unisono-por-la-tv-publica\/","title":{"rendered":"Mar\u00eda Rosa Yorio presentar\u00e1 la nueva edici\u00f3n de &#8220;Un\u00edsono&#8221; por la TV P\u00fablica"},"content":{"rendered":"<div class=\"image\" id=\"image\" readability=\"10\"> <img src=\"http:\/\/cordobadirecto.com\/wp-content\/uploads\/2021\/06\/maria-rosa-yorio-presentara-la-nueva-edicion-de-unisono-por-la-tv-publica.jpg\" alt=\"Mar\u00eda Rosa Yorio ser\u00e1 quien presente este s\u00e1bado 26 de junio, en el horario especial de las 18, &quot;Un\u00edsono&quot;.\" title=\"Mar\u00eda Rosa Yorio ser\u00e1 quien presente este s\u00e1bado 26 de junio, en el horario especial de las 18, &quot;Un\u00edsono&quot;.\"><\/p>\n<p>Mar\u00eda Rosa Yorio ser\u00e1 quien presente este s\u00e1bado 26 de junio, en el horario especial de las 18, &#8220;Un\u00edsono&#8221;.<\/p>\n<\/div>\n<p>&nbsp;<br \/>La cantante <strong>Mar\u00eda Rosa Yorio presentar\u00e1 este s\u00e1bado 26 de junio, en el horario especial de las 18, &#8220;Un\u00edsono&#8221;<\/strong>, el programa realizado por el Instituto Nacional de la M\u00fasica (Inamu) y emitido por la TV P\u00fablica, en el que artistas de todo el pa\u00eds comparten sus trabajos.<\/p>\n<p>Esta entrega <strong>contar\u00e1 con la participaci\u00f3n<\/strong> Muli\u00f1an, de Santa Fe; Victoria Cataldi y Eloy Notario, de Salta; Lalo Alem\u00e1n, de la Ciudad de Buenos Aires; Elipses, de San Luis; Tripas Calientes, de Tucum\u00e1n; y El Ant\u00eddoto, de la Provincia de Buenos Aires.<\/p>\n<p>En tanto, en la <strong>secci\u00f3n &#8220;Revelador&#8221;<\/strong>, en la que se suelen ver rarezas, habr\u00e1 un momento especial que<strong> unir\u00e1 al astro futbol\u00edstico Diego Armando Maradona, con el genial Astor Piazzolla y Jairo<\/strong>.<\/p>\n<p>A lo largo de 71 emisiones, el ciclo que se puso en marcha al inicio de la pandemia de coronavirus cont\u00f3 con m\u00e1s de 510 grupos y solistas de todo el territorio nacional de los m\u00e1s variados estilos. <\/p>\n","protected":false},"excerpt":{"rendered":"<p>Mar\u00eda Rosa Yorio ser\u00e1 quien presente este s\u00e1bado 26 de junio, en el horario especial de las 18, &#8220;Un\u00edsono&#8221;. &nbsp;La cantante Mar\u00eda Rosa Yorio presentar\u00e1 este s\u00e1bado 26 de junio, en el horario especial de las 18, &#8220;Un\u00edsono&#8221;, el programa realizado por el Instituto Nacional de la M\u00fasica (Inamu) y emitido por la TV P\u00fablica, [&hellip;]<\/p>\n","protected":false},"author":1,"featured_media":8741,"comment_status":"closed","ping_status":"closed","sticky":false,"template":"","format":"standard","meta":[],"categories":[20],"tags":[],"_links":{"self":[{"href":"http:\/\/cordobadirecto.com\/index.php\/wp-json\/wp\/v2\/posts\/8740"}],"collection":[{"href":"http:\/\/cordobadirecto.com\/index.php\/wp-json\/wp\/v2\/posts"}],"about":[{"href":"http:\/\/cordobadirecto.com\/index.php\/wp-json\/wp\/v2\/types\/post"}],"author":[{"embeddable":true,"href":"http:\/\/cordobadirecto.com\/index.php\/wp-json\/wp\/v2\/users\/1"}],"replies":[{"embeddable":true,"href":"http:\/\/cordobadirecto.com\/index.php\/wp-json\/wp\/v2\/comments?post=8740"}],"version-history":[{"count":0,"href":"http:\/\/cordobadirecto.com\/index.php\/wp-json\/wp\/v2\/posts\/8740\/revisions"}],"wp:featuredmedia":[{"embeddable":true,"href":"http:\/\/cordobadirecto.com\/index.php\/wp-json\/wp\/v2\/media\/8741"}],"wp:attachment":[{"href":"http:\/\/cordobadirecto.com\/index.php\/wp-json\/wp\/v2\/media?parent=8740"}],"wp:term":[{"taxonomy":"category","embeddable":true,"href":"http:\/\/cordobadirecto.com\/index.php\/wp-json\/wp\/v2\/categories?post=8740"},{"taxonomy":"post_tag","embeddable":true,"href":"http:\/\/cordobadirecto.com\/index.php\/wp-json\/wp\/v2\/tags?post=8740"}],"curies":[{"name":"wp","href":"https:\/\/api.w.org\/{rel}","templated":true}]}}