{"id":8742,"date":"2021-06-23T16:03:02","date_gmt":"2021-06-23T16:03:02","guid":{"rendered":"https:\/\/www.espinof.com\/series-de-ficcion\/netflix-cancela-blackaf-pese-a-haberla-renovado-previamente-serie-no-tendra-temporada-2-podria-convertirse-saga-peliculas"},"modified":"2021-06-23T16:03:02","modified_gmt":"2021-06-23T16:03:02","slug":"netflix-cancela-blackaf-pese-a-haberla-renovado-previamente-la-serie-no-tendra-temporada-2-pero-podria-convertirse-en-una-saga-de-peliculas","status":"publish","type":"post","link":"http:\/\/cordobadirecto.com\/index.php\/2021\/06\/23\/netflix-cancela-blackaf-pese-a-haberla-renovado-previamente-la-serie-no-tendra-temporada-2-pero-podria-convertirse-en-una-saga-de-peliculas\/","title":{"rendered":"Netflix cancela &#8216;#blackAF&#8217; pese a haberla renovado previamente: la serie no tendr\u00e1 temporada 2 pero podr\u00eda convertirse en una saga de pel\u00edculas"},"content":{"rendered":"<p><a href=\"https:\/\/www.espinof.com\/categoria\/netflix\">Netflix<\/a> ha decidido no seguir adelante con sus planes para hacer una segunda temporada de <a href=\"https:\/\/www.sensacine.com\/series\/serie-25129\/\">&#8216;#blackAF&#8217;<\/a>, <strong>cancelando la serie creada por Kenya Barris<\/strong>. Eso s\u00ed, esto no supone su completa desaparici\u00f3n, ya que la plataforma est\u00e1 buscando darle un giro de tuerca al formato para convertirlo en una saga de pel\u00edculas.<\/p>\n<p><!-- BREAK 1 --><\/p>\n<h2>Cambio de rumbo<\/h2>\n<p>Desde <a href=\"https:\/\/tvline.com\/2021\/06\/23\/blackaf-cancelled-season-2-netflix-movies-kenya-barris\/\">Tv Line<\/a> informan que ya hay dos pel\u00edculas independientes en una fase temprana de desarrollo, una situada en M\u00e9xico y la otra en Brasil. Lo que no est\u00e1 muy claro es cu\u00e1l va a ser la implicaci\u00f3n real en el proyecto de Barris, quien decidi\u00f3 poner punto y final a su acuerdo con Netflix antes de tiempo para fichar por <strong>ViacomCBS<\/strong>.<\/p>\n<p><!-- BREAK 2 --> <\/p>\n<div class=\"article-asset article-asset-normal article-asset-center\">\n<div class=\"desvio-container\">\n<div class=\"desvio\">\n<div class=\"desvio-figure js-desvio-figure\"> <a href=\"https:\/\/www.espinof.com\/listas\/mejores-peliculas-netflix-2021\"> <img alt=\"Las 11 mejores pel\u00edculas de Netflix en 2021 (por ahora)\" src=\"http:\/\/cordobadirecto.com\/wp-content\/uploads\/2021\/06\/netflix-cancela-blackaf-pese-a-haberla-renovado-previamente-la-serie-no-tendra-temporada-2-pero-podria-convertirse-en-una-saga-de-peliculas.jpg\"> <\/a> <\/div><\/div><\/div>\n<\/div>\n<p>&#8216;#blackAF&#8217; era una serie de corte semi-autobiogr\u00e1fico en la que Barris daba vida a <strong>una versi\u00f3n ficcionada de s\u00ed mismo<\/strong>. La primera temporada, que estaba dividida en ocho episodios, se estren\u00f3 en abril de 2020, anunci\u00e1ndose en junio de ese mismo a\u00f1o su renovaci\u00f3n por una segunda tanda de episodios que finalmente no llegar\u00e1 a hacerse.<\/p>\n<p><!-- BREAK 3 --><\/p>\n<p><strong>Rashida Jones<\/strong>, Iman Benson y Genneya Walton acompa\u00f1aron a Barris al frente del reparto, desconoci\u00e9ndose tambi\u00e9n si continuar\u00e1n en esta reimaginaci\u00f3n en forma de saga de pel\u00edculas que ha puesto en marcha Netflix. Tampoco os sorprenda si la cosa se queda finalmente en nada.<\/p>\n<p><!-- BREAK 4 --><\/p>\n<p>V\u00eda | <a href=\"https:\/\/www.hollywoodreporter.com\/tv\/tv-features\/kenya-barris-studio-netflix-1234971965\/\">The Hollywood Reporter<\/a><\/p>\n<p><!-- BREAK 5 --> <\/p>\n","protected":false},"excerpt":{"rendered":"<p>Netflix ha decidido no seguir adelante con sus planes para hacer una segunda temporada de &#8216;#blackAF&#8217;, cancelando la serie creada por Kenya Barris. Eso s\u00ed, esto no supone su completa desaparici\u00f3n, ya que la plataforma est\u00e1 buscando darle un giro de tuerca al formato para convertirlo en una saga de pel\u00edculas. Cambio de rumbo Desde [&hellip;]<\/p>\n","protected":false},"author":1,"featured_media":8743,"comment_status":"closed","ping_status":"closed","sticky":false,"template":"","format":"standard","meta":[],"categories":[17],"tags":[],"_links":{"self":[{"href":"http:\/\/cordobadirecto.com\/index.php\/wp-json\/wp\/v2\/posts\/8742"}],"collection":[{"href":"http:\/\/cordobadirecto.com\/index.php\/wp-json\/wp\/v2\/posts"}],"about":[{"href":"http:\/\/cordobadirecto.com\/index.php\/wp-json\/wp\/v2\/types\/post"}],"author":[{"embeddable":true,"href":"http:\/\/cordobadirecto.com\/index.php\/wp-json\/wp\/v2\/users\/1"}],"replies":[{"embeddable":true,"href":"http:\/\/cordobadirecto.com\/index.php\/wp-json\/wp\/v2\/comments?post=8742"}],"version-history":[{"count":0,"href":"http:\/\/cordobadirecto.com\/index.php\/wp-json\/wp\/v2\/posts\/8742\/revisions"}],"wp:featuredmedia":[{"embeddable":true,"href":"http:\/\/cordobadirecto.com\/index.php\/wp-json\/wp\/v2\/media\/8743"}],"wp:attachment":[{"href":"http:\/\/cordobadirecto.com\/index.php\/wp-json\/wp\/v2\/media?parent=8742"}],"wp:term":[{"taxonomy":"category","embeddable":true,"href":"http:\/\/cordobadirecto.com\/index.php\/wp-json\/wp\/v2\/categories?post=8742"},{"taxonomy":"post_tag","embeddable":true,"href":"http:\/\/cordobadirecto.com\/index.php\/wp-json\/wp\/v2\/tags?post=8742"}],"curies":[{"name":"wp","href":"https:\/\/api.w.org\/{rel}","templated":true}]}}