{"id":8770,"date":"2021-06-23T14:43:00","date_gmt":"2021-06-23T14:43:00","guid":{"rendered":"http:\/\/cordobadirecto.com\/index.php\/2021\/06\/23\/las-leyes-homofobicas-de-hungria-generan-rechazo-en-europa-y-dejan-en-offside-a-la-uefa\/"},"modified":"2021-06-23T14:43:00","modified_gmt":"2021-06-23T14:43:00","slug":"las-leyes-homofobicas-de-hungria-generan-rechazo-en-europa-y-dejan-en-offside-a-la-uefa","status":"publish","type":"post","link":"http:\/\/cordobadirecto.com\/index.php\/2021\/06\/23\/las-leyes-homofobicas-de-hungria-generan-rechazo-en-europa-y-dejan-en-offside-a-la-uefa\/","title":{"rendered":"Las leyes homof\u00f3bicas de Hungr\u00eda generan rechazo en Europa y dejan en offside a la UEFA"},"content":{"rendered":"<div class=\"image\" id=\"image\" readability=\"8\"> <img src=\"http:\/\/cordobadirecto.com\/wp-content\/uploads\/2021\/06\/las-leyes-homofobicas-de-hungria-generan-rechazo-en-europa-y-dejan-en-offside-a-la-uefa.jpg\" alt=\"Fuertes cr\u00edticas a la UEFA por no permitir una protesta en contra de las leyes homof\u00f3bicas de Hungr\u00eda. \" title=\"Fuertes cr\u00edticas a la UEFA por no permitir una protesta en contra de las leyes homof\u00f3bicas de Hungr\u00eda. \"><\/p>\n<p>Fuertes cr\u00edticas a la UEFA por no permitir una protesta en contra de las leyes homof\u00f3bicas de Hungr\u00eda. <\/p>\n<\/div>\n<p>Ciudades, compa\u00f1\u00edas y diarios alemanes desplegaron este mi\u00e9rcoles en sus calles, cuentas de Twitter y ediciones los colores del colectivo LGBTIQ+ antes de un partido de f\u00fatbol entre Alemania y Hungr\u00eda y en <strong>rechazo a leyes discriminatorias de la homosexualidad promulgadas por el Gobierno h\u00fangaro<\/strong>.<\/p>\n<p>La decisi\u00f3n llega despu\u00e9s de que la UEFA fuera tambi\u00e9n blanco de fuertes cr\u00edticas por <strong>rechazar una petici\u00f3n de Alemania de iluminar con los colores de la bandera del orgullo gay el estadio de la ciudad de M\u00fanich<\/strong> donde los seleccionados alem\u00e1n y h\u00fangaro se enfrentar\u00e1n este mi\u00e9rcoles a la noche por la fase de grupos de la Eurocopa.<\/p>\n<p>La bandera, que lleva los colores del arco iris, apreci\u00f3 por primera vez en 1978 y est\u00e1 inspirada en la canci\u00f3n &#8220;Over the Rainbow&#8221;.<\/p>\n<p>El rojo representa la vida, el naranja la salud, el amarillo al sol, el verde representa a la naturaleza, azul significa serenidad y por \u00faltimo el morado, que representa la espiritualidad.<\/p>\n<p>Al denegar a la ciudad de M\u00fanich, capital del estado alem\u00e1n de Baviera, su solicitud para iluminar su estadio con los colores de la bandera, la UEFA desencaden\u00f3 las cr\u00edticas y suscit\u00f3 un movimiento de solidaridad en Alemania.<\/p>\n<p>La urbe b\u00e1vara pretend\u00eda protestar contra una ley aprobada a mediados de junio en Hungr\u00eda, a iniciativa del partido del primer ministro <strong>Viktor Orban<\/strong>, que proh\u00edbe la difusi\u00f3n delante de menores de contenidos sobre la homosexualidad, as\u00ed como otras leyes discriminatorias del colectivo LGBT.<\/p>\n<p>Varios estadios de f\u00fatbol de Alemania ser\u00e1n as\u00ed iluminados de la misma forma, de Frankfurt a Colonia, pasando por Wolfsburgo, Augsburgo, y el estadio ol\u00edmpico de Berl\u00edn.<\/p>\n<p>Varios peri\u00f3dicos alemanes, como el S\u00fcddeutsche Zeitung, se adhirieron al movimiento con sus portadas coloreadas. Los pesos pesados de la econom\u00eda b\u00e1vara, Siemens o BMW, tambi\u00e9n lucieron en Twitter los colores arco\u00edris.<\/p>\n<div class=\"js-code\" readability=\"5.8415492957746\">\n<blockquote class=\"twitter-tweet\" readability=\"5.8415492957746\">\n<p lang=\"de\" dir=\"ltr\">Nun darf die M\u00fcnchner Fu\u00dfballarena doch nicht in bunten Farben erstrahlen. Die ungarische Regierung h\u00e4tte sich dar\u00fcber zu sehr aufgeregt. <a href=\"https:\/\/twitter.com\/MartinZips?ref_src=twsrc%5Etfw\">@MartinZips<\/a> \u00fcber die Wirkung des Regenbogens heute und in der Geschichte. <a href=\"https:\/\/t.co\/GivT93BO2U\">https:\/\/t.co\/GivT93BO2U<\/a><\/p>\n<p>\u2014 S\u00fcddeutsche Zeitung (@SZ) <a href=\"https:\/\/twitter.com\/SZ\/status\/1407532869564702724?ref_src=twsrc%5Etfw\">June 23, 2021<\/a><\/p><\/blockquote><\/div>\n<p>La empresa de ferrocarriles Deutsche Bahn hizo lo mismo con una de sus locomotoras mostrando un eslogan de promoci\u00f3n de la diversidad.<\/p>\n<p>La UEFA asegur\u00f3 compartir por completo los valores de tolerancia promovidos por esta iniciativa, pero en tanto &#8220;organizaci\u00f3n pol\u00edtica y religiosamente neutra&#8221;, dijo que rechazaba dar pie a un mensaje dirigido espec\u00edficamente a un pa\u00eds o a un Gobierno.<\/p>\n<p>La decisi\u00f3n de la UEFA fue saludada por el Gobierno de Orban.<\/p>\n<p>&#8220;Gracias a Dios, los dirigentes del f\u00fatbol europeo dieron prueba de sentido com\u00fan (&#8230;) al no participar en lo que habr\u00eda sido una provocaci\u00f3n pol\u00edtica hacia Hungr\u00eda&#8221;, expres\u00f3 el canciller h\u00fangaro, <strong>Peter Szijjarto<\/strong>.<\/p>\n<p>Pero caus\u00f3 una ola de indignaci\u00f3n en Alemania y en el conjunto de Europa.<\/p>\n<p>&#8220;La ley es una verg\u00fcenza. Claramente discrimina a personas con base a su orientaci\u00f3n sexual. Y lo hace en contra de valores fundamentales de la Uni\u00f3n Europea&#8221;, dijo la presidenta de la Comisi\u00f3n Europea, Ursula von der Leyen.<\/p>\n<blockquote readability=\"6\">\n<p>&#8220;La ley es una verg\u00fcenza. Claramente discrimina a personas con base a su orientaci\u00f3n sexual. Y lo hace en contra de valores fundamentales de la Uni\u00f3n Europea&#8221;<span class=\"comilla\">\u201d<\/span><\/p>\n<p><span>Ursula von der Leyen<\/span><\/p>\n<\/blockquote>\n<p> &nbsp;<br \/>\nEn t\u00e9rminos parecidos se expres\u00f3 el alcalde de M\u00fanich, el socialdem\u00f3crata Dieter Reiter.<\/p>\n<p>&#8220;Encuentro vergonzoso que la UEFA nos proh\u00edba, aqu\u00ed en M\u00fanich, enviar una se\u00f1al por el cosmopolitismo, la tolerancia, el respeto y la solidaridad con las personas de la comunidad LGTB&#8221;, denunci\u00f3, inform\u00f3 la agencia de noticias AFP.<\/p>\n<p>&#8220;Es verdad, un campo de f\u00fatbol no tiene nada que ver con la pol\u00edtica. Se trata de personas, de igualdad, de tolerancia. Y por eso la UEFA ha enviado un mensaje equivocado&#8221;, insisti\u00f3 el ministro de Relaciones Exteriores alem\u00e1n, <strong>Heiko Maas<\/strong>.<\/p>\n<p>&#8220;La UEFA se enred\u00f3 un poco porque de hecho su decisi\u00f3n de rechazo es tambi\u00e9n una decisi\u00f3n pol\u00edtica&#8221;, lament\u00f3 por su parte <strong>Cl\u00e9ment Beaune<\/strong>, secretario de Estado de Asuntos Europeos franc\u00e9s.<\/p>\n<p>La cadena de televisi\u00f3n p\u00fablica alemana ARD habl\u00f3 de un &#8220;gol en contra&#8221; marcado por la UEFA.<\/p>\n<p>La UEFA se mantuvo firme con su postura, aunque luego de la pol\u00e9mica sorprendi\u00f3 al vestir con los colores del arcos iris su propio logo de Twitter y en un giro virtual reafirm\u00f3 su &#8220;fuerte compromiso&#8221; contra la homofobia.<\/p>\n","protected":false},"excerpt":{"rendered":"<p>Fuertes cr\u00edticas a la UEFA por no permitir una protesta en contra de las leyes homof\u00f3bicas de Hungr\u00eda. Ciudades, compa\u00f1\u00edas y diarios alemanes desplegaron este mi\u00e9rcoles en sus calles, cuentas de Twitter y ediciones los colores del colectivo LGBTIQ+ antes de un partido de f\u00fatbol entre Alemania y Hungr\u00eda y en rechazo a leyes discriminatorias [&hellip;]<\/p>\n","protected":false},"author":1,"featured_media":8771,"comment_status":"closed","ping_status":"closed","sticky":false,"template":"","format":"standard","meta":[],"categories":[24],"tags":[],"_links":{"self":[{"href":"http:\/\/cordobadirecto.com\/index.php\/wp-json\/wp\/v2\/posts\/8770"}],"collection":[{"href":"http:\/\/cordobadirecto.com\/index.php\/wp-json\/wp\/v2\/posts"}],"about":[{"href":"http:\/\/cordobadirecto.com\/index.php\/wp-json\/wp\/v2\/types\/post"}],"author":[{"embeddable":true,"href":"http:\/\/cordobadirecto.com\/index.php\/wp-json\/wp\/v2\/users\/1"}],"replies":[{"embeddable":true,"href":"http:\/\/cordobadirecto.com\/index.php\/wp-json\/wp\/v2\/comments?post=8770"}],"version-history":[{"count":0,"href":"http:\/\/cordobadirecto.com\/index.php\/wp-json\/wp\/v2\/posts\/8770\/revisions"}],"wp:featuredmedia":[{"embeddable":true,"href":"http:\/\/cordobadirecto.com\/index.php\/wp-json\/wp\/v2\/media\/8771"}],"wp:attachment":[{"href":"http:\/\/cordobadirecto.com\/index.php\/wp-json\/wp\/v2\/media?parent=8770"}],"wp:term":[{"taxonomy":"category","embeddable":true,"href":"http:\/\/cordobadirecto.com\/index.php\/wp-json\/wp\/v2\/categories?post=8770"},{"taxonomy":"post_tag","embeddable":true,"href":"http:\/\/cordobadirecto.com\/index.php\/wp-json\/wp\/v2\/tags?post=8770"}],"curies":[{"name":"wp","href":"https:\/\/api.w.org\/{rel}","templated":true}]}}