{"id":8772,"date":"2021-06-23T15:51:00","date_gmt":"2021-06-23T15:51:00","guid":{"rendered":"https:\/\/notepeines.com.ar\/?p=2459"},"modified":"2021-06-23T15:51:00","modified_gmt":"2021-06-23T15:51:00","slug":"la-perdida-de-horacio-gonzalez-pensamiento-y-gestion-cultural","status":"publish","type":"post","link":"http:\/\/cordobadirecto.com\/index.php\/2021\/06\/23\/la-perdida-de-horacio-gonzalez-pensamiento-y-gestion-cultural\/","title":{"rendered":"La p\u00e9rdida de Horacio Gonz\u00e1lez: pensamiento y gesti\u00f3n cultural"},"content":{"rendered":"<div><img src=\"http:\/\/cordobadirecto.com\/wp-content\/uploads\/2021\/06\/la-perdida-de-horacio-gonzalez-pensamiento-y-gestion-cultural.jpg\" class=\"ff-og-image-inserted\"><\/div>\n<p>Para Leer<\/p>\n<p>La p\u00e9rdida de Horacio Gonz\u00e1lez: pensamiento y gesti\u00f3n cultural<\/p>\n<p>El llanto no tiene consuelo. Su partida trae r\u00e1pidamente el recuerdo de una gesti\u00f3n al frente de la Biblioteca Nacional cuyo recuerdo perdurar\u00e1 en el tiempo.<\/p>\n<p>Se fue <strong>Horacio Gonz\u00e1lez<\/strong>, uno de los integrantes del grupo Carta Abierta, intelectuales que defendieron el ideario del gobierno nacional durante el kirchnerismo.<\/p>\n<p>Pero fue mucho m\u00e1s que eso. Soci\u00f3logo y ensayista, fue hasta sus \u00faltimos d\u00edas docente en la Facultad de Facultad de Ciencias Sociales de la Universidad de Buenos Aires (UBA), en las carreras de Sociolog\u00eda y Ciencia Pol\u00edtica.<\/p>\n<p>Se lo recuerda por tomar ex\u00e1menes a sus estudiantes durante viajes en tren o actitudes como llegar tarde a una clase y permanecer entre el alumnado todo el dictado. Militante peronista desde su juventud, debi\u00f3 exiliarse en Brasil en 1976, cuando comenz\u00f3 la \u00faltima dictadura c\u00edvico-militar en el pa\u00eds.<\/p>\n<figure class=\"wp-block-embed is-type-rich is-provider-soundcloud wp-block-embed-soundcloud wp-embed-aspect-4-3 wp-has-aspect-ratio\"><figcaption><a href=\"https:\/\/soundcloud.com\/cba24ntv\/horacio-gonzalez\">Horacio Gonz\u00e1lez en FM 102.3 \u00abM\u00e1s que m\u00fasica\u00bb, de C\u00f3rdoba<\/a><\/figcaption><\/figure>\n<p>Se hab\u00eda contagiado de coronavirus y lo hab\u00eda superado. Pero una infecci\u00f3n intrahospitalaria desgast\u00f3 su salud hasta la muerte.<\/p>\n<p>El \u00faltimo 24 de marzo brind\u00f3 una entrevista al programa radial \u2018Mir\u00e1 Quien Habla\u2019, de FM 102.3 de C\u00f3rdoba. All\u00ed revitaliz\u00f3 la lucha por los Derechos Humanos y hab\u00eda mostrado su \u00abpreocupaci\u00f3n\u00bb por una pandemia que azota al pa\u00eds. Se vacun\u00f3 reci\u00e9n una semana despu\u00e9s de aquella charla.<\/p>\n<p>Conocida la noticia de su muerte, la escritora Eugenia Almeida realiz\u00f3 un repaso de cuando Gonz\u00e1lez estuvo al frente de la Biblioteca.<\/p>\n<figure class=\"wp-block-embed is-type-rich is-provider-soundcloud wp-block-embed-soundcloud wp-embed-aspect-4-3 wp-has-aspect-ratio\"><\/figure>\n","protected":false},"excerpt":{"rendered":"<p>Para Leer La p\u00e9rdida de Horacio Gonz\u00e1lez: pensamiento y gesti\u00f3n cultural El llanto no tiene consuelo. Su partida trae r\u00e1pidamente el recuerdo de una gesti\u00f3n al frente de la Biblioteca Nacional cuyo recuerdo perdurar\u00e1 en el tiempo. Se fue Horacio Gonz\u00e1lez, uno de los integrantes del grupo Carta Abierta, intelectuales que defendieron el ideario del [&hellip;]<\/p>\n","protected":false},"author":1,"featured_media":8773,"comment_status":"open","ping_status":"closed","sticky":false,"template":"","format":"standard","meta":[],"categories":[19],"tags":[],"_links":{"self":[{"href":"http:\/\/cordobadirecto.com\/index.php\/wp-json\/wp\/v2\/posts\/8772"}],"collection":[{"href":"http:\/\/cordobadirecto.com\/index.php\/wp-json\/wp\/v2\/posts"}],"about":[{"href":"http:\/\/cordobadirecto.com\/index.php\/wp-json\/wp\/v2\/types\/post"}],"author":[{"embeddable":true,"href":"http:\/\/cordobadirecto.com\/index.php\/wp-json\/wp\/v2\/users\/1"}],"replies":[{"embeddable":true,"href":"http:\/\/cordobadirecto.com\/index.php\/wp-json\/wp\/v2\/comments?post=8772"}],"version-history":[{"count":0,"href":"http:\/\/cordobadirecto.com\/index.php\/wp-json\/wp\/v2\/posts\/8772\/revisions"}],"wp:featuredmedia":[{"embeddable":true,"href":"http:\/\/cordobadirecto.com\/index.php\/wp-json\/wp\/v2\/media\/8773"}],"wp:attachment":[{"href":"http:\/\/cordobadirecto.com\/index.php\/wp-json\/wp\/v2\/media?parent=8772"}],"wp:term":[{"taxonomy":"category","embeddable":true,"href":"http:\/\/cordobadirecto.com\/index.php\/wp-json\/wp\/v2\/categories?post=8772"},{"taxonomy":"post_tag","embeddable":true,"href":"http:\/\/cordobadirecto.com\/index.php\/wp-json\/wp\/v2\/tags?post=8772"}],"curies":[{"name":"wp","href":"https:\/\/api.w.org\/{rel}","templated":true}]}}