{"id":8782,"date":"2021-06-23T03:00:00","date_gmt":"2021-06-23T03:00:00","guid":{"rendered":"http:\/\/cordobadirecto.com\/index.php\/2021\/06\/23\/rechazo-del-agro-de-cordoba-y-amenaza-de-conflicto-inminente\/"},"modified":"2021-06-23T03:00:00","modified_gmt":"2021-06-23T03:00:00","slug":"rechazo-del-agro-de-cordoba-y-amenaza-de-conflicto-inminente","status":"publish","type":"post","link":"http:\/\/cordobadirecto.com\/index.php\/2021\/06\/23\/rechazo-del-agro-de-cordoba-y-amenaza-de-conflicto-inminente\/","title":{"rendered":"Rechazo del agro de <b>C\u00f3rdoba<\/b> y amenaza de conflicto inminente"},"content":{"rendered":"<p>Rechazo del agro de <b>C\u00f3rdoba<\/b> y amenaza de conflicto inminente &#8230; Los referentes de las entidades agropecuarias de <b>C\u00f3rdoba<\/b> salieron ayer a &#8230; el Plan Ganadero lanzado por el gobierno nacional y el <b>nuevo<\/b> esquema para &#8230; Informaci\u00f3n General &middot; Gente &middot; <b>Econom\u00eda<\/b> &middot; Opini\u00f3n &middot; Deportes &middot; Espect\u00e1culos&nbsp;&#8230; <\/p>\n","protected":false},"excerpt":{"rendered":"<p>Rechazo del agro de C\u00f3rdoba y amenaza de conflicto inminente &#8230; Los referentes de las entidades agropecuarias de C\u00f3rdoba salieron ayer a &#8230; el Plan Ganadero lanzado por el gobierno nacional y el nuevo esquema para &#8230; Informaci\u00f3n General &middot; Gente &middot; Econom\u00eda &middot; Opini\u00f3n &middot; Deportes &middot; Espect\u00e1culos&nbsp;&#8230;<\/p>\n","protected":false},"author":1,"featured_media":0,"comment_status":"closed","ping_status":"closed","sticky":false,"template":"","format":"standard","meta":[],"categories":[40],"tags":[],"_links":{"self":[{"href":"http:\/\/cordobadirecto.com\/index.php\/wp-json\/wp\/v2\/posts\/8782"}],"collection":[{"href":"http:\/\/cordobadirecto.com\/index.php\/wp-json\/wp\/v2\/posts"}],"about":[{"href":"http:\/\/cordobadirecto.com\/index.php\/wp-json\/wp\/v2\/types\/post"}],"author":[{"embeddable":true,"href":"http:\/\/cordobadirecto.com\/index.php\/wp-json\/wp\/v2\/users\/1"}],"replies":[{"embeddable":true,"href":"http:\/\/cordobadirecto.com\/index.php\/wp-json\/wp\/v2\/comments?post=8782"}],"version-history":[{"count":0,"href":"http:\/\/cordobadirecto.com\/index.php\/wp-json\/wp\/v2\/posts\/8782\/revisions"}],"wp:attachment":[{"href":"http:\/\/cordobadirecto.com\/index.php\/wp-json\/wp\/v2\/media?parent=8782"}],"wp:term":[{"taxonomy":"category","embeddable":true,"href":"http:\/\/cordobadirecto.com\/index.php\/wp-json\/wp\/v2\/categories?post=8782"},{"taxonomy":"post_tag","embeddable":true,"href":"http:\/\/cordobadirecto.com\/index.php\/wp-json\/wp\/v2\/tags?post=8782"}],"curies":[{"name":"wp","href":"https:\/\/api.w.org\/{rel}","templated":true}]}}