{"id":8790,"date":"2021-06-23T21:27:07","date_gmt":"2021-06-23T21:27:07","guid":{"rendered":"https:\/\/cordoba.gob.ar\/?p=10479"},"modified":"2021-06-23T21:27:07","modified_gmt":"2021-06-23T21:27:07","slug":"la-municipalidad-da-a-conocer-los-resultados-del-programa-obrar-2021","status":"publish","type":"post","link":"http:\/\/cordobadirecto.com\/index.php\/2021\/06\/23\/la-municipalidad-da-a-conocer-los-resultados-del-programa-obrar-2021\/","title":{"rendered":"La Municipalidad da a conocer los resultados del Programa Obrar 2021"},"content":{"rendered":"<div><img src=\"http:\/\/cordobadirecto.com\/wp-content\/uploads\/2021\/06\/la-municipalidad-da-a-conocer-los-resultados-del-programa-obrar-2021.jpg\" class=\"ff-og-image-inserted\"><\/div>\n<p>Enmarcado en el plan Fondos de Fomento para la actividad cultural, la Subsecretar\u00eda de Cultura, dependiente de la Secretar\u00eda de Gobierno de la Municipalidad de C\u00f3rdoba, comunica los resultados de la convocatoria Programa Obrar 2021, el cual contempla un fondo econ\u00f3mico para la producci\u00f3n de artes visuales y a su vez promover, estimular y difundir proyectos art\u00edsticos de car\u00e1cter colectivo con \u00e9nfasis en el desarrollo de procesos creativos.<\/p>\n<p>El llamado, abierto desde el 10 de mayo hasta el 2 de junio, recibi\u00f3 18 trabajos de los que se seleccionaron 10 proyectos de colectivos de artistas, siendo beneficiarios cada uno, con un fondo de producci\u00f3n de 55.000 pesos. Dicha selecci\u00f3n, se llev\u00f3 a cabo en funci\u00f3n de los criterios establecidos por una comisi\u00f3n formada por Beatriz del Valle Scolamieri, en representaci\u00f3n de la Universidad Provincial de C\u00f3rdoba; Micaela Trocello, representando a la Universidad Nacional de C\u00f3rdoba; y Gisella Mailen Scotta, beneficiaria del Programa Obrar 2020.<\/p>\n<p>El Programa Obrar, forma parte de un conjunto de 15 convocatorias correspondientes al ciclo Fondos de Fomento 2021, orientadas al desarrollo de actividades editoriales, audiovisuales, artesanales, dise\u00f1o, esc\u00e9nicas, musicales y de artes visuales. Los incentivos incluyen est\u00edmulos, apoyos, mentor\u00edas y premios destinados al sector cultural con un monto total de $ 5.555.057.<\/p>\n<p>Los proyectos elegidos, sin orden de m\u00e9rito, se detallan a continuaci\u00f3n:<\/p>\n<p><strong>Akun Maia + Chaky Lillini. Wachuma<\/strong><br \/>Huniken Ferraris Jorge Enrique, Lillini Ignacio Jos\u00e9, Ledesma Gustavo Dar\u00edo, Ledesma Mart\u00edn Ariel, Tangenti Margosian Leandro Hugo, Bellini Federico Andr\u00e9s, Bueno Gaspar Alfredo, Ogando Manuel Mar\u00eda.<\/p>\n<p><strong>Proyecto Trinchera<\/strong><br \/>Mar\u00eda Celeste Villanueva, Paula Roqu\u00e9 Bugu\u00f1\u00e1, Mauricio Antonio Cerbellera.<\/p>\n<p><strong>Triaxial<\/strong><br \/>Candelaria Lizarraga, Kevin S\u00e1nchez y Gaspar Aveta.<\/p>\n<p><strong>Queen Cobra<\/strong><br \/>Luciano Lombardi, Gaspar Berger, Nicol\u00e1s Benturelli.<\/p>\n<p><strong>Memoria en cueros<\/strong><br \/>Georgina Ravasi, Jos\u00e9 Antonio Sasia, Mar\u00eda Jimena Gonz\u00e1lez Brunetti, Juan Pablo Clark.<\/p>\n<p><strong>Estoy preocupado pero estoy bailando<\/strong><br \/>Noelia Correa, Jair Jes\u00fas Toledo, Javier Mart\u00edn Artasa.<\/p>\n<p><strong>DIDIDI- Proyecto los tres nudos<\/strong><br \/>Constanza Pellicci, Emilia Casiva, Elisa Gagliano.<\/p>\n<p><strong>Articuladas<\/strong><br \/>Mariana Salina, Anah\u00ed Silvana N\u00edcoli, Natalia Homes.<\/p>\n<p><strong>Ag\u00fcita trenzada<\/strong><br \/>Ayl\u00e9n Bartolino Luna, Romina Silva, Guiomar Barbeito.<\/p>\n<p><strong>Taller Transmutar<\/strong><br \/>Gabriela San Mart\u00edn, Ivana Fern\u00e1ndez, Victoria Perrone.<\/p>\n<p>Cabe recordar, que contin\u00faan vigentes las convocatorias de Fondo Est\u00edmulo para el Desarrollo de Proyectos Audiovisuales hasta el 16 de junio, y los siguientes programas destinados a las artes esc\u00e9nicas: Fondo Est\u00edmulo a la Actividad Teatral Cordobesa, Fondo Est\u00edmulo a la Producci\u00f3n Teatral Infantil, Fondo Est\u00edmulo a la Danza Contempor\u00e1nea, Apoyo a Salas para Proyectos de Capacitaci\u00f3n, TEATRES El Teatro Cordob\u00e9s y Premio Municipal a la Dramaturgia Cordobesa, hasta el 1 de agosto.<\/p>\n","protected":false},"excerpt":{"rendered":"<p>Enmarcado en el plan Fondos de Fomento para la actividad cultural, la Subsecretar\u00eda de Cultura, dependiente de la Secretar\u00eda de Gobierno de la Municipalidad de C\u00f3rdoba, comunica los resultados de la convocatoria Programa Obrar 2021, el cual contempla un fondo econ\u00f3mico para la producci\u00f3n de artes visuales y a su vez promover, estimular y difundir [&hellip;]<\/p>\n","protected":false},"author":1,"featured_media":8791,"comment_status":"closed","ping_status":"closed","sticky":false,"template":"","format":"standard","meta":[],"categories":[44],"tags":[],"_links":{"self":[{"href":"http:\/\/cordobadirecto.com\/index.php\/wp-json\/wp\/v2\/posts\/8790"}],"collection":[{"href":"http:\/\/cordobadirecto.com\/index.php\/wp-json\/wp\/v2\/posts"}],"about":[{"href":"http:\/\/cordobadirecto.com\/index.php\/wp-json\/wp\/v2\/types\/post"}],"author":[{"embeddable":true,"href":"http:\/\/cordobadirecto.com\/index.php\/wp-json\/wp\/v2\/users\/1"}],"replies":[{"embeddable":true,"href":"http:\/\/cordobadirecto.com\/index.php\/wp-json\/wp\/v2\/comments?post=8790"}],"version-history":[{"count":0,"href":"http:\/\/cordobadirecto.com\/index.php\/wp-json\/wp\/v2\/posts\/8790\/revisions"}],"wp:featuredmedia":[{"embeddable":true,"href":"http:\/\/cordobadirecto.com\/index.php\/wp-json\/wp\/v2\/media\/8791"}],"wp:attachment":[{"href":"http:\/\/cordobadirecto.com\/index.php\/wp-json\/wp\/v2\/media?parent=8790"}],"wp:term":[{"taxonomy":"category","embeddable":true,"href":"http:\/\/cordobadirecto.com\/index.php\/wp-json\/wp\/v2\/categories?post=8790"},{"taxonomy":"post_tag","embeddable":true,"href":"http:\/\/cordobadirecto.com\/index.php\/wp-json\/wp\/v2\/tags?post=8790"}],"curies":[{"name":"wp","href":"https:\/\/api.w.org\/{rel}","templated":true}]}}