{"id":8796,"date":"2021-06-24T00:21:00","date_gmt":"2021-06-24T00:21:00","guid":{"rendered":"http:\/\/cordobadirecto.com\/index.php\/2021\/06\/24\/biden-anuncio-un-plan-para-bajar-la-criminalidad-y-controlar-la-venta-de-armas\/"},"modified":"2021-06-24T00:21:00","modified_gmt":"2021-06-24T00:21:00","slug":"biden-anuncio-un-plan-para-bajar-la-criminalidad-y-controlar-la-venta-de-armas","status":"publish","type":"post","link":"http:\/\/cordobadirecto.com\/index.php\/2021\/06\/24\/biden-anuncio-un-plan-para-bajar-la-criminalidad-y-controlar-la-venta-de-armas\/","title":{"rendered":"Biden anunci\u00f3 un plan para bajar la criminalidad y controlar la venta de armas"},"content":{"rendered":"<div class=\"image\" id=\"image\" readability=\"9\"> <img src=\"http:\/\/cordobadirecto.com\/wp-content\/uploads\/2021\/06\/biden-anuncio-un-plan-para-bajar-la-criminalidad-y-controlar-la-venta-de-armas.jpg\" alt=\"&quot;Vimos un aumento en la violencia armada en todo el pa\u00eds desde el comienzo de la pandemia&quot;, dijo Biden durante el anuncio\" title=\"&quot;Vimos un aumento en la violencia armada en todo el pa\u00eds desde el comienzo de la pandemia&quot;, dijo Biden durante el anuncio\"><\/p>\n<p>&#8220;Vimos un aumento en la violencia armada en todo el pa\u00eds desde el comienzo de la pandemia&#8221;, dijo Biden durante el anuncio<\/p>\n<\/div>\n<p>El presidente de Estados Unidos, Joe Biden, anunci\u00f3 este mi\u00e9rcoles un plan para la prevenci\u00f3n de delitos violentos, con un \u00e9nfasis particular en los delitos con armas de fuego y el control a la venta de armamento, especialmente a personas que no tienen permiso de uso, en medio de un aumento de la criminalidad en el pa\u00eds.<\/p>\n<p><strong>&#8220;Vimos un aumento en la violencia armada en todo el pa\u00eds desde el comienzo de la pandemia; es inaceptable y debemos tomar medidas para combatirlo, y es por eso que anunciamos un enfoque integral para prevenir y responder a los delitos con armas de fuego y garantizar la seguridad p\u00fablica&#8221;, escribi\u00f3 Biden<\/strong> en su cuenta de la red Twitter.<\/p>\n<p>El mandatario hizo p\u00fablicos <strong>cuatro puntos centrales de su estrategia &#8220;para combatir la violencia armada y los delitos violentos&#8221;: detener el flujo de armas de fuego, crear una Polic\u00eda comunitaria avanzada, invertir en intervenciones de violencia comunitaria basadas en evidencias y ampliar la programaci\u00f3n de verano y las oportunidades de empleo.<\/strong><\/p>\n<p>La ampliaci\u00f3n de la programaci\u00f3n de verano tiene que ver con que &#8220;hist\u00f3ricamente el crimen aumenta durante el verano, y ahora que salimos de esta pandemia y el pa\u00eds reabre&#8221;, especul\u00f3 Biden, el aumento tradicional en el crimen &#8220;podr\u00eda ser m\u00e1s pronunciado de lo que normalmente&#8221; se ve.<\/p>\n<div class=\"js-code\" readability=\"6.7275449101796\">\n<blockquote class=\"twitter-tweet\" readability=\"6.7275449101796\">\n<p lang=\"en\" dir=\"ltr\">The fact is we\u2019ve seen a surge in gun violence across the country since the beginning of the pandemic. It\u2019s unacceptable \u2014 and we\u2019ve got to take action to combat it. That\u2019s why we\u2019re announcing a comprehensive approach to prevent and respond to gun crime and ensure public safety.<\/p>\n<p>\u2014 President Biden (@POTUS) <a href=\"https:\/\/twitter.com\/POTUS\/status\/1407812132037664768?ref_src=twsrc%5Etfw\">June 23, 2021<\/a><\/p><\/blockquote><\/div>\n<p>Adem\u00e1s, el mandatario admiti\u00f3 que existen &#8220;demasiados vendedores de armas que creen que pueden salirse con la suya si venden armas a gente que no tiene permiso legalmente para tenerlas&#8221;, pero advirti\u00f3 que su administraci\u00f3n tendr\u00e1 &#8220;tolerancia cero&#8221; para con ellos.<\/p>\n<p>Escoltado por el fiscal general, Merrick Garland, el jefe de la Casa Blanca denunci\u00f3 que el 5% de los comerciantes de armas del pa\u00eds venden el 90% de las pistolas ilegales halladas en escenas del crimen, y los se\u00f1al\u00f3 como &#8220;mercaderes de la muerte que est\u00e1n rompiendo la ley para conseguir un beneficio econ\u00f3mico&#8221;.<\/p>\n<p><strong>&#8220;Si venden a prop\u00f3sito un arma a alguien que tiene prohibido portarla, si evitan a prop\u00f3sito controlar los antecedentes del comprador, si falsifican a prop\u00f3sito un historial&#8230; Mi mensaje para ellos es: los encontraremos y les sacaremos la licencia para vender armas&#8221;, prometi\u00f3 Biden.<\/strong><\/p>\n<p><strong>Biden orden\u00f3 a su Gobierno que revoque las licencias de esos comerciantes cuando se cumpla una sola de esas faltas.<\/strong><\/p>\n<p><strong>Las principales ciudades del pa\u00eds sufrieron un incremento de los homicidios del 24% en el primer trimestre del a\u00f1o<\/strong>, respecto al mismo per\u00edodo de 2020, que fue uno de los a\u00f1os m\u00e1s mort\u00edferos en un cuarto de siglo.<\/p>\n<p>El an\u00e1lisis de las causas y la forma de enfrentar esta escalada es muy diferente seg\u00fan se trate del oficialismo, que tiene una mirada m\u00e1s cercana al Gobierno de Biden, o de la oposici\u00f3n y los sectores m\u00e1s conservadores.<\/p>\n<p><strong>La oposici\u00f3n republicana insiste en que el deterioro obedece a las reformas policiales adoptadas -o previstas- por determinados municipios tras las grandes manifestaciones contra la brutalidad y el racismo de las fuerzas de seguridad<\/strong>, aunque el hecho de que casi todos los centros urbanos se vean afectados por el fen\u00f3meno debilita este argumento.<\/p>\n<div class=\"image\" id=\"image\" readability=\"7\"> <img src=\"http:\/\/cordobadirecto.com\/wp-content\/uploads\/2021\/06\/biden-anuncio-un-plan-para-bajar-la-criminalidad-y-controlar-la-venta-de-armas-1.jpg\" alt=\"Los homicidios crecieron un 24 % en el primer trimestre interanual en las grandes ciudades\" title=\"Los homicidios crecieron un 24 % en el primer trimestre interanual en las grandes ciudades\"><\/p>\n<p>Los homicidios crecieron un 24 % en el primer trimestre interanual en las grandes ciudades<\/p>\n<\/div>\n<p><br open><br \/>\nAs\u00ed y todo, el presidente dej\u00f3 en claro que &#8220;este no es el momento de darle la espalda a las fuerzas de la ley o a las comunidades&#8221;.<\/p>\n<p><strong>El mandatario tambi\u00e9n anunci\u00f3 que promover\u00e1 la reinserci\u00f3n social de presos<\/strong> en busca de bajar la reincidencia, mediante una mayor contrataci\u00f3n en puestos del Gobierno federal.<\/p>\n<p>El programa habilita adem\u00e1s el desv\u00edo de fondos del paquete de rescate aprobado en marzo por el Congreso para paliar los efectos de la pandemia a medidas para reducir la criminalidad, por lo que los estados podr\u00e1n usar ese dinero para contratar agentes, invertir en nuevos tipos de entrenamiento policial y adquirir tecnolog\u00eda.<\/p>\n<p>Tambi\u00e9n<strong> podr\u00e1n invertir en programas educativos destinados a prevenir la violencia,<\/strong> sobre todo en comunidades que, por razones sociales y econ\u00f3micas, tienen m\u00e1s probabilidades de vivenciar sucesos con armas de fuego.<\/p>\n<p>Antes de los anuncios de Biden, la vocera de la Casa Blanca, Jen Psaki, hab\u00eda dejado en claro que para el Gobierno el debate sobre la reforma policial es importante y leg\u00edtimo.<\/p>\n<p>Consultada sobre c\u00f3mo debe actuar el Gobierno cuando el Congreso, que se encuentra dividido respecto al tema, se niega a hacerlo, Psaki aludi\u00f3 a la imagen presidencial.<\/p>\n<p>&#8220;Puede usar el peso de la palabra presidencial y otros resortes&#8221;, respondi\u00f3 Psaki algo evasiva y consciente del limitado margen de maniobra del mandatario.<\/p>\n<p>A principios de abril, <strong>Biden denunci\u00f3 la &#8220;epidemia&#8221; de violencia debido a las armas de fuego en Estados Unidos, algo que calific\u00f3 de &#8220;verg\u00fcenza internacional&#8221;.<\/strong><\/p>\n<p>En esa ocasi\u00f3n firm\u00f3 seis decretos, aunque de alcance limitado: uno ten\u00eda el objetivo de combatir la proliferaci\u00f3n de &#8220;armas fantasma&#8221;, fabricadas en forma artesanal, a menudo con una impresora 3D, y que carecen de n\u00famero de serie.<\/p>\n<p>El Departamento de Justicia anunci\u00f3 el mates la creaci\u00f3n de cinco unidades para abordar el tr\u00e1fico de armas en Nueva York, Chicago, Los \u00c1ngeles, San Francisco y Washington, ciudades que registran un fuerte aumento de los homicidios desde hace un a\u00f1o y medio.<\/p>\n<p>Estas unidades reunir\u00e1n a fiscales federales, polic\u00edas especializados y actores locales, que &#8220;investigar\u00e1n y desmantelar\u00e1n las redes criminales que hacen llegar armas a nuestras comunidades con tr\u00e1gicas consecuencias&#8221;, explic\u00f3 el fiscal general, Merrick Garland.<\/p>\n<p>Los \u00e1speros debates en el Congreso sobre el control de las armas de fuego contin\u00faan, pero cinco meses despu\u00e9s de la llegada de Biden al poder, los republicanos, que hasta ahora buscaron encontrar flancos para atacar al Gobierno, lucen decididos a presionar por las inquietantes estad\u00edsticas delictivas.<\/p>\n<p>Para el representante republicano de Carolina del Norte Richard Hudson, el discurso de Biden no cambiar\u00e1 nada.<\/p>\n<p>&#8220;Los llamados a recortar los fondos de la Polic\u00eda han implicado un peligroso aumento de la delincuencia. La respuesta del presidente Biden: proponer a\u00fan nuevas restricciones a las armas de fuego que solo afectan a los ciudadanos respetuosos de la ley&#8221;, tuite\u00f3 y agreg\u00f3: &#8220;M\u00e1s que limitar las armas, necesitamos apoyar a nuestros oficiales de polic\u00eda&#8221;.<\/p>\n<p>&#8220;Concepto b\u00e1sico que los dem\u00f3cratas no parecen entender: los delincuentes no respetan las leyes sobre armas&#8221;, ironiz\u00f3 su colega Andy Biggs. <\/p>\n","protected":false},"excerpt":{"rendered":"<p>&#8220;Vimos un aumento en la violencia armada en todo el pa\u00eds desde el comienzo de la pandemia&#8221;, dijo Biden durante el anuncio El presidente de Estados Unidos, Joe Biden, anunci\u00f3 este mi\u00e9rcoles un plan para la prevenci\u00f3n de delitos violentos, con un \u00e9nfasis particular en los delitos con armas de fuego y el control a [&hellip;]<\/p>\n","protected":false},"author":1,"featured_media":8797,"comment_status":"closed","ping_status":"closed","sticky":false,"template":"","format":"standard","meta":[],"categories":[24],"tags":[],"_links":{"self":[{"href":"http:\/\/cordobadirecto.com\/index.php\/wp-json\/wp\/v2\/posts\/8796"}],"collection":[{"href":"http:\/\/cordobadirecto.com\/index.php\/wp-json\/wp\/v2\/posts"}],"about":[{"href":"http:\/\/cordobadirecto.com\/index.php\/wp-json\/wp\/v2\/types\/post"}],"author":[{"embeddable":true,"href":"http:\/\/cordobadirecto.com\/index.php\/wp-json\/wp\/v2\/users\/1"}],"replies":[{"embeddable":true,"href":"http:\/\/cordobadirecto.com\/index.php\/wp-json\/wp\/v2\/comments?post=8796"}],"version-history":[{"count":0,"href":"http:\/\/cordobadirecto.com\/index.php\/wp-json\/wp\/v2\/posts\/8796\/revisions"}],"wp:featuredmedia":[{"embeddable":true,"href":"http:\/\/cordobadirecto.com\/index.php\/wp-json\/wp\/v2\/media\/8797"}],"wp:attachment":[{"href":"http:\/\/cordobadirecto.com\/index.php\/wp-json\/wp\/v2\/media?parent=8796"}],"wp:term":[{"taxonomy":"category","embeddable":true,"href":"http:\/\/cordobadirecto.com\/index.php\/wp-json\/wp\/v2\/categories?post=8796"},{"taxonomy":"post_tag","embeddable":true,"href":"http:\/\/cordobadirecto.com\/index.php\/wp-json\/wp\/v2\/tags?post=8796"}],"curies":[{"name":"wp","href":"https:\/\/api.w.org\/{rel}","templated":true}]}}