{"id":8824,"date":"2021-06-24T16:26:07","date_gmt":"2021-06-24T16:26:07","guid":{"rendered":"http:\/\/cordobadirecto.com\/index.php\/2021\/06\/24\/en-el-dia-internacional-del-orgullo-lgtbqi-encuentro-estrena-el-laberinto-de-las-lunas\/"},"modified":"2021-06-24T16:26:07","modified_gmt":"2021-06-24T16:26:07","slug":"en-el-dia-internacional-del-orgullo-lgtbqi-encuentro-estrena-el-laberinto-de-las-lunas","status":"publish","type":"post","link":"http:\/\/cordobadirecto.com\/index.php\/2021\/06\/24\/en-el-dia-internacional-del-orgullo-lgtbqi-encuentro-estrena-el-laberinto-de-las-lunas\/","title":{"rendered":"En el D\u00eda Internacional del Orgullo LGTBQI+, Encuentro estrena &#8220;El laberinto de las lunas&#8221;"},"content":{"rendered":"<div class=\"image\" id=\"image\" readability=\"7\"> <img src=\"http:\/\/cordobadirecto.com\/wp-content\/uploads\/2021\/06\/en-el-dia-internacional-del-orgullo-lgtbqi-encuentro-estrena-el-laberinto-de-las-lunas.jpg\" alt=\"&quot;El laberinto de las lunas&quot;\" title=\"&quot;El laberinto de las lunas&quot;\"><\/p>\n<p>&#8220;El laberinto de las lunas&#8221;<\/p>\n<\/div>\n<p>&#8220;El laberinto de las lunas&#8221;, documental dirigido y producido por Lucrecia Mastr\u00e1ngelo, que narra el universo de personas travestis, se presentar\u00e1 el pr\u00f3ximo lunes, a las 23, por la pantalla de canal Encuentro, en conmemoraci\u00f3n del D\u00eda Internacional del Orgullo LGTBQI+.<\/p>\n<p> <iframe width=\"560\" height=\"315\" src=\"https:\/\/www.youtube.com\/embed\/3K6J1_gddZs?wmode=transparent&amp;showinfo=0&amp;autohide=1&amp;rel=0\" frameborder=\"0\" allowfullscreen>[embedded content]<\/iframe> <\/p>\n<p>El laberinto de las lunas<\/p>\n<p>Con canciones y poemas de la artista trans y escritora Susy Shock, la cinta propone un recorrido por el universo de personas travestis, de la maternidad en todo su significado y de las infancias trans.<\/p>\n<p>La pel\u00edcula ofrece los testimonios de vida de Karla Ojeda y Maira Ram\u00edrez, quienes atraviesan el camino de la adopci\u00f3n; y el de Gabriela Mansilla, mam\u00e1 de una ni\u00f1a trans.&nbsp;<\/p>\n<div class=\"image\" id=\"image\" readability=\"7\"> <img src=\"http:\/\/cordobadirecto.com\/wp-content\/uploads\/2021\/06\/en-el-dia-internacional-del-orgullo-lgtbqi-encuentro-estrena-el-laberinto-de-las-lunas-1.jpg\" alt=\"La pel\u00edcula ofrece los testimonios de vida de Karla Ojeda y Maira Ram\u00edrez\" title=\"La pel\u00edcula ofrece los testimonios de vida de Karla Ojeda y Maira Ram\u00edrez\"><\/p>\n<p>La pel\u00edcula ofrece los testimonios de vida de Karla Ojeda y Maira Ram\u00edrez<\/p>\n<\/div>\n","protected":false},"excerpt":{"rendered":"<p>&#8220;El laberinto de las lunas&#8221; &#8220;El laberinto de las lunas&#8221;, documental dirigido y producido por Lucrecia Mastr\u00e1ngelo, que narra el universo de personas travestis, se presentar\u00e1 el pr\u00f3ximo lunes, a las 23, por la pantalla de canal Encuentro, en conmemoraci\u00f3n del D\u00eda Internacional del Orgullo LGTBQI+. [embedded content] El laberinto de las lunas Con canciones [&hellip;]<\/p>\n","protected":false},"author":1,"featured_media":8825,"comment_status":"closed","ping_status":"closed","sticky":false,"template":"","format":"standard","meta":[],"categories":[20],"tags":[],"_links":{"self":[{"href":"http:\/\/cordobadirecto.com\/index.php\/wp-json\/wp\/v2\/posts\/8824"}],"collection":[{"href":"http:\/\/cordobadirecto.com\/index.php\/wp-json\/wp\/v2\/posts"}],"about":[{"href":"http:\/\/cordobadirecto.com\/index.php\/wp-json\/wp\/v2\/types\/post"}],"author":[{"embeddable":true,"href":"http:\/\/cordobadirecto.com\/index.php\/wp-json\/wp\/v2\/users\/1"}],"replies":[{"embeddable":true,"href":"http:\/\/cordobadirecto.com\/index.php\/wp-json\/wp\/v2\/comments?post=8824"}],"version-history":[{"count":0,"href":"http:\/\/cordobadirecto.com\/index.php\/wp-json\/wp\/v2\/posts\/8824\/revisions"}],"wp:featuredmedia":[{"embeddable":true,"href":"http:\/\/cordobadirecto.com\/index.php\/wp-json\/wp\/v2\/media\/8825"}],"wp:attachment":[{"href":"http:\/\/cordobadirecto.com\/index.php\/wp-json\/wp\/v2\/media?parent=8824"}],"wp:term":[{"taxonomy":"category","embeddable":true,"href":"http:\/\/cordobadirecto.com\/index.php\/wp-json\/wp\/v2\/categories?post=8824"},{"taxonomy":"post_tag","embeddable":true,"href":"http:\/\/cordobadirecto.com\/index.php\/wp-json\/wp\/v2\/tags?post=8824"}],"curies":[{"name":"wp","href":"https:\/\/api.w.org\/{rel}","templated":true}]}}