{"id":8833,"date":"2021-06-23T16:58:19","date_gmt":"2021-06-23T16:58:19","guid":{"rendered":"https:\/\/www.ole.com.ar\/autos\/segunda-fecha-superbike-argentino_0_CM8hDIKaq.html"},"modified":"2021-06-23T16:58:19","modified_gmt":"2021-06-23T16:58:19","slug":"se-viene-la-segunda","status":"publish","type":"post","link":"http:\/\/cordobadirecto.com\/index.php\/2021\/06\/23\/se-viene-la-segunda\/","title":{"rendered":"Se viene la segunda"},"content":{"rendered":"<div><img src=\"http:\/\/cordobadirecto.com\/wp-content\/uploads\/2021\/06\/se-viene-la-segunda.jpg\" class=\"ff-og-image-inserted\"><\/div>\n<p>El Superbike Argentino dio a conocer la segunda fecha de la temporada, la cual tendr\u00e1 lugar el pr\u00f3ximo 10 y 11 de julio en el aut\u00f3dromo Oscar y Juan G\u00e1lvez de la Ciudad de Buenos Aires.&nbsp;<\/p>\n<p><mark>\u201cLa segunda fecha del Campeonato Argentino de Superbike se disputar\u00e1 el pr\u00f3ximo 10 y 11 de julio<\/mark> en el aut\u00f3dromo Oscar y Juan G\u00e1lvez\u201d, escribieron desde la categor\u00eda en las redes sociales.<\/p>\n<p><mark>La 2\u00b0 fecha tendr\u00e1 la particularidad de que se desarrollar\u00e1 en dos jornadas<\/mark>, a diferencia de lo que fue la cita inaugural que debi\u00f3 adelantarse y realizarse en un d\u00eda producto del DNU que firm\u00f3 el Gobierno Nacional en aquel momento y que obligaba el regreso a Fase 1 por el avance de la segunda ola de Covid-19.<\/p>\n<p> A\u00fan no se confirm\u00f3 el dibujo que recibir\u00e1 la acci\u00f3n del Superbike Argentino. <mark>Cabe recordar que el circuito 6 fue el elegido para el inicio del certamen<\/mark>, donde Santino Sabattini (Moto3 AR), Andr\u00e9s Gandola (R3 Cup), Alberto Ca\u00f1adas (Stock Bike 600), Maximiliano Rocha (Stock Bike 100), Emanuel Aguilar (S\u00faper Sport 600) y Ramiro Gandola (Superbike 1000) fueron los ganadores.<\/p>\n<div class=\"entry-tags\">\n<h2>TEMAS QUE APARECEN EN ESTA NOTA<\/h2>\n<\/p><\/div>\n","protected":false},"excerpt":{"rendered":"<p>El Superbike Argentino dio a conocer la segunda fecha de la temporada, la cual tendr\u00e1 lugar el pr\u00f3ximo 10 y 11 de julio en el aut\u00f3dromo Oscar y Juan G\u00e1lvez de la Ciudad de Buenos Aires.&nbsp; \u201cLa segunda fecha del Campeonato Argentino de Superbike se disputar\u00e1 el pr\u00f3ximo 10 y 11 de julio en el [&hellip;]<\/p>\n","protected":false},"author":1,"featured_media":8834,"comment_status":"closed","ping_status":"closed","sticky":false,"template":"","format":"standard","meta":[],"categories":[21],"tags":[],"_links":{"self":[{"href":"http:\/\/cordobadirecto.com\/index.php\/wp-json\/wp\/v2\/posts\/8833"}],"collection":[{"href":"http:\/\/cordobadirecto.com\/index.php\/wp-json\/wp\/v2\/posts"}],"about":[{"href":"http:\/\/cordobadirecto.com\/index.php\/wp-json\/wp\/v2\/types\/post"}],"author":[{"embeddable":true,"href":"http:\/\/cordobadirecto.com\/index.php\/wp-json\/wp\/v2\/users\/1"}],"replies":[{"embeddable":true,"href":"http:\/\/cordobadirecto.com\/index.php\/wp-json\/wp\/v2\/comments?post=8833"}],"version-history":[{"count":0,"href":"http:\/\/cordobadirecto.com\/index.php\/wp-json\/wp\/v2\/posts\/8833\/revisions"}],"wp:featuredmedia":[{"embeddable":true,"href":"http:\/\/cordobadirecto.com\/index.php\/wp-json\/wp\/v2\/media\/8834"}],"wp:attachment":[{"href":"http:\/\/cordobadirecto.com\/index.php\/wp-json\/wp\/v2\/media?parent=8833"}],"wp:term":[{"taxonomy":"category","embeddable":true,"href":"http:\/\/cordobadirecto.com\/index.php\/wp-json\/wp\/v2\/categories?post=8833"},{"taxonomy":"post_tag","embeddable":true,"href":"http:\/\/cordobadirecto.com\/index.php\/wp-json\/wp\/v2\/tags?post=8833"}],"curies":[{"name":"wp","href":"https:\/\/api.w.org\/{rel}","templated":true}]}}