{"id":8837,"date":"2021-06-24T13:16:13","date_gmt":"2021-06-24T13:16:13","guid":{"rendered":"https:\/\/es.digitaltrends.com\/?p=829749"},"modified":"2021-06-24T13:16:13","modified_gmt":"2021-06-24T13:16:13","slug":"instagram-anuncia-cambios-en-las-publicaciones-sugeridas","status":"publish","type":"post","link":"http:\/\/cordobadirecto.com\/index.php\/2021\/06\/24\/instagram-anuncia-cambios-en-las-publicaciones-sugeridas\/","title":{"rendered":"Instagram anuncia cambios en las publicaciones sugeridas"},"content":{"rendered":"<p>Es probable que el inicio de <a href=\"https:\/\/es.digitaltrends.com\/sociales\/mejor-hora-para-publicar-en-instagram\/\">Instagram<\/a> se parezca cada vez m\u00e1s a la pesta\u00f1a de explorar. <a href=\"https:\/\/www.theverge.com\/2021\/6\/23\/22547045\/instagram-suggested-posts-test-algorithm\" target=\"_blank\" rel=\"noopener\">Seg\u00fan The Verge,<\/a> la red social est\u00e1 probando mostrar \u201cpublicaciones sugeridas\u201d de cuentas que el usuario no sigue entre los <em>posts<\/em> de sus amigos.<\/p>\n<p>Esto responder\u00eda al \u00e9xito que tuvieron las publicaciones sugeridas al final del <em>feed<\/em>, que mostraban fotos y videos recomendados que aparec\u00edan cuando la persona terminaba de ver el contenido compartido por sus amigos.<\/p>\n<p>De acuerdo con Instagram, esta nueva funci\u00f3n ha sido \u201ctan bien recibida\u201d que es probable que las publicaciones sugeridas desde ahora puedan aparecer en cualquier parte del <em>feed<\/em>, incluso antes de las fotos y los videos de los amigos que el usuario sigue.<\/p>\n<figure class=\"aligncenter\"><img src=\"http:\/\/cordobadirecto.com\/wp-content\/uploads\/2021\/06\/instagram-anuncia-cambios-en-las-publicaciones-sugeridas.gif\" data-dt-lazy-src=\"https:\/\/icdn.dtcn.com\/image\/digitaltrends_es\/2ea6e602fa97f718e53dceec15164a09-720x720.jpg\" onerror=\"dti_load_error(this)\" class=\" size-large wp-image-829748 dt-lazy-load dt-lazy-pending\" alt=\"Instagram\"><\/figure>\n<h2>M\u00e1s control para el usuario<\/h2>\n<p>La plataforma tambi\u00e9n est\u00e1 probando una nueva herramienta que permite agregar intereses espec\u00edficos a las publicaciones sugeridas, adem\u00e1s de la opci\u00f3n de ocultar ciertos temas o posponer todas las recomendaciones durante un lapso de 30 d\u00edas.<\/p>\n<p>Por ahora, las nuevas publicaciones sugeridas y la herramienta que permite gestionar los intereses solo se encuentran disponibles para un n\u00famero reducido de usuarios, pero esto podr\u00eda variar en las pr\u00f3ximas semanas.<\/p>\n<p>De acuerdo con el mismo art\u00edculo, esta ser\u00eda una apuesta de Instagram para que el usuario pase m\u00e1s tiempo en la aplicaci\u00f3n, aunque eso signifique llevar hasta abajo en el <em>feed<\/em> las fotos y videos de sus amigos.<\/p>\n<p>La buena noticia es que la red social le entrega cierto control a la persona acerca de los temas e intereses que puede ver en las publicaciones.<\/p>\n<h4 class=\"h-editors-recs-title\"> Recomendaciones del editor\t<\/h4>\n<p> <span id=\"publisher-md\" itemprop=\"publisher\" itemscope itemtype=\"https:\/\/schema.org\/Organization\"> <span itemprop=\"url\" itemtype=\"https:\/\/schema.org\/Url\" content=\"https:\/\/es.digitaltrends.com\"> <span itemprop=\"logo\" itemscope itemtype=\"https:\/\/schema.org\/ImageObject\"> <meta itemprop=\"url\" content=\"https:\/\/cdn.dtcn.com\/dt\/dt-logo-small.png\"> <meta itemprop=\"width\" content=\"0\"> <meta itemprop=\"height\" content=\"0\"> <\/span> <meta itemprop=\"name\" content=\"Digital Trends Espa\u00f1ol\"> <\/span> <span itemprop=\"image\" itemscope itemtype=\"https:\/\/schema.org\/ImageObject\"> <meta itemprop=\"url\" content=\"https:\/\/icdn.dtcn.com\/image\/digitaltrends_es\/2ea6e602fa97f718e53dceec15164a09.jpg\"> <\/span> <\/span><\/p>\n","protected":false},"excerpt":{"rendered":"<p>Es probable que el inicio de Instagram se parezca cada vez m\u00e1s a la pesta\u00f1a de explorar. Seg\u00fan The Verge, la red social est\u00e1 probando mostrar \u201cpublicaciones sugeridas\u201d de cuentas que el usuario no sigue entre los posts de sus amigos. Esto responder\u00eda al \u00e9xito que tuvieron las publicaciones sugeridas al final del feed, que [&hellip;]<\/p>\n","protected":false},"author":1,"featured_media":8838,"comment_status":"closed","ping_status":"closed","sticky":false,"template":"","format":"standard","meta":[],"categories":[26],"tags":[],"_links":{"self":[{"href":"http:\/\/cordobadirecto.com\/index.php\/wp-json\/wp\/v2\/posts\/8837"}],"collection":[{"href":"http:\/\/cordobadirecto.com\/index.php\/wp-json\/wp\/v2\/posts"}],"about":[{"href":"http:\/\/cordobadirecto.com\/index.php\/wp-json\/wp\/v2\/types\/post"}],"author":[{"embeddable":true,"href":"http:\/\/cordobadirecto.com\/index.php\/wp-json\/wp\/v2\/users\/1"}],"replies":[{"embeddable":true,"href":"http:\/\/cordobadirecto.com\/index.php\/wp-json\/wp\/v2\/comments?post=8837"}],"version-history":[{"count":0,"href":"http:\/\/cordobadirecto.com\/index.php\/wp-json\/wp\/v2\/posts\/8837\/revisions"}],"wp:featuredmedia":[{"embeddable":true,"href":"http:\/\/cordobadirecto.com\/index.php\/wp-json\/wp\/v2\/media\/8838"}],"wp:attachment":[{"href":"http:\/\/cordobadirecto.com\/index.php\/wp-json\/wp\/v2\/media?parent=8837"}],"wp:term":[{"taxonomy":"category","embeddable":true,"href":"http:\/\/cordobadirecto.com\/index.php\/wp-json\/wp\/v2\/categories?post=8837"},{"taxonomy":"post_tag","embeddable":true,"href":"http:\/\/cordobadirecto.com\/index.php\/wp-json\/wp\/v2\/tags?post=8837"}],"curies":[{"name":"wp","href":"https:\/\/api.w.org\/{rel}","templated":true}]}}