{"id":8849,"date":"2021-06-25T07:37:39","date_gmt":"2021-06-25T07:37:39","guid":{"rendered":"http:\/\/estaciontrip.com.ar\/?p=5848"},"modified":"2021-06-25T07:37:39","modified_gmt":"2021-06-25T07:37:39","slug":"la-rioja-sera-sede-del-lanzamiento-de-la-temporada-de-invierno-del-norte-argentino","status":"publish","type":"post","link":"http:\/\/cordobadirecto.com\/index.php\/2021\/06\/25\/la-rioja-sera-sede-del-lanzamiento-de-la-temporada-de-invierno-del-norte-argentino\/","title":{"rendered":"La Rioja ser\u00e1 sede del lanzamiento de la temporada de invierno del Norte Argentino"},"content":{"rendered":"<div><img src=\"http:\/\/cordobadirecto.com\/wp-content\/uploads\/2021\/06\/la-rioja-sera-sede-del-lanzamiento-de-la-temporada-de-invierno-del-norte-argentino.jpg\" class=\"ff-og-image-inserted\"><\/div>\n<p><em>Ser\u00e1 en el marco de la asamblea del Ente Norte, el 1\u00b0 de julio, con las representaciones provinciales que integran la regi\u00f3n.<\/em><\/p>\n<p>La Rioja ser\u00e1 sede para el lanzamiento de la temporada tur\u00edstica de invierno de las provincias de la regi\u00f3n norte, desde el 1\u00b0 de julio.<\/p>\n<p>El anuncio tendr\u00e1 como marco la asamblea del Ente Norte, presidida por el ministro de Turismo y Culturas de La Rioja, Gustavo Luna, y la participaci\u00f3n de sus pares de Salta, Tucum\u00e1n, Jujuy, Santiago del Estero y Catamarca.<\/p>\n<p>Las provincias ya firmaron un acuerdo para que desde esa fecha se habilite la circulaci\u00f3n interprovincial para actividades tur\u00edsticas.<\/p>\n<p>\u201cDebemos dejar de hablar del turismo post pandemia y comenzar a hablar de turismo en pandemia\u201d dijo el ministro Luna. \u201cQueremos que todos los empleados que est\u00e9n ligados al sector tur\u00edstico y cultural est\u00e9n preparados con cada uno de los protocolos establecidos, mejorando los sistemas de cuidados y los aforos para poder brindar un servicio de excelencia\u201d, expres\u00f3.<\/p>\n<p>El Ente Norte Turismo tom\u00f3 nuevamente la iniciativa a nivel nacional ya que, al igual que durante el verano 2021, la regi\u00f3n norte se coloca como la primera en firmar un convenio que le permitir\u00e1 a emprendedores, prestadores de servicios y proveedores continuar desarrollando sus actividades y fortaleciendo el proceso de recuperaci\u00f3n local y regional.<\/p>\n<p>\u201cAhora cada autoridad municipal deber\u00e1 evaluar su situaci\u00f3n, aunque sabemos que hay departamentos que tienen la posibilidad de abrir en determinados horarios y la idea es que desde el ministerio fortalezcamos esa apertura de sitios y emprendimientos tur\u00edsticos que posean los permisos pertinentes, tengan la mayor posibilidad de visitas. Nuestra tarea ser\u00e1 la promoci\u00f3n, difusi\u00f3n y asistencia con personal profesional para capacitarlos de c\u00f3mo trabajar en pandemia\u201d, explic\u00f3 el ministro Gustavo Luna.<\/p>\n","protected":false},"excerpt":{"rendered":"<p>Ser\u00e1 en el marco de la asamblea del Ente Norte, el 1\u00b0 de julio, con las representaciones provinciales que integran la regi\u00f3n. La Rioja ser\u00e1 sede para el lanzamiento de la temporada tur\u00edstica de invierno de las provincias de la regi\u00f3n norte, desde el 1\u00b0 de julio. El anuncio tendr\u00e1 como marco la asamblea del [&hellip;]<\/p>\n","protected":false},"author":1,"featured_media":8850,"comment_status":"closed","ping_status":"closed","sticky":false,"template":"","format":"standard","meta":[],"categories":[22],"tags":[],"_links":{"self":[{"href":"http:\/\/cordobadirecto.com\/index.php\/wp-json\/wp\/v2\/posts\/8849"}],"collection":[{"href":"http:\/\/cordobadirecto.com\/index.php\/wp-json\/wp\/v2\/posts"}],"about":[{"href":"http:\/\/cordobadirecto.com\/index.php\/wp-json\/wp\/v2\/types\/post"}],"author":[{"embeddable":true,"href":"http:\/\/cordobadirecto.com\/index.php\/wp-json\/wp\/v2\/users\/1"}],"replies":[{"embeddable":true,"href":"http:\/\/cordobadirecto.com\/index.php\/wp-json\/wp\/v2\/comments?post=8849"}],"version-history":[{"count":0,"href":"http:\/\/cordobadirecto.com\/index.php\/wp-json\/wp\/v2\/posts\/8849\/revisions"}],"wp:featuredmedia":[{"embeddable":true,"href":"http:\/\/cordobadirecto.com\/index.php\/wp-json\/wp\/v2\/media\/8850"}],"wp:attachment":[{"href":"http:\/\/cordobadirecto.com\/index.php\/wp-json\/wp\/v2\/media?parent=8849"}],"wp:term":[{"taxonomy":"category","embeddable":true,"href":"http:\/\/cordobadirecto.com\/index.php\/wp-json\/wp\/v2\/categories?post=8849"},{"taxonomy":"post_tag","embeddable":true,"href":"http:\/\/cordobadirecto.com\/index.php\/wp-json\/wp\/v2\/tags?post=8849"}],"curies":[{"name":"wp","href":"https:\/\/api.w.org\/{rel}","templated":true}]}}