{"id":8858,"date":"2021-06-25T01:48:00","date_gmt":"2021-06-25T01:48:00","guid":{"rendered":"http:\/\/cordobadirecto.com\/index.php\/2021\/06\/25\/los-lideres-de-la-ue-descartaron-una-cumbre-con-putin-y-pidieron-mas-sanciones-a-rusia\/"},"modified":"2021-06-25T01:48:00","modified_gmt":"2021-06-25T01:48:00","slug":"los-lideres-de-la-ue-descartaron-una-cumbre-con-putin-y-pidieron-mas-sanciones-a-rusia","status":"publish","type":"post","link":"http:\/\/cordobadirecto.com\/index.php\/2021\/06\/25\/los-lideres-de-la-ue-descartaron-una-cumbre-con-putin-y-pidieron-mas-sanciones-a-rusia\/","title":{"rendered":"Los l\u00edderes de la UE descartaron una cumbre con Putin y pidieron m\u00e1s sanciones a Rusia"},"content":{"rendered":"<div class=\"image\" id=\"image\" readability=\"8\"> <img src=\"http:\/\/cordobadirecto.com\/wp-content\/uploads\/2021\/06\/los-lideres-de-la-ue-descartaron-una-cumbre-con-putin-y-pidieron-mas-sanciones-a-rusia.jpg\" alt=\"\u201cFue una discusi\u00f3n detallada y no muy f\u00e1cil\u201d, argument\u00f3 Merkel en la cumbre\" title=\"\u201cFue una discusi\u00f3n detallada y no muy f\u00e1cil\u201d, argument\u00f3 Merkel en la cumbre\"><\/p>\n<p>\u201cFue una discusi\u00f3n detallada y no muy f\u00e1cil\u201d, argument\u00f3 Merkel en la cumbre<\/p>\n<\/div>\n<p>Los l\u00edderes de los pa\u00edses miembros de la Uni\u00f3n Europea (UE) descartaron una sugerencia de Alemania y Francia para celebrar una cumbre con el presidente de Rusia, Vladimir Putin, y encargaron a la Comisi\u00f3n Europea que elabore nuevas medidas, incluso sanciones, contra Mosc\u00fa, inform\u00f3 la prensa internacional.<\/p>\n<p><strong>\u201cNo fue posible llegar a un acuerdo para reunirnos inmediatamente al m\u00e1s alto nivel; personalmente, me habr\u00eda gustado ver aqu\u00ed un paso m\u00e1s firme\u201d, lament\u00f3 la canciller de Alemania, Angela Merkel<\/strong>, al fin de la primera jornada de la cumbre de la UE, en Bruselas.<\/p>\n<p><strong>\u201cFue una discusi\u00f3n detallada y no muy f\u00e1cil\u201d<\/strong>, agreg\u00f3, seg\u00fan la agencia de noticias AFP.<\/p>\n<p>En tanto<strong>, el presidente de Lituania, Gitanas Nauseda, afirm\u00f3 que era \u201cprematuro\u201d discutir una reuni\u00f3n <\/strong>en el m\u00e1s alto nivel con el gobierno ruso si no hay cambios en su comportamiento en relaci\u00f3n con la UE.<\/p>\n<div class=\"image\" id=\"image\" readability=\"7\"> <img src=\"http:\/\/cordobadirecto.com\/wp-content\/uploads\/2021\/06\/los-lideres-de-la-ue-descartaron-una-cumbre-con-putin-y-pidieron-mas-sanciones-a-rusia-1.jpg\" alt=\"El Consejo Europeo pidi\u00f3 m\u00e1s sanciones para Rusia\" title=\"El Consejo Europeo pidi\u00f3 m\u00e1s sanciones para Rusia\"><\/p>\n<p>El Consejo Europeo pidi\u00f3 m\u00e1s sanciones para Rusia<\/p>\n<\/div>\n<p><br open><br \/>\n<strong>\u201cEs prematuro porque hasta ahora no hemos visto ning\u00fan cambio radical en Putin; dialogar es una buena idea, pero dialogar sin ninguna \u2018l\u00ednea roja\u2019, sin ninguna precondici\u00f3n, es una muy mala se\u00f1al\u201d<\/strong>, argument\u00f3.<\/p>\n<p>Por otra parte, los l\u00edderes resaltaron <strong>\u201cla necesidad de una respuesta firme y coordinada de la UE y sus miembros a cualquier acci\u00f3n maliciosa, ilegal y subversiva de Rusia, con el pleno uso de todas las herramientas a disposici\u00f3n de la UE\u201d, inform\u00f3 el Consejo Europeo <\/strong>en un comunicado.<\/p>\n<p><strong>\u201cCon este fin, el Consejo propone a la Comisi\u00f3n Europea y al alto representante para la Pol\u00edtica Exterior que elaboren medidas restrictivas adicionales, incluidas sanciones econ\u00f3micas\u201d<\/strong>, a\u00f1adi\u00f3 el documento, seg\u00fan la agencia Sputnik. <\/p>\n","protected":false},"excerpt":{"rendered":"<p>\u201cFue una discusi\u00f3n detallada y no muy f\u00e1cil\u201d, argument\u00f3 Merkel en la cumbre Los l\u00edderes de los pa\u00edses miembros de la Uni\u00f3n Europea (UE) descartaron una sugerencia de Alemania y Francia para celebrar una cumbre con el presidente de Rusia, Vladimir Putin, y encargaron a la Comisi\u00f3n Europea que elabore nuevas medidas, incluso sanciones, contra [&hellip;]<\/p>\n","protected":false},"author":1,"featured_media":8859,"comment_status":"closed","ping_status":"closed","sticky":false,"template":"","format":"standard","meta":[],"categories":[24],"tags":[],"_links":{"self":[{"href":"http:\/\/cordobadirecto.com\/index.php\/wp-json\/wp\/v2\/posts\/8858"}],"collection":[{"href":"http:\/\/cordobadirecto.com\/index.php\/wp-json\/wp\/v2\/posts"}],"about":[{"href":"http:\/\/cordobadirecto.com\/index.php\/wp-json\/wp\/v2\/types\/post"}],"author":[{"embeddable":true,"href":"http:\/\/cordobadirecto.com\/index.php\/wp-json\/wp\/v2\/users\/1"}],"replies":[{"embeddable":true,"href":"http:\/\/cordobadirecto.com\/index.php\/wp-json\/wp\/v2\/comments?post=8858"}],"version-history":[{"count":0,"href":"http:\/\/cordobadirecto.com\/index.php\/wp-json\/wp\/v2\/posts\/8858\/revisions"}],"wp:featuredmedia":[{"embeddable":true,"href":"http:\/\/cordobadirecto.com\/index.php\/wp-json\/wp\/v2\/media\/8859"}],"wp:attachment":[{"href":"http:\/\/cordobadirecto.com\/index.php\/wp-json\/wp\/v2\/media?parent=8858"}],"wp:term":[{"taxonomy":"category","embeddable":true,"href":"http:\/\/cordobadirecto.com\/index.php\/wp-json\/wp\/v2\/categories?post=8858"},{"taxonomy":"post_tag","embeddable":true,"href":"http:\/\/cordobadirecto.com\/index.php\/wp-json\/wp\/v2\/tags?post=8858"}],"curies":[{"name":"wp","href":"https:\/\/api.w.org\/{rel}","templated":true}]}}