{"id":89083,"date":"2022-11-28T20:10:37","date_gmt":"2022-11-28T20:10:37","guid":{"rendered":"https:\/\/www.ole.com.ar\/patronato\/patronato-nuevo-entrenador-copa-libertadores-walter-otta_0_MDEl3Qkqkk.html"},"modified":"2022-11-28T20:10:37","modified_gmt":"2022-11-28T20:10:37","slug":"quien-va-a-dirigir-a-patronato-en-la-libertadores","status":"publish","type":"post","link":"http:\/\/cordobadirecto.com\/index.php\/2022\/11\/28\/quien-va-a-dirigir-a-patronato-en-la-libertadores\/","title":{"rendered":"Qui\u00e9n va a dirigir a Patronato en la Libertadores"},"content":{"rendered":"<div class=\"custom-text \" readability=\"31.989247311828\">\n<p><a href=\"https:\/\/www.ole.com.ar\/tema\/walter-otta.html\" title=\"Walter Otta\" alt=\"Walter Otta\" class=\"slug\"><strong>Walter Otta<\/strong><\/a><strong> dej\u00f3 de ser el entrenador de Estudiantes de Caseros y se sum\u00f3 a la traves\u00eda de Patronato de Parana<\/strong>, que en el 2023 disputar\u00e1 la Primera Nacional y<strong> \u00a1la Copa Libertadores!<\/strong><\/p>\n<\/div>\n<div class=\"custom-text \" readability=\"30.859459459459\">\n<p>El club comunic\u00f3 a trav\u00e9s de sus redes sociales que el t\u00e9cnico cordob\u00e9s asum\u00eda como reemplazante de <a href=\"https:\/\/www.ole.com.ar\/tema\/facundo-sava.html\" title=\"Facundo Sava\" alt=\"Facundo Sava\" class=\"slug\">Facundo Sava<\/a> y que su contrato se extender\u00e1 hasta diciembre del a\u00f1o que viene.<\/p>\n<\/div>\n<div class=\"sc-e9a69009-0 ehRQaG\" readability=\"6\">\n<section readability=\"2\"><picture><img class=\"img\" src=\"http:\/\/cordobadirecto.com\/wp-content\/uploads\/2022\/11\/quien-va-a-dirigir-a-patronato-en-la-libertadores.jpg\" alt=\"Practica la Selecci\u00f3n: Scaloni empieza a armar el plan Polonia\" height=\"290\" width=\"290\" loading=\"lazy\"><\/picture>\n<p><span>Mir\u00e1 tambi\u00e9n<\/span><\/p>\n<hr>\n<h3>Practica la Selecci\u00f3n: Scaloni empieza a armar el plan Polonia<\/h3>\n<\/p>\n<\/section>\n<\/div>\n<p><h2><strong>EL ANUNCIO DE PATRONATO<\/strong><\/h2>\n<\/p>\n<div class=\"sc-b8e659bf-0 gCuBvW\"><img alt=\"Walter Otta, nuevo entrenador de Patronato. Dirigir\u00e1 la Libertadores.\" srcset=\"http:\/\/cordobadirecto.com\/wp-content\/uploads\/2022\/11\/quien-va-a-dirigir-a-patronato-en-la-libertadores-1.jpg 1x, http:\/\/cordobadirecto.com\/wp-content\/uploads\/2022\/11\/quien-va-a-dirigir-a-patronato-en-la-libertadores-1.jpg 2x\" src=\"http:\/\/cordobadirecto.com\/wp-content\/uploads\/2022\/11\/quien-va-a-dirigir-a-patronato-en-la-libertadores-1.jpg\" width=\"720\" height=\"0\" decoding=\"async\" data-nimg=\"future\" loading=\"lazy\"><span>Walter Otta, nuevo entrenador de Patronato. Dirigir\u00e1 la Libertadores.<\/span><\/div>\n<div class=\"custom-text \" readability=\"35\">\n<p>&#8220;La Comisi\u00f3n Directiva confirma la contrataci\u00f3n de Walter Otta como nuevo entrenador del Patronato. Estar\u00e1 vinculado a nuestra instituci\u00f3n hasta diciembre de 2023. \u00a1Bienvenido!&#8221;, dice el club en sus redes de forma oficial.<\/p>\n<\/div>\n<div class=\"custom-text \" readability=\"39\">\n<p>La instituci\u00f3n bonaerense, tambi\u00e9n a trav\u00e9s de un comunicado en sus redes, un d\u00eda antes hab\u00eda informado que Otta, de 48 a\u00f1os, dejaba el Pincha de Caseros porque la oferta que hab\u00eda recibido desde Paran\u00e1 era superior a la que le pod\u00edan ofrecer desde Estudiantes,<\/p>\n<\/div>\n<div class=\"custom-embedhtml\" readability=\"6.2179487179487\">\n<blockquote class=\"twitter-tweet\" readability=\"6.6324786324786\">\n<p lang=\"es\" dir=\"ltr\"><a href=\"https:\/\/twitter.com\/hashtag\/F%C3%BAtbolMasculino?src=hash&amp;ref_src=twsrc%5Etfw\">#F\u00fatbolMasculino<\/a><\/p>\n<p>Desde el Club Atl\u00e9tico Estudiantes se informa que Walter Otta dej\u00f3 de ser el t\u00e9cnico del plantel profesional. Se ha realizado una oferta econ\u00f3mica importante, pero no alcanza con la propuesta que ha recibido el cuerpo t\u00e9cnico por parte de Patronato (+) <a href=\"https:\/\/t.co\/Wo5qZCYf3X\">pic.twitter.com\/Wo5qZCYf3X<\/a><\/p>\n<p>\u2014 Estudiantes (@EstudiantesOK) <a href=\"https:\/\/twitter.com\/EstudiantesOK\/status\/1596922256206475264?ref_src=twsrc%5Etfw\">November 27, 2022<\/a><\/p><\/blockquote><\/div>\n<div class=\"custom-embedhtml\" readability=\"8.3928571428571\">\n<blockquote class=\"twitter-tweet\" readability=\"10.257936507937\">\n<p lang=\"es\" dir=\"ltr\">Le agradecemos a Walter y a su cuerpo t\u00e9cnico por el trabajo realizado, el respeto, el compromiso y, fundamentalmente, por haber realizado una de las mejores campa\u00f1as en la historia de Estudiantes (+)<\/p>\n<p>\u2014 Estudiantes (@EstudiantesOK) <a href=\"https:\/\/twitter.com\/EstudiantesOK\/status\/1596922260765708288?ref_src=twsrc%5Etfw\">November 27, 2022<\/a><\/p><\/blockquote><\/div>\n<div class=\"sc-e9a69009-0 ehRQaG\" readability=\"6\">\n<section readability=\"2\"><picture><img class=\"img\" src=\"http:\/\/cordobadirecto.com\/wp-content\/uploads\/2022\/11\/quien-va-a-dirigir-a-patronato-en-la-libertadores-2.jpg\" alt=\"En Polonia les preocupa no &quot;darle un segundo a Messi&quot; \" height=\"290\" width=\"290\" loading=\"lazy\"><\/picture>\n<p><span>Mir\u00e1 tambi\u00e9n<\/span><\/p>\n<hr>\n<h3>En Polonia les preocupa no &#8220;darle un segundo a Messi&#8221; <\/h3>\n<\/p>\n<\/section>\n<\/div>\n<p><h2><strong>LA SALIDA DE SAVA<\/strong><\/h2>\n<\/p>\n<div class=\"custom-text \" readability=\"34\">\n<p>Facundo Sava peg\u00f3 el portazo y se march\u00f3 de Patronato tras el descenso de su equipo a la segunda divisi\u00f3n del f\u00fatbol nacional, y luego de una hist\u00f3rica conquista en la Copa Argentina.<\/p>\n<\/div>\n<div class=\"sc-b8e659bf-0 gCuBvW\"><img alt=\"Sava y su cuerpo t\u00e9cnico en la fiesta.\" srcset=\"http:\/\/cordobadirecto.com\/wp-content\/uploads\/2022\/11\/quien-va-a-dirigir-a-patronato-en-la-libertadores-3.jpg 1x, http:\/\/cordobadirecto.com\/wp-content\/uploads\/2022\/11\/quien-va-a-dirigir-a-patronato-en-la-libertadores-3.jpg 2x\" src=\"http:\/\/cordobadirecto.com\/wp-content\/uploads\/2022\/11\/quien-va-a-dirigir-a-patronato-en-la-libertadores-3.jpg\" width=\"720\" height=\"0\" decoding=\"async\" data-nimg=\"future\" loading=\"lazy\"><span>Sava y su cuerpo t\u00e9cnico en la fiesta.<\/span><\/div>\n<div class=\"custom-text \" readability=\"37\">\n<p>Con la participaci\u00f3n en la pr\u00f3xima edici\u00f3n de la Copa y la Primera Nacional, varios jugadores analizan su situaci\u00f3n a ra\u00edz de la partida del Colorado. La dirigencia, por lo pronto, ya tiene a su nuevo cuerpo t\u00e9cnico.<\/p>\n<\/div>\n<div class=\"sc-e9a69009-0 ehRQaG\" readability=\"6\">\n<section readability=\"2\"><picture><img class=\"img\" src=\"http:\/\/cordobadirecto.com\/wp-content\/uploads\/2022\/11\/quien-va-a-dirigir-a-patronato-en-la-libertadores-4.jpg\" alt=\"Otro amigazo de Messi sali\u00f3 a responderle a Canelo\" height=\"290\" width=\"290\" loading=\"lazy\"><\/picture>\n<p><span>Mir\u00e1 tambi\u00e9n<\/span><\/p>\n<hr>\n<h3>Otro amigazo de Messi sali\u00f3 a responderle a Canelo<\/h3>\n<\/p>\n<\/section>\n<\/div>\n<div class=\"sc-e9a69009-0 ehRQaG\" readability=\"6\">\n<section readability=\"2\"><picture><img class=\"img\" src=\"http:\/\/cordobadirecto.com\/wp-content\/uploads\/2022\/11\/quien-va-a-dirigir-a-patronato-en-la-libertadores-5.jpg\" alt=\"Anto y los Messi junior a puro gym: muchas familias en Qatar\" height=\"290\" width=\"290\" loading=\"lazy\"><\/picture>\n<p><span>Mir\u00e1 tambi\u00e9n<\/span><\/p>\n<hr>\n<h3>Anto y los Messi junior a puro gym: muchas familias en Qatar<\/h3>\n<\/p>\n<\/section>\n<\/div>\n","protected":false},"excerpt":{"rendered":"<p>Walter Otta dej\u00f3 de ser el entrenador de Estudiantes de Caseros y se sum\u00f3 a la traves\u00eda de Patronato de Parana, que en el 2023 disputar\u00e1 la Primera Nacional y \u00a1la Copa Libertadores! El club comunic\u00f3 a trav\u00e9s de sus redes sociales que el t\u00e9cnico cordob\u00e9s asum\u00eda como reemplazante de Facundo Sava y que su [&hellip;]<\/p>\n","protected":false},"author":1,"featured_media":89084,"comment_status":"closed","ping_status":"closed","sticky":false,"template":"","format":"standard","meta":[],"categories":[21],"tags":[],"_links":{"self":[{"href":"http:\/\/cordobadirecto.com\/index.php\/wp-json\/wp\/v2\/posts\/89083"}],"collection":[{"href":"http:\/\/cordobadirecto.com\/index.php\/wp-json\/wp\/v2\/posts"}],"about":[{"href":"http:\/\/cordobadirecto.com\/index.php\/wp-json\/wp\/v2\/types\/post"}],"author":[{"embeddable":true,"href":"http:\/\/cordobadirecto.com\/index.php\/wp-json\/wp\/v2\/users\/1"}],"replies":[{"embeddable":true,"href":"http:\/\/cordobadirecto.com\/index.php\/wp-json\/wp\/v2\/comments?post=89083"}],"version-history":[{"count":0,"href":"http:\/\/cordobadirecto.com\/index.php\/wp-json\/wp\/v2\/posts\/89083\/revisions"}],"wp:featuredmedia":[{"embeddable":true,"href":"http:\/\/cordobadirecto.com\/index.php\/wp-json\/wp\/v2\/media\/89084"}],"wp:attachment":[{"href":"http:\/\/cordobadirecto.com\/index.php\/wp-json\/wp\/v2\/media?parent=89083"}],"wp:term":[{"taxonomy":"category","embeddable":true,"href":"http:\/\/cordobadirecto.com\/index.php\/wp-json\/wp\/v2\/categories?post=89083"},{"taxonomy":"post_tag","embeddable":true,"href":"http:\/\/cordobadirecto.com\/index.php\/wp-json\/wp\/v2\/tags?post=89083"}],"curies":[{"name":"wp","href":"https:\/\/api.w.org\/{rel}","templated":true}]}}