{"id":89093,"date":"2022-11-28T23:14:54","date_gmt":"2022-11-28T23:14:54","guid":{"rendered":"https:\/\/cordoba.gob.ar\/?p=36723"},"modified":"2022-11-28T23:14:54","modified_gmt":"2022-11-28T23:14:54","slug":"llaryora-participo-en-ushuaia-del-encuentro-de-biodiverciudades","status":"publish","type":"post","link":"http:\/\/cordobadirecto.com\/index.php\/2022\/11\/28\/llaryora-participo-en-ushuaia-del-encuentro-de-biodiverciudades\/","title":{"rendered":"Llaryora particip\u00f3 en Ushuaia del Encuentro de BiodiverCiudades"},"content":{"rendered":"<div><img src=\"http:\/\/cordobadirecto.com\/wp-content\/uploads\/2022\/11\/llaryora-participo-en-ushuaia-del-encuentro-de-biodiverciudades.jpg\" class=\"ff-og-image-inserted\"><\/div>\n<p><strong>\u2022 Se trata del cierre 2022 del ciclo de eventos sobre BiodiverCiudades liderado por CAF en cinco ciudades de Am\u00e9rica Latina y el Caribe, en el que especialistas y autoridades comparten conocimientos, experiencias y buenas pr\u00e1cticas que est\u00e1n contribuyendo a consolidar un modelo de gesti\u00f3n urbana en armon\u00eda con la naturaleza.<\/strong><\/p>\n<p><strong>\u2022 <em>\u201cNo se puede hoy ser un l\u00edder pol\u00edtico en el mundo si no entendiste que estamos en un nuevo paradigma ambiental\u201d<\/em>, destac\u00f3 el intendente, quien es uno de los alcaldes fundadores de la Red de Biodiverciudades de Am\u00e9rica Latina y el Caribe.<\/strong><\/p>\n<hr>\n<p>Invitado por el Banco de Desarrollo de Am\u00e9rica Latina (CAF), el intendente Mart\u00edn Llaryora particip\u00f3, en la ciudad de Ushuaia, del Encuentro de BiodiverCiudades de Am\u00e9rica Latina y el Caribe.<\/p>\n<p>El objetivo de este evento es servir de espacio para el intercambio de experiencias, desaf\u00edos y propuestas entre m\u00e1s de 30 autoridades locales de toda la regi\u00f3n, as\u00ed como para la socializaci\u00f3n de una oferta de instrumentos y herramientas que desde CAF, en alianza con el Instituto de Investigaci\u00f3n de Recursos Biol\u00f3gicos Alexander von Humboldt, se pone a disposici\u00f3n de las m\u00e1s de 80 ciudades que actualmente forman parte de esta red y ratifican su compromiso con un desarrollo urbano en armon\u00eda con la naturaleza.<\/p>\n<p>Se busca as\u00ed consolidar el posicionamiento del concepto de BiodiverCiudades a nivel regional, contribuir a articular la red de ciudades comprometidas con una gesti\u00f3n urbana sostenible y explorar opciones de apoyo e instrumentos de colaboraci\u00f3n que, tanto en materia de generaci\u00f3n de conocimiento, fortalecimiento de capacidades y financiamiento, faciliten la transici\u00f3n hacia un modelo de desarrollo territorial en armon\u00eda con la biodiversidad local.<\/p>\n<p>Cabe recordar que en diciembre de 2021 el Intendente Mart\u00edn Llaryora firm\u00f3 \u201cLa Declaraci\u00f3n de Barranquilla\u201d, constituy\u00e9ndose como uno de los alcaldes fundadores de la \u201cRed de BiodiverCiudades de Am\u00e9rica Latina y el Caribe\u201d.<\/p>\n<p>Esta iniciativa re\u00fane a los gobiernos de las distintas ciudades, las empresas y la sociedad civil con el fin de forjar un futuro en el cual la naturaleza beneficie a las ciudades y las ciudades beneficien a la naturaleza.<\/p>\n<p>En el Encuentro en la ciudad de Ushuaia participaron las m\u00e1ximas autoridades de m\u00e1s de 30 ciudades de Am\u00e9rica Latina y el Caribe, representantes nacionales de distintos pa\u00edses de la regi\u00f3n vinculadas a la gesti\u00f3n urbana y el medio ambiente, importantes referentes en materia de preservaci\u00f3n y cuidado de la biodiversidad y representantes de la sociedad civil, el sector privado y la academia.<\/p>\n<p>Los espacios previstos para el intercambio de experiencias y la evaluaci\u00f3n de propuestas para fortalecer la gesti\u00f3n local, permitir\u00e1n consolidar una hoja de ruta que desde CAF -en alianza con el Instituto Humboldt y distintos socios del desarrollo sostenible- pueda impulsarse a lo largo de 2023.<\/p>\n<p>Durante las dos jornadas de trabajo habr\u00e1 diversos Conversatorio. El intendente Mart\u00edn Llaryora disert\u00f3 en el conversatorio <em>\u201cA un a\u00f1o de Barranquilla: reafirmando el compromiso de articular el trabajo en red en toda la regi\u00f3n\u201d.<\/em><\/p>\n<p>Al respecto, Llaryora en su disertaci\u00f3n se\u00f1al\u00f3: \u201cNo se puede hoy ser un l\u00edder pol\u00edtico en el mundo si no entendiste que estamos en un nuevo paradigma ambiental, y si no cambian lo \u00fanico q har\u00e1n como l\u00edderes es condenar a su pueblo al fracaso y la pobreza\u201d.<\/p>\n<p>Y a\u00f1adi\u00f3: \u201cTenemos que repensarnos en que cada hecho de gesti\u00f3n tiene que tener horizontalmente un concepto ambiental, pero no entenderlo al ambiente con una visi\u00f3n rom\u00e1ntica, sino como una gran oportunidad de un nuevo modelo econ\u00f3mico que se est\u00e1 viniendo, que se llama Econom\u00eda Circular que funcionar\u00e1 en aquellas ciudades que tengan biodiversidades\u201d.<\/p>\n<p>El mandatario cordob\u00e9s sostuvo que <em>\u201clas nuevas generaciones empezar\u00e1n a consumir bajo un consumo ambiental, por eso, no es s\u00f3lo el cambio de mecanismo de producci\u00f3n, sino un cambio en modelo de consumo\u201d.<\/em><\/p>\n<p>Llaryora resalt\u00f3 adem\u00e1s la importancia del apoyo del Estado a los emprendedores, instituciones que ya se hayan sumado a la econom\u00eda circular, acompa\u00f1\u00e1ndolos en estos cambios que aportan innovaci\u00f3n y desarrollo en materia de reciclaje.<\/p>\n<p>El intendente concluy\u00f3 su exposici\u00f3n con un claro mensaje: <em>\u201cBiodiversidades lo que est\u00e1 sumando es difundir ideas para aquellos l\u00edderes que quieren llevar a sus comunidades al progreso, por lo que cada uno de ellos tiene que entender que los nuevos paradigmas de la revoluci\u00f3n cient\u00edfico y tecnol\u00f3gica deben estar a la par del nuevo paradigma ambiental. Si no lo entienden de ese modo, van a ser l\u00edderes de atraso y fracaso\u201d.<\/em><\/p>\n<p>Junto a autoridades locales de ciudades integrantes de la red de BiodiverCiudades de Am\u00e9rica Latina y el Caribe eval\u00faan el camino a seguir para avanzar en la transici\u00f3n hacia un modelo de gesti\u00f3n urbana sostenible.<\/p>\n<p>Llaryora comparti\u00f3 el panel junto a los alcaldes de las ciudades de Barranquilla (Colombia), La Palma (El Salvador) y Cuenca (Ecuador), donde se tratar\u00e1n visiones sobre la mejor forma de aprovechar el intercambio y trabajo mancomunado entre municipios con distintas realidades, desaf\u00edos y oportunidades, y de estos con otros actores del desarrollo urbano.<\/p>\n","protected":false},"excerpt":{"rendered":"<p>\u2022 Se trata del cierre 2022 del ciclo de eventos sobre BiodiverCiudades liderado por CAF en cinco ciudades de Am\u00e9rica Latina y el Caribe, en el que especialistas y autoridades comparten conocimientos, experiencias y buenas pr\u00e1cticas que est\u00e1n contribuyendo a consolidar un modelo de gesti\u00f3n urbana en armon\u00eda con la naturaleza. \u2022 \u201cNo se puede [&hellip;]<\/p>\n","protected":false},"author":1,"featured_media":89094,"comment_status":"closed","ping_status":"closed","sticky":false,"template":"","format":"standard","meta":[],"categories":[44],"tags":[],"_links":{"self":[{"href":"http:\/\/cordobadirecto.com\/index.php\/wp-json\/wp\/v2\/posts\/89093"}],"collection":[{"href":"http:\/\/cordobadirecto.com\/index.php\/wp-json\/wp\/v2\/posts"}],"about":[{"href":"http:\/\/cordobadirecto.com\/index.php\/wp-json\/wp\/v2\/types\/post"}],"author":[{"embeddable":true,"href":"http:\/\/cordobadirecto.com\/index.php\/wp-json\/wp\/v2\/users\/1"}],"replies":[{"embeddable":true,"href":"http:\/\/cordobadirecto.com\/index.php\/wp-json\/wp\/v2\/comments?post=89093"}],"version-history":[{"count":0,"href":"http:\/\/cordobadirecto.com\/index.php\/wp-json\/wp\/v2\/posts\/89093\/revisions"}],"wp:featuredmedia":[{"embeddable":true,"href":"http:\/\/cordobadirecto.com\/index.php\/wp-json\/wp\/v2\/media\/89094"}],"wp:attachment":[{"href":"http:\/\/cordobadirecto.com\/index.php\/wp-json\/wp\/v2\/media?parent=89093"}],"wp:term":[{"taxonomy":"category","embeddable":true,"href":"http:\/\/cordobadirecto.com\/index.php\/wp-json\/wp\/v2\/categories?post=89093"},{"taxonomy":"post_tag","embeddable":true,"href":"http:\/\/cordobadirecto.com\/index.php\/wp-json\/wp\/v2\/tags?post=89093"}],"curies":[{"name":"wp","href":"https:\/\/api.w.org\/{rel}","templated":true}]}}