{"id":89095,"date":"2022-11-28T21:50:29","date_gmt":"2022-11-28T21:50:29","guid":{"rendered":"https:\/\/cordoba.gob.ar\/?p=36717"},"modified":"2022-11-28T21:50:29","modified_gmt":"2022-11-28T21:50:29","slug":"continua-activo-el-programa-para-personas-en-situacion-de-calle","status":"publish","type":"post","link":"http:\/\/cordobadirecto.com\/index.php\/2022\/11\/28\/continua-activo-el-programa-para-personas-en-situacion-de-calle\/","title":{"rendered":"Contin\u00faa activo el programa para Personas en Situaci\u00f3n de Calle"},"content":{"rendered":"<div><img src=\"http:\/\/cordobadirecto.com\/wp-content\/uploads\/2022\/11\/continua-activo-el-programa-para-personas-en-situacion-de-calle.jpg\" class=\"ff-og-image-inserted\"><\/div>\n<ul>\n<li><strong>Los equipos t\u00e9cnicos de la Secretar\u00eda de Pol\u00edticas Sociales avanzan con los recorridos por las calles de la ciudad.<\/strong><\/li>\n<li><strong>Los vecinos pueden avisar de personas en dicha situaci\u00f3n a trav\u00e9s del WhatsApp (+54 9 351 595 0589), o en la sede de la Secretar\u00eda, 27 de abril 784.<\/strong><\/li>\n<\/ul>\n<hr>\n<p>Desde la Municipalidad se recuerda a los vecinos que el Programa para Personas en Situaci\u00f3n de Calle sigue activo a lo largo de todo el a\u00f1o. El mismo se viene desarrollando desde el 2020, surgido por efecto de la pandemia, y que se fue consolidando como un programa permanente, de abordaje multidisciplinario en el cual intervienen psic\u00f3logos, trabajadores sociales, abogados y en articulaci\u00f3n con 12 organizaciones de la sociedad civil que trabajan en una mesa de coordinaci\u00f3n.<\/p>\n<p>Quienes observen a personas en dicha situaci\u00f3n de vulnerabilidad pueden dar aviso al 103 o v\u00eda mensaje de WhatsApp al +54 9 351 595 0589. Cuando llega un alerta, los profesionales se dirigen al lugar referido para brindar asistencia inmediata y espec\u00edfica para cada caso. Ambos canales de comunicaci\u00f3n siguen activos, a lo largo de todo el a\u00f1o.<\/p>\n<p>El Programa busca contribuir a la reintegraci\u00f3n de las personas en situaci\u00f3n de calle a la sociedad mejorando su calidad de vida, superando esa instancia, a trav\u00e9s de la intervenci\u00f3n de un equipo interdisciplinario que trabaja para su autonom\u00eda en el reconocimiento de los derechos mediante el despliegue de estrategias y acciones desde un abordaje integral.<\/p>\n<p>Cabe destacar que el trabajo se desarrolla junto a una mesa de trabajo integrada por 12 organizaciones de la sociedad que abordan de manera conjunta, aportando su experiencia, su labor y sus voluntarios, siendo el primer gobierno municipal que integra a estas asociaciones en la gesti\u00f3n y planificaci\u00f3n de las Pol\u00edticas Sociales con las Personas en Situaci\u00f3n de Calle.<\/p>\n<p>El secretario de Pol\u00edticas Sociales, Inclusi\u00f3n y Convivencia, Ra\u00fal La Cava particip\u00f3 de la \u00faltima reuni\u00f3n de trabajo junto a representantes de esas instituciones. La mesa se re\u00fane cada 15 d\u00edas, espacio en el que se comparten experiencias, se conversa sobre lo trabajado, sobre sus necesidades y las propias del programa, se acuerdan actividades y articulaciones.<\/p>\n<p>En ese marco, La Cava agradeci\u00f3 el trabajo de las instituciones, la confianza construida y destac\u00f3: <em>\u201chemos logrado quitar la no acci\u00f3n ante estos casos. Las y los vecinos de la ciudad ya no sienten o piensan que es \u201cnormal\u201d ver a alguien durmiendo en la calle. Eso se logr\u00f3 gracias a ustedes, al trabajo que vienen realizando hombro a hombro con el municipio, para no naturalizar esta problem\u00e1tica y buscar abordajes m\u00e1s integrales\u201d.<\/em><\/p>\n<p>Por su parte la subsecretaria de Planificaci\u00f3n y Gesti\u00f3n, Mar\u00eda Eugenia Pomazan rescat\u00f3: <em>\u201cla situaci\u00f3n de calle fue invisibilizada durante a\u00f1os, as\u00ed como el rol de tantas organizaciones y espacios que en soledad y con casi nulo acompa\u00f1amiento del estado, fueron trabajando para acompa\u00f1ar esta tremenda vulneraci\u00f3n de derechos. Hoy queremos agradecerles por permitirnos el trabajo conjunto, por confiar y por continuar tan generosamente y tan humanamente en esta tarea por revertir la realidad de las personas en situaci\u00f3n de calle\u201d.<\/em><\/p>\n<p>En esta reuni\u00f3n se renov\u00f3 el compromiso de la Municipalidad de C\u00f3rdoba para fortalecer el trabajo de las organizaciones, otorg\u00e1ndoles una nueva ayuda institucional a trav\u00e9s de fondos para consolidar la labor de cada voluntario y voluntaria que ofrece su esfuerzo y su tiempo para mejorar la calidad de vida de las personas en situaci\u00f3n de calle.<\/p>\n<p>PROGRAMA DE SITUACI\u00d3N DE CALLE<br \/>Al inicio de la pandemia, ante la disposici\u00f3n del Gobierno Nacional del aislamiento preventivo social y obligatorio, la Municipalidad de C\u00f3rdoba resolvi\u00f3 brindar alojamiento a las personas que se encontraban en situaci\u00f3n de calle en hoteles c\u00e9ntricos de la ciudad. De esta manera se garantizaba el cuidado sanitario correspondiente en espacios de comodidad y donde pod\u00edan realizar la cuarentena necesaria seg\u00fan cada caso.<\/p>\n<p>A la actualidad, quienes ingresan al programa cuentan con alojamiento, alimentaci\u00f3n, salud y se les brinda un acompa\u00f1amiento integral. A cambio, cada persona que ingresa al Programa acepta respetar normas de convivencia, compartir espacios de acompa\u00f1amiento psicol\u00f3gico y de salud.<\/p>\n<p>Cabe destacar la creaci\u00f3n de \u201cNuestra Casa\u201d, un espacio de primera categor\u00eda, con 60 plazas con espacios arquitect\u00f3nicamente dise\u00f1ados y preparados para ellos, donde pueden participar de diversos talleres y con un sal\u00f3n de usos m\u00faltiples para compartir con otros.<\/p>\n<p>Se trata de un \u201cdispositivo de pre egreso\u201d, quienes llegan ah\u00ed han transitado etapas anteriores del programa y ya llegan con una perspectiva de reintegraci\u00f3n a la vida social, laboral y afectiva.<\/p>\n<p>Desde el inicio del Programa se llevan alojadas unas 2257 personas. Ingresan al mismo de diversas maneras, a trav\u00e9s de la mesa de entrada en Secretar\u00eda de Pol\u00edticas Sociales (27 de abril 784); a trav\u00e9s de la l\u00ednea telef\u00f3nica del programa, por los recorridos realizados por los equipos; derivadas por organizaciones de la mesa de trabajo, como as\u00ed tambi\u00e9n derivadas por otras instituciones.<\/p>\n<p>De acuerdo al abordaje espec\u00edfico y teniendo en cuenta las necesidades particulares se les brinda un espacio de escucha y contenci\u00f3n. De ser necesario se realiza la gesti\u00f3n de DNI, acompa\u00f1amiento en materia sanitaria (chequeos, seguimiento y medicamentos). Algunas personas ingresadas al programa aspiran a la terminalidad educativa, se los asiste en el armado de curr\u00edculum vitae, revinculaci\u00f3n con sus familias y pasaje al lugar de residencia, como as\u00ed tambi\u00e9n se tramitan asistencias econ\u00f3micas y materiales.<\/p>\n<p>El enfoque integral con el que se trabaja en cada abordaje, implica la articulaci\u00f3n con otras \u00e1reas tanto de la misma Secretar\u00eda de Pol\u00edticas Sociales, Inclusi\u00f3n y Convivencia, como con otras reparticiones de la Municipalidad. Tambi\u00e9n se articula con \u00e1reas del Gobierno de la Provincia, con el Poder Judicial y otras instituciones de la ciudad.<\/p>\n<p>A su vez se logr\u00f3 que al menos 104 de los beneficiarios se sumaran al Programa de Servidoras y Servidores Urbanos, pudiendo as\u00ed acceder a capacitaciones para lograr herramientas que les permitan reinsertarse laboralmente.<\/p>\n","protected":false},"excerpt":{"rendered":"<p>Los equipos t\u00e9cnicos de la Secretar\u00eda de Pol\u00edticas Sociales avanzan con los recorridos por las calles de la ciudad. Los vecinos pueden avisar de personas en dicha situaci\u00f3n a trav\u00e9s del WhatsApp (+54 9 351 595 0589), o en la sede de la Secretar\u00eda, 27 de abril 784. Desde la Municipalidad se recuerda a los [&hellip;]<\/p>\n","protected":false},"author":1,"featured_media":89096,"comment_status":"closed","ping_status":"closed","sticky":false,"template":"","format":"standard","meta":[],"categories":[44],"tags":[],"_links":{"self":[{"href":"http:\/\/cordobadirecto.com\/index.php\/wp-json\/wp\/v2\/posts\/89095"}],"collection":[{"href":"http:\/\/cordobadirecto.com\/index.php\/wp-json\/wp\/v2\/posts"}],"about":[{"href":"http:\/\/cordobadirecto.com\/index.php\/wp-json\/wp\/v2\/types\/post"}],"author":[{"embeddable":true,"href":"http:\/\/cordobadirecto.com\/index.php\/wp-json\/wp\/v2\/users\/1"}],"replies":[{"embeddable":true,"href":"http:\/\/cordobadirecto.com\/index.php\/wp-json\/wp\/v2\/comments?post=89095"}],"version-history":[{"count":0,"href":"http:\/\/cordobadirecto.com\/index.php\/wp-json\/wp\/v2\/posts\/89095\/revisions"}],"wp:featuredmedia":[{"embeddable":true,"href":"http:\/\/cordobadirecto.com\/index.php\/wp-json\/wp\/v2\/media\/89096"}],"wp:attachment":[{"href":"http:\/\/cordobadirecto.com\/index.php\/wp-json\/wp\/v2\/media?parent=89095"}],"wp:term":[{"taxonomy":"category","embeddable":true,"href":"http:\/\/cordobadirecto.com\/index.php\/wp-json\/wp\/v2\/categories?post=89095"},{"taxonomy":"post_tag","embeddable":true,"href":"http:\/\/cordobadirecto.com\/index.php\/wp-json\/wp\/v2\/tags?post=89095"}],"curies":[{"name":"wp","href":"https:\/\/api.w.org\/{rel}","templated":true}]}}