{"id":89097,"date":"2022-11-28T22:30:00","date_gmt":"2022-11-28T22:30:00","guid":{"rendered":"http:\/\/cordobadirecto.com\/index.php\/2022\/11\/28\/ucrania-no-descarta-una-evacuacion-de-kiev-por-la-falta-de-luz\/"},"modified":"2022-11-28T22:30:00","modified_gmt":"2022-11-28T22:30:00","slug":"ucrania-no-descarta-una-evacuacion-de-kiev-por-la-falta-de-luz","status":"publish","type":"post","link":"http:\/\/cordobadirecto.com\/index.php\/2022\/11\/28\/ucrania-no-descarta-una-evacuacion-de-kiev-por-la-falta-de-luz\/","title":{"rendered":"Ucrania no descarta una evacuaci\u00f3n de Kiev por la falta de luz"},"content":{"rendered":"<figure class=\"mb-3\"><img loading=\"lazy\" src=\"http:\/\/cordobadirecto.com\/wp-content\/uploads\/2022\/11\/ucrania-no-descarta-una-evacuacion-de-kiev-por-la-falta-de-luz.jpg\" width=\"100%\" height=\"100%\" alt=\"Civiles ucranianos evacan la ciudad Foto AFP\"><figcaption> Civiles ucranianos evac\u00faan la ciudad. Foto: AFP <\/figcaption><\/figure>\n<p>Autoridades de Ucrania afirmaron este lunes que no descartan &#8220;el peor escenario&#8221; de una evacuaci\u00f3n de parte de la ciudad capital de Kiev, donde los hogares deber\u00e1n pasar el g\u00e9lido invierno con solo dos a tres horas diarias de luz a causa de los <strong><u><a href=\"https:\/\/www.telam.com.ar\/notas\/202211\/610977-ucrania-ataque-rusia-cortes-luz.html\" target=\"_blank\" rel=\"noopener\">ataques rusos contra la infraestructura energ\u00e9tica ucraniana.<\/a><\/u><\/strong><\/p>\n<p><strong>El alcalde de Kiev, Vitali Klitschko<\/strong>, afirm\u00f3 que no descarta &#8220;el peor escenario&#8221; y anticip\u00f3 que podr\u00eda haber una evacuaci\u00f3n &#8220;parcial&#8221; de la ciudad si persiste la <strong><u><a href=\"https:\/\/www.telam.com.ar\/notas\/202211\/610977-ucrania-ataque-rusia-cortes-luz.html\" target=\"_blank\" rel=\"noopener\">alteraci\u00f3n del suministro el\u00e9ctrico.<\/a><\/u><\/strong><\/p>\n<p><strong>&#8220;No descarto el peor escenario. No habr\u00e1 una evacuaci\u00f3n total, quiz\u00e1 una parcial, pero no ser\u00eda llamada evacuaci\u00f3n. Ser\u00eda una reubicaci\u00f3n temporal de ciertos grupos de gente hacia los suburbios y lugares donde haya servicios disponibles&#8221;<\/strong>, precis\u00f3 Klitschko en entrevista con RBK-Ukraine.<\/p>\n<p>Por ello, reclam\u00f3 a los residentes que &#8220;consideren diferentes escenarios y est\u00e9n preparados&#8221;, y agreg\u00f3 que &#8220;seg\u00fan informaci\u00f3n del Ej\u00e9rcito, el enemigo planea llevar a cabo ataques insidiosos contra la infraestructura del pa\u00eds para intimidar a los ucranianos con la oscuridad y el fr\u00edo&#8221;.<\/p>\n<p>La vocera del Comando Sur del Ej\u00e9rcito ucraniano, Natalia Gumeniuk, advirti\u00f3 que &#8220;es muy probable que el inicio de la semana est\u00e9 marcado por un ataque de este tipo&#8221;.<\/p>\n<p><strong>Seg\u00fan la Marina ucraniana, 11 barcos de guerra rusos, entre ellos un portamisiles que apareci\u00f3 este lunes, se encuentran en el mar Negro, frente a las costas de Ucrania<\/strong>, y hay otros en el mar de Azov y el Mediterr\u00e1neo, con un total de 76 ojivas que pueden ser disparadas.<\/p>\n<p>Estas declaraciones respaldan el discurso de anoche del presidente de Ucrania, Volodimir Zelenski, que pidi\u00f3 a sus compatriotas que se preparen para las consecuencias de nuevos ataques, despu\u00e9s de acusar a Rusia de &#8220;utilizar el fr\u00edo contra las personas&#8221; como un arma de guerra.<\/p>\n<p><strong>&#8220;Entendemos que los terroristas (las tropas rusas) est\u00e1n preparando nuevos ataques. Lo sabemos con seguridad. Y mientras tengan misiles, lamentablemente no se detendr\u00e1n&#8221;, afirm\u00f3 Zelenski<\/strong> en el video que diariamente graba para la poblaci\u00f3n ucraniana.<\/p>\n<p>&#8220;Nuestras fuerzas se preparan. Todo el Estado se prepara. Elaboramos todos los escenarios, incluso con socios&#8221; occidentales, agreg\u00f3, e inst\u00f3 a sus conciudadanos a prestar atenci\u00f3n a las alertas antia\u00e9reas.<\/p>\n<p><strong>Klitschko exhort\u00f3 a la poblaci\u00f3n de Kiev a abastecerse de agua potable, comida, ropa de invierno, tel\u00e9fonos cargados y ordenadores, as\u00ed como a descargar mapas que puedan ser utilizados sin conexi\u00f3n<\/strong> en caso de que sea necesario abandonar la ciudad, seg\u00fan la agencia de noticias ucraniana UNIAN.<\/p>\n<p>El grupo energ\u00e9tico DTEK advirti\u00f3 que los apagones de emergencia continuar\u00e1n en Kiev y que los hogares tendr\u00e1n luz solo dos o tres horas al d\u00eda.<\/p>\n<p>La informaci\u00f3n contrasta con otra difundida el domingo por autoridades de la administraci\u00f3n militar de Kiev, seg\u00fan la cual el servicio el\u00e9ctrico y la calefacci\u00f3n hab\u00edan quedado restablecidos en la mayor parte de la ciudad.<\/p>\n<p><strong>Los habitantes de Kiev pueden utilizar la energ\u00eda el\u00e9ctrica durante dos o tres horas al d\u00eda, seg\u00fan est\u00e1 previsto, inform\u00f3 DTEK.<\/strong><\/p>\n<p><strong>&#8220;Por orden de la empresa nacional de energ\u00eda Ukrenergo, debemos reducir el 60% de la capacidad de consumo de Kiev. Hacemos todo lo posible para suministrar luz a cada consumidor dos o tres horas al d\u00eda&#8221;, <\/strong>refiri\u00f3 la empresa en redes sociales.<\/p>\n<figure class=\"mb-3\"><img loading=\"lazy\" src=\"http:\/\/cordobadirecto.com\/wp-content\/uploads\/2022\/11\/ucrania-no-descarta-una-evacuacion-de-kiev-por-la-falta-de-luz-1.jpg\" width=\"100%\" height=\"100%\" alt=\"Bomberos trabajan para reestablecer la energa en Kiev Foto AFP\"><figcaption> Bomberos trabajan para reestablecer la energ\u00eda en Kiev. Foto: AFP <\/figcaption><\/figure>\n<p><br open> El ente precis\u00f3 que para el suministro de luz a infraestructuras cr\u00edticas, en particular hospitales, estaciones de bombeo y subestaciones el\u00e9ctricas, se requiere el 58% de la electricidad restante tras la reducci\u00f3n del consumo, mientras que el resto corresponde al de los usuarios dom\u00e9sticos.<\/p>\n<p>Ucrania reporta apagones programados y de emergencia debido a los destrozos que la red el\u00e9ctrica sufri\u00f3 en varias oleadas de ataques que Rusia llev\u00f3 a cabo en octubre y noviembre pasados.<\/p>\n<p>El primero de estos ataques fue en represalia por el atentado que destruy\u00f3 un tramo del puente del estrecho de Kerch, en Crimea, que caus\u00f3 cuatro muertes. Rusia lo atribuy\u00f3 a Ucrania, que ni lo confirm\u00f3 ni lo neg\u00f3.<\/p>\n<p><strong>El primer ministro ucraniano, Denis Shmigal, dijo este mes que &#8220;casi la mitad&#8221; de la red energ\u00e9tica nacional hab\u00eda sido da\u00f1ada.<\/strong><\/p>\n<p>Mientras tanto, seg\u00fan el balance diario de la presidencia ucraniana, cuatro civiles murieron, uno de ellos en la ciudad bajo ocupaci\u00f3n rusa Nova Kajovka, y 11 resultaron heridos en las \u00faltimas 24 horas en el pa\u00eds.<\/p>\n<p>Zelenski precis\u00f3 anoche que en la provincia de Donetsk, una de las cuatro que Rusia se anex\u00f3 en septiembre pasado, se registra una situaci\u00f3n &#8220;muy dif\u00edcil&#8221;, dado que all\u00ed se concentran los combates desde la retirada de las fuerzas rusas de la provincia de Jerson, en el sur.<\/p>\n<p>Otra de las provincias anexadas y bajo control ruso es Zaporiyia, donde se encuentra la central nuclear m\u00e1s grande de Europa y que desde hace semanas es centro de bombardeos de los que se acusan mutuamente Ucrania y Rusia.<\/p>\n<p>Este lunes, el vocero del Kremlin, Dmitri Peskov, desminti\u00f3 los rumores de que los militares rusos se preparan para retirarse de la planta de Zaporiyia y pidi\u00f3 &#8220;que dejen de buscar indicios donde no los hay ni puede haberlos&#8221;, en una comparecencia ante periodistas, inform\u00f3 la agencia de noticias AFP.<\/p>\n<p>Las autoridades instaladas por Rusia en la ciudad ucraniana de Energodar, donde se encuentra la central, denunciaron en Telegram que &#8220;pese a las falsedades en medios ucranianos, Zaporiyia sigue bajo control ruso&#8221; y record\u00f3 el anuncio de la empresa rusa Rosenegoatom sobre los planes para crear una segunda fuente de suministro de energ\u00eda para la central nuclear.<\/p>\n<p>&#8220;La seguridad operativa de la central nuclear est\u00e1 totalmente garantizada, en gran parte gracias a su personal, que entiende que este es territorio de Rusia para mucho tiempo&#8221;, agreg\u00f3 y denunci\u00f3 que los &#8220;servicios especiales de Ucrania buscan sembrar el p\u00e1nico en las ciudades liberadas por Rusia y distorsionar las afirmaciones de oficiales a favor de sus propios intereses&#8221;.<\/p>\n","protected":false},"excerpt":{"rendered":"<p>Civiles ucranianos evac\u00faan la ciudad. Foto: AFP Autoridades de Ucrania afirmaron este lunes que no descartan &#8220;el peor escenario&#8221; de una evacuaci\u00f3n de parte de la ciudad capital de Kiev, donde los hogares deber\u00e1n pasar el g\u00e9lido invierno con solo dos a tres horas diarias de luz a causa de los ataques rusos contra la [&hellip;]<\/p>\n","protected":false},"author":1,"featured_media":89098,"comment_status":"closed","ping_status":"closed","sticky":false,"template":"","format":"standard","meta":[],"categories":[24],"tags":[],"_links":{"self":[{"href":"http:\/\/cordobadirecto.com\/index.php\/wp-json\/wp\/v2\/posts\/89097"}],"collection":[{"href":"http:\/\/cordobadirecto.com\/index.php\/wp-json\/wp\/v2\/posts"}],"about":[{"href":"http:\/\/cordobadirecto.com\/index.php\/wp-json\/wp\/v2\/types\/post"}],"author":[{"embeddable":true,"href":"http:\/\/cordobadirecto.com\/index.php\/wp-json\/wp\/v2\/users\/1"}],"replies":[{"embeddable":true,"href":"http:\/\/cordobadirecto.com\/index.php\/wp-json\/wp\/v2\/comments?post=89097"}],"version-history":[{"count":0,"href":"http:\/\/cordobadirecto.com\/index.php\/wp-json\/wp\/v2\/posts\/89097\/revisions"}],"wp:featuredmedia":[{"embeddable":true,"href":"http:\/\/cordobadirecto.com\/index.php\/wp-json\/wp\/v2\/media\/89098"}],"wp:attachment":[{"href":"http:\/\/cordobadirecto.com\/index.php\/wp-json\/wp\/v2\/media?parent=89097"}],"wp:term":[{"taxonomy":"category","embeddable":true,"href":"http:\/\/cordobadirecto.com\/index.php\/wp-json\/wp\/v2\/categories?post=89097"},{"taxonomy":"post_tag","embeddable":true,"href":"http:\/\/cordobadirecto.com\/index.php\/wp-json\/wp\/v2\/tags?post=89097"}],"curies":[{"name":"wp","href":"https:\/\/api.w.org\/{rel}","templated":true}]}}