{"id":8922,"date":"2021-06-26T02:47:55","date_gmt":"2021-06-26T02:47:55","guid":{"rendered":"https:\/\/puntoapunto.com.ar\/?p=280117"},"modified":"2021-06-26T02:47:55","modified_gmt":"2021-06-26T02:47:55","slug":"la-cac-rechaza-la-apertura-de-nuevas-saladitas-en-el-interior-del-pais","status":"publish","type":"post","link":"http:\/\/cordobadirecto.com\/index.php\/2021\/06\/26\/la-cac-rechaza-la-apertura-de-nuevas-saladitas-en-el-interior-del-pais\/","title":{"rendered":"La CAC rechaza la apertura de nuevas \u201csaladitas\u201d en el interior del pa\u00eds"},"content":{"rendered":"<div><img src=\"http:\/\/cordobadirecto.com\/wp-content\/uploads\/2021\/06\/la-cac-rechaza-la-apertura-de-nuevas-saladitas-en-el-interior-del-pais.jpg\" class=\"ff-og-image-inserted\"><\/div>\n<p>La <strong>C\u00e1mara Argentina de Comercio y Servicios<\/strong> (CAC) expres\u00f3 su <strong>rechazo a la apertura de nuevas ferias denominadas \u201csaladitas\u201d<\/strong>, en todo el territorio nacional.<\/p>\n<p>Seg\u00fan la entidad, frente a la posible instalaci\u00f3n de nuevas ferias \u201ces importante recordar los <strong>efectos adversos que esos establecimientos provocan sobre la actividad econ\u00f3mica<\/strong> legalmente establecida\u201d.<\/p>\n<p>Esta semana, el coordinador general de La Salada,<strong> Jorge Castillo,<\/strong> confirm\u00f3 la intenci\u00f3n de instalarse en alg\u00fan sector de esa autopista. \u201c<strong>Hay tres terrenos posibles. <a href=\"https:\/\/puntoapunto.com.ar\/sobrevuela-la-salada-y-el-comercio-de-cordoba-se-pone-en-alerta\/\" target=\"_blank\" rel=\"noopener\">Dos en la provincia de C\u00f3rdoba<\/a> y uno en la zona de Rosario<\/strong>. Y todos sobre la autopista. Vamos a ver cu\u00e1l nos conviene y en cuanto lo definamos compramos el terreno y empezamos a instalar una sucursal\u201d, expres\u00f3.<\/p>\n<h5><strong>Competencia desleal&nbsp;<\/strong><\/h5>\n<p>Para la CAC, \u201cla instalaci\u00f3n y expansi\u00f3n de esas ferias han generado severos perjuicios al comercio <a href=\"https:\/\/puntoapunto.com.ar\/tag\/local\/\" class=\"st_tag internal_tag\" rel=\"tag\" title=\"Posts tagged with local\">local<\/a> tradicional, constituyendo una forma de <strong>competencia desleal<\/strong> \u2013dado el flagrante incumplimiento de obligaciones tributarias, previsionales y de otra \u00edndole que registran aquellas\u2013 y <strong>han afectado tambi\u00e9n al Estado y a los consumidores, al vulnerar sus derechos y garant\u00edas<\/strong>\u201c.<\/p>\n<p>Adem\u00e1s, puntualiz\u00f3 que entre \u201clos males asociados\u201d a estos establecimientos se encuentran \u201c<strong>la informalidad laboral, el trabajo esclavo, la <a href=\"https:\/\/puntoapunto.com.ar\/tag\/evasion\/\" class=\"st_tag internal_tag\" rel=\"tag\" title=\"Posts tagged with evasi\u00f3n\">evasi\u00f3n<\/a> fiscal, el fraude marcario, el contrabando de mercader\u00edas y la falta de controles, incluyendo los sanitarios<\/strong>\u201c.<\/p>\n<p>\u201cEste \u00faltimo punto es especialmente cr\u00edtico puesto que afecta la salud de los consumidores, teniendo en cuenta que las mercader\u00edas que se comercializan incluyen alimentos y animales vivos\u201d, a\u00f1adi\u00f3.<\/p>\n<p>Asimismo, la CAC record\u00f3, en un comunicado, la \u201ccr\u00edtica situaci\u00f3n que atraviesa el sector desde hace a\u00f1os, agravada por la pandemia de Covid-<a href=\"https:\/\/puntoapunto.com.ar\/tag\/19\/\" class=\"st_tag internal_tag\" rel=\"tag\" title=\"Posts tagged with 19\">19<\/a> y las restricciones asociadas en todo el pa\u00eds, que ha hecho que muchos comercios hayan tenido que cerrar de forma definitiva sus puertas\u201d.<\/p>\n<p>\u201cEs por todo ello que<strong> instamos a las autoridades a que act\u00faen en defensa del comercio legal<\/strong> para que pueda llevar a cabo sus actividades en igualdad de condiciones, disminuyendo de forma progresiva la informalidad y la competencia desleal; a la par que expresamos su apoyo a las c\u00e1maras, federaciones y confederaciones de empresarios de todo el pa\u00eds que trabajan en igual sentido\u201d, concluy\u00f3.<\/p>\n","protected":false},"excerpt":{"rendered":"<p>La C\u00e1mara Argentina de Comercio y Servicios (CAC) expres\u00f3 su rechazo a la apertura de nuevas ferias denominadas \u201csaladitas\u201d, en todo el territorio nacional. Seg\u00fan la entidad, frente a la posible instalaci\u00f3n de nuevas ferias \u201ces importante recordar los efectos adversos que esos establecimientos provocan sobre la actividad econ\u00f3mica legalmente establecida\u201d. Esta semana, el coordinador [&hellip;]<\/p>\n","protected":false},"author":1,"featured_media":8923,"comment_status":"closed","ping_status":"closed","sticky":false,"template":"","format":"standard","meta":[],"categories":[25],"tags":[],"_links":{"self":[{"href":"http:\/\/cordobadirecto.com\/index.php\/wp-json\/wp\/v2\/posts\/8922"}],"collection":[{"href":"http:\/\/cordobadirecto.com\/index.php\/wp-json\/wp\/v2\/posts"}],"about":[{"href":"http:\/\/cordobadirecto.com\/index.php\/wp-json\/wp\/v2\/types\/post"}],"author":[{"embeddable":true,"href":"http:\/\/cordobadirecto.com\/index.php\/wp-json\/wp\/v2\/users\/1"}],"replies":[{"embeddable":true,"href":"http:\/\/cordobadirecto.com\/index.php\/wp-json\/wp\/v2\/comments?post=8922"}],"version-history":[{"count":0,"href":"http:\/\/cordobadirecto.com\/index.php\/wp-json\/wp\/v2\/posts\/8922\/revisions"}],"wp:featuredmedia":[{"embeddable":true,"href":"http:\/\/cordobadirecto.com\/index.php\/wp-json\/wp\/v2\/media\/8923"}],"wp:attachment":[{"href":"http:\/\/cordobadirecto.com\/index.php\/wp-json\/wp\/v2\/media?parent=8922"}],"wp:term":[{"taxonomy":"category","embeddable":true,"href":"http:\/\/cordobadirecto.com\/index.php\/wp-json\/wp\/v2\/categories?post=8922"},{"taxonomy":"post_tag","embeddable":true,"href":"http:\/\/cordobadirecto.com\/index.php\/wp-json\/wp\/v2\/tags?post=8922"}],"curies":[{"name":"wp","href":"https:\/\/api.w.org\/{rel}","templated":true}]}}