{"id":8930,"date":"2021-06-25T21:20:00","date_gmt":"2021-06-25T21:20:00","guid":{"rendered":"http:\/\/cordobadirecto.com\/index.php\/2021\/06\/25\/condenaron-a-mas-de-22-anos-de-prision-al-policia-que-mato-a-george-floyd\/"},"modified":"2021-06-25T21:20:00","modified_gmt":"2021-06-25T21:20:00","slug":"condenaron-a-mas-de-22-anos-de-prision-al-policia-que-mato-a-george-floyd","status":"publish","type":"post","link":"http:\/\/cordobadirecto.com\/index.php\/2021\/06\/25\/condenaron-a-mas-de-22-anos-de-prision-al-policia-que-mato-a-george-floyd\/","title":{"rendered":"Condenaron a m\u00e1s de 22 a\u00f1os de prisi\u00f3n al polic\u00eda que mat\u00f3 a George Floyd"},"content":{"rendered":"<div class=\"image\" id=\"image\" readability=\"9\"> <img src=\"http:\/\/cordobadirecto.com\/wp-content\/uploads\/2021\/06\/condenaron-a-mas-de-22-anos-de-prision-al-policia-que-mato-a-george-floyd.jpg\" alt=\"El 25 de mayo de 2020, Chauvin espos\u00f3 e inmoviliz\u00f3 a Floyd contra el pavimento en medio de la calle. \" title=\"El 25 de mayo de 2020, Chauvin espos\u00f3 e inmoviliz\u00f3 a Floyd contra el pavimento en medio de la calle. \"><\/p>\n<p>El 25 de mayo de 2020, Chauvin espos\u00f3 e inmoviliz\u00f3 a Floyd contra el pavimento en medio de la calle. <\/p>\n<\/div>\n<p>La Justicia de Minnesota conden\u00f3 a 22 a\u00f1os y medio de prisi\u00f3n a Derek Chauvin, el expolic\u00eda que asfixi\u00f3 y mat\u00f3 a George Floyd el a\u00f1o pasado cuando lo deten\u00eda por usar un billete falso, un caso de brutalidad y racismo de las fuerzas de seguridad que desat\u00f3 una ola de protesta y repudio dentro y fuera de Estados Unidos.<\/p>\n<p>&#8220;La sentencia dictada hoy a un polic\u00eda de Minneapolis que mat\u00f3 a mi hermano George Floyd demuestra que la cuesti\u00f3n de la brutalidad policial finalmente se est\u00e1 tomando en serio. Sin embargo, tenemos un largo camino por recorrer y muchos cambios por hacer antes de que las personas negras y marrones finalmente se sientan tratadas de manera justa y humana por las fuerzas de seguridad de este pa\u00eds&#8221;, asegur\u00f3 Bridgett Floyd, hoy titular de una fundaci\u00f3n en honor de su hermano, tras escuchar la decisi\u00f3n del juez.<\/p>\n<p>A su lado, el abogado de la familia y referente en este tipo de casos penales Ben Crump calific\u00f3 la sentencia como &#8220;hist\u00f3rica&#8221;: &#8220;D\u00eda tras d\u00eda, a\u00f1os tras a\u00f1os, la Polic\u00eda mata a personas negras sin consecuencias. Pero hoy, con la sentencia a Chauvin, damos un paso significativo, algo que era inimaginable hace poco tiempo&#8221;, seg\u00fan reprodujo la cadena de noticias CNN.<\/p>\n<p>La audiencia en los tribunales de Minneapolis estuvo cargada de emoci\u00f3n y de testimonios fuertes antes de conocerse la sentencia, que seguramente la defensa del expolic\u00eda apelar\u00e1.<\/p>\n<p>Primero los familiares de Floyd hablaron sobre \u00e9l y c\u00f3mo fue tratado por Chauvin y el resto de los polic\u00edas que miraron sin hacer nada mientras lo asfixiaba. El hermano menor, de Floyd, Terrence, cerr\u00f3 su exposici\u00f3n con un pedido claro al juez Peter Cahill: la pena m\u00e1xima.<\/p>\n<p>La pena m\u00e1xima establecida por la ley de Minnesota era 40 a\u00f1os por homicidio en segundo grado, 25, por homicidio en tercer grado y 10, por homicidio involuntario.<\/p>\n<div class=\"image\" id=\"image\"> <img src=\"http:\/\/cordobadirecto.com\/wp-content\/uploads\/2021\/06\/condenaron-a-mas-de-22-anos-de-prision-al-policia-que-mato-a-george-floyd-1.jpg\" alt=\"Floyd muri\u00f3 asfixiado.\" title=\"Floyd muri\u00f3 asfixiado.\"><\/p>\n<p>Floyd muri\u00f3 asfixiado.<\/p>\n<\/div>\n<p>Tambi\u00e9n hablaron familiares del expolic\u00eda declarado culpable para pedir una condena m\u00ednima que evite m\u00e1s d\u00edas de privaci\u00f3n de su libertad y, finalmente, le toc\u00f3 el turno al propio Chauvin, con un mensaje un poco cr\u00edptico: &#8220;Quiero enviarles mis condolencias a la familia Floyd. Va a haber otra informaci\u00f3n en el futuro que les interesar\u00e1 y espero que les d\u00e9 un poco de paz.&#8221;<\/p>\n<p>La ley del estado de Minnesota establece una pena m\u00ednima de 12 a\u00f1os y medio de c\u00e1rcel para el expolic\u00eda blanco de 45 a\u00f1os, encarcelado desde hace dos meses al ser declarado culpable de homicidio por la muerte por asfixia de Floyd, en mayo de 2020. La Fiscal\u00eda ped\u00eda 30 a\u00f1os y la defensa, una probation y que se compute el tiempo que ya ha estado preso como pena cumplida.<\/p>\n<p>Pero ya en el veredicto, el juez Cahill hab\u00eda identificado circunstancias agravantes que dejaban claro que eligir\u00eda una sentencia mucho m\u00e1s severa, inform\u00f3 la agencia de noticias AFP.<\/p>\n<p>Cahill hab\u00eda considerado que Chauvin hab\u00eda &#8220;abusado de su posici\u00f3n de confianza y autoridad&#8221;, que hab\u00eda tratado a Floyd con &#8220;especial crueldad&#8221; frente a menores y que &#8220;cometi\u00f3 el crimen como grupo con la participaci\u00f3n activa de al menos otros tres&#8221; uniformados.<\/p>\n<p>El 25 de mayo de 2020, Chauvin y tres colegas arrestaron a Floyd, de 46 a\u00f1os, bajo la sospecha de que hab\u00eda pasado un billete falso de 20 d\u00f3lares en una comercio de Minneapolis, ciudad del norte de Estados Unidos.<\/p>\n<p>Floyd fue esposado e inmovilizado contra el pavimento en medio de la calle. Luego, Chauvin se arrodill\u00f3 sobre su cuello durante casi diez minutos, indiferente a las s\u00faplicas del detenido, que le dec\u00eda &#8220;no puedo respirar&#8221;, y de los testigos.<\/p>\n<p>La escena, filmada con un celular y subida a las redes por una joven, r\u00e1pidamente se volvi\u00f3 viral.<\/p>\n<p>Despu\u00e9s de semanas de confinamiento domiciliario por la pandemia del coronavirus, cientos de miles de personas salieron a las calles en todo el pa\u00eds y en otras partes del mundo para exigir el fin del racismo sist\u00e9mico y la brutalidad policial en Estados Unidos.<\/p>\n<p>A las masivas manifestaciones se sum\u00f3 el debate en torno a los problemas sociales urgentes que afectan a Estados Unidos, donde el presidente Joe Biden intenta emprender las reformas policiales que prometi\u00f3 durante su campa\u00f1a.<\/p>\n<div class=\"image\" id=\"image\" readability=\"9\"> <img src=\"http:\/\/cordobadirecto.com\/wp-content\/uploads\/2021\/06\/condenaron-a-mas-de-22-anos-de-prision-al-policia-que-mato-a-george-floyd-2.jpg\" alt=\"Cientos de miles de personas salieron a las calles en todo el mundo, para exigir el fin del racismo sist\u00e9mico.\" title=\"Cientos de miles de personas salieron a las calles en todo el mundo, para exigir el fin del racismo sist\u00e9mico.\"><\/p>\n<p>Cientos de miles de personas salieron a las calles en todo el mundo, para exigir el fin del racismo sist\u00e9mico.<\/p>\n<\/div>\n<p>Este viernes, desde la Casa Blanca, Biden se mostr\u00f3 ante la prensa satisfecho con la sentencia: \u201cNo conozco todas las circunstancias que fueron tenidas en cuenta, pero me parece, que fue apropiado.&#8221;<\/p>\n<p>El juicio de Chauvin, quien se neg\u00f3 a testificar, fue seguido de cerca por millones en todo el pa\u00eds y volvi\u00f3 a encender un tema que, a d\u00e9cadas del fin de la segregaci\u00f3n racial legal, sigue dividiendo al pa\u00eds, donde muchos polic\u00edas y ciudadanos siguen negando que exista un racismo estructural.<\/p>\n<p>Por ejemplo, el abogado de Chauvin, Eric Nelson, asegur\u00f3 que su cliente hab\u00eda seguido los procedimientos policiales vigentes en ese momento y que la muerte de afroestadounidense se debi\u00f3 a problemas de salud agravados por el consumo de drogas.<\/p>\n<p>Los miembros del jurado no quedaron convencidos y tardaron menos de diez horas en declararlo culpable.<\/p>\n<p>Su decisi\u00f3n fue recibida con alivio en todo el pa\u00eds, pues muchos temieron que una absoluci\u00f3n condujera a peores disturbios con la exoneraci\u00f3n, una vez m\u00e1s, de un polic\u00eda blanco.<\/p>\n<p>Pero el caso no termina con Chauvin: sus tres excolegas ser\u00e1n juzgados en marzo de 2022 por cargos de complicidad en homicidio.<\/p>\n<p>Paralelamente, los cuatro hombres tambi\u00e9n enfrentan cargos federales por violar los derechos constitucionales de Floyd, aunque a\u00fan no se fij\u00f3 una fecha para ese juicio.<\/p>\n<p>Adem\u00e1s, en el plano pol\u00edtico, el asesinato de Floyd tambi\u00e9n sigue motorizando proyectos de reforma policial a lo largo y ancho del pa\u00eds.<\/p>\n<p>El fiscal general de Minnesota, Keith Ellison, pidi\u00f3 no quedarse solo con la sentencia y utilizarla para presionar por una reforma en el estado.<\/p>\n<p>&#8220;No estoy hablando del tipo de cambio que lleva d\u00e9cadas. Estoy hablando de un cambio real, un cambio concreto que la gente pueda hacer ahora&#8221;, dijo. <\/p>\n","protected":false},"excerpt":{"rendered":"<p>El 25 de mayo de 2020, Chauvin espos\u00f3 e inmoviliz\u00f3 a Floyd contra el pavimento en medio de la calle. La Justicia de Minnesota conden\u00f3 a 22 a\u00f1os y medio de prisi\u00f3n a Derek Chauvin, el expolic\u00eda que asfixi\u00f3 y mat\u00f3 a George Floyd el a\u00f1o pasado cuando lo deten\u00eda por usar un billete falso, [&hellip;]<\/p>\n","protected":false},"author":1,"featured_media":8931,"comment_status":"closed","ping_status":"closed","sticky":false,"template":"","format":"standard","meta":[],"categories":[24],"tags":[],"_links":{"self":[{"href":"http:\/\/cordobadirecto.com\/index.php\/wp-json\/wp\/v2\/posts\/8930"}],"collection":[{"href":"http:\/\/cordobadirecto.com\/index.php\/wp-json\/wp\/v2\/posts"}],"about":[{"href":"http:\/\/cordobadirecto.com\/index.php\/wp-json\/wp\/v2\/types\/post"}],"author":[{"embeddable":true,"href":"http:\/\/cordobadirecto.com\/index.php\/wp-json\/wp\/v2\/users\/1"}],"replies":[{"embeddable":true,"href":"http:\/\/cordobadirecto.com\/index.php\/wp-json\/wp\/v2\/comments?post=8930"}],"version-history":[{"count":0,"href":"http:\/\/cordobadirecto.com\/index.php\/wp-json\/wp\/v2\/posts\/8930\/revisions"}],"wp:featuredmedia":[{"embeddable":true,"href":"http:\/\/cordobadirecto.com\/index.php\/wp-json\/wp\/v2\/media\/8931"}],"wp:attachment":[{"href":"http:\/\/cordobadirecto.com\/index.php\/wp-json\/wp\/v2\/media?parent=8930"}],"wp:term":[{"taxonomy":"category","embeddable":true,"href":"http:\/\/cordobadirecto.com\/index.php\/wp-json\/wp\/v2\/categories?post=8930"},{"taxonomy":"post_tag","embeddable":true,"href":"http:\/\/cordobadirecto.com\/index.php\/wp-json\/wp\/v2\/tags?post=8930"}],"curies":[{"name":"wp","href":"https:\/\/api.w.org\/{rel}","templated":true}]}}