{"id":8961,"date":"2021-06-26T16:36:41","date_gmt":"2021-06-26T16:36:41","guid":{"rendered":"http:\/\/cordobadirecto.com\/index.php\/2021\/06\/26\/fallecio-rinaldo-rafanelli-bajista-de-sui-generis-color-humano-y-polifemo\/"},"modified":"2021-06-26T16:36:41","modified_gmt":"2021-06-26T16:36:41","slug":"fallecio-rinaldo-rafanelli-bajista-de-sui-generis-color-humano-y-polifemo","status":"publish","type":"post","link":"http:\/\/cordobadirecto.com\/index.php\/2021\/06\/26\/fallecio-rinaldo-rafanelli-bajista-de-sui-generis-color-humano-y-polifemo\/","title":{"rendered":"Falleci\u00f3 Rinaldo Rafanelli, bajista de Sui Generis, Color Humano y Polifemo"},"content":{"rendered":"<div><img src=\"http:\/\/cordobadirecto.com\/wp-content\/uploads\/2021\/06\/fallecio-rinaldo-rafanelli-bajista-de-sui-generis-color-humano-y-polifemo.png\" class=\"ff-og-image-inserted\"><\/div>\n<p>Rinaldo Rafanelli, bajista de bandas de rock argentino como Sui Generis, Polifemo y Color Humano, falleci\u00f3 este viernes en la ciudad de Villa Mercedes, San Luis, a los 71 a\u00f1os, como consecuencia de un c\u00e1ncer.<\/p>\n<p>Rafanelli nacido en Buenos Aires, en julio de 1949, llevaba varios a\u00f1os viviendo en la provincia de San Luis, en la ciudad de Villa Mercedes y este viernes a las 17 se descompens\u00f3 en su casa y su esposa llam\u00f3 de inmediato a la ambulancia de un sanatorio privado, que cuando lleg\u00f3 nada pudo hacer ante lo fulminante del ataque.<\/p>\n<p>Rafanelli hab\u00eda comenzado hace una semana un tratamiento de quimioterapia, al que hab\u00eda respondido favorablemente, detallaron m\u00fasicos de San Luis, amigos del artista.<\/p>\n<p>En esa ciudad, el bajista tocaba en los bares locales y daba clases de bajo, direcci\u00f3n y producci\u00f3n musical.<\/p>\n<p>Rafanelli comenz\u00f3 su carrera como m\u00fasico con la banda <strong>Color Humano<\/strong>, que estaba conformada por Edelmiro Molinari en guitarra y David Leb\u00f3n en bater\u00eda. M\u00e1s tarde Oscar Moro ingres\u00f3 en lugar de Leb\u00f3n. Este combo grab\u00f3 tres discos ampliamente elogiados.<\/p>\n<p>En <strong>1973, Charly Garc\u00eda lo convoc\u00f3 para que se sume a Sui G\u00e9neris,<\/strong> junto a Nito Mestre y Juan Rodr\u00edguez. En esta banda, Rafanelli se transform\u00f3 en un miembro fundamental en el que todos se apoyaban, y por otro lado respond\u00eda muy bien a la necesidad de Charly.<\/p>\n<p>En Sui Generis grab\u00f3 el disco <strong>\u201cPeque\u00f1as an\u00e9cdotas sobre las instituciones\u201d <\/strong>y luego en el concierto de despedida. En forma paralela, Rafanelli hab\u00eda formado <strong>Polifemo junto con David Leb\u00f3n en guitarras y Juan Rodr\u00edguez en bater\u00eda<\/strong>, con quienes edit\u00f3 dos discos.<\/p>\n<p>Despu\u00e9s form\u00f3 <strong>Seleste<\/strong>, junt\u00f3 a Alejandro De Michele, Leb\u00f3n, Pedro Aznar, Pomo y Mariano Rappoport, pero esta formaci\u00f3n no lleg\u00f3 a grabar discos.<\/p>\n<p>Rafanelli si tocar\u00eda con<strong> Porsuigieco<\/strong> y con Charly en diversas etapas de su carrera. Hasta que en los 80 se sum\u00f3 a Daniel Morano y Sergio Nacif para el combo de ska y reggae Alphonso S&#8217;entrega, con los que edito dos discos.<\/p>\n<p>En Paralelo toc\u00f3 en \u201cDetectives\u201d, el disco debut de Fabiana Cantilo, y la vida lo reencontrar\u00eda con Morano con quien formo el combo pop Los Romeos que tambi\u00e9n publicaron dos discos.<\/p>\n<p>Luego produjo trabajos de Parte del Asunto, Los Abejorros, Los Perros Calientes y Durazno de Gala, entre otros, hasta que en los 90 se sum\u00f3 a la banda de Charly Garc\u00eda para grabar \u201cSay No More\u201d y \u201cAlta Fidelidad\u201d, el disco de canciones del bigote bicolor que fueron interpretadas por Mercedes Sosa.<\/p>\n<p>Cuando los problemas de excesos de Garc\u00eda se profundizaron, Rafanelli abandon\u00f3 la banda y le inici\u00f3 un juicio por regal\u00edas, que le vali\u00f3 el enojo de Charly quien lo \u201cescrach\u00f3\u201d en varios conciertos y reportajes.<\/p>\n<p>Ya en el siglo XXI arm\u00f3 su banda la Rimambl\u00fa con la que se dedic\u00f3 a tocar en lugares dedicados al blues y as\u00ed produjo discos de Pajarito Zaguri, Carlos Johnson, Phil Guy y Little Mack Simmons, entre otros artistas.<\/p>\n<p>Al conocerse la noticia de su fallecimiento, Rafanelli fue homenajeado por el Instituto Nacional de la M\u00fasica (INAMU), por Andrea Alvarez y otros m\u00fasicos. <\/p>\n","protected":false},"excerpt":{"rendered":"<p>Rinaldo Rafanelli, bajista de bandas de rock argentino como Sui Generis, Polifemo y Color Humano, falleci\u00f3 este viernes en la ciudad de Villa Mercedes, San Luis, a los 71 a\u00f1os, como consecuencia de un c\u00e1ncer. Rafanelli nacido en Buenos Aires, en julio de 1949, llevaba varios a\u00f1os viviendo en la provincia de San Luis, en [&hellip;]<\/p>\n","protected":false},"author":1,"featured_media":8962,"comment_status":"closed","ping_status":"closed","sticky":false,"template":"","format":"standard","meta":[],"categories":[20],"tags":[],"_links":{"self":[{"href":"http:\/\/cordobadirecto.com\/index.php\/wp-json\/wp\/v2\/posts\/8961"}],"collection":[{"href":"http:\/\/cordobadirecto.com\/index.php\/wp-json\/wp\/v2\/posts"}],"about":[{"href":"http:\/\/cordobadirecto.com\/index.php\/wp-json\/wp\/v2\/types\/post"}],"author":[{"embeddable":true,"href":"http:\/\/cordobadirecto.com\/index.php\/wp-json\/wp\/v2\/users\/1"}],"replies":[{"embeddable":true,"href":"http:\/\/cordobadirecto.com\/index.php\/wp-json\/wp\/v2\/comments?post=8961"}],"version-history":[{"count":0,"href":"http:\/\/cordobadirecto.com\/index.php\/wp-json\/wp\/v2\/posts\/8961\/revisions"}],"wp:featuredmedia":[{"embeddable":true,"href":"http:\/\/cordobadirecto.com\/index.php\/wp-json\/wp\/v2\/media\/8962"}],"wp:attachment":[{"href":"http:\/\/cordobadirecto.com\/index.php\/wp-json\/wp\/v2\/media?parent=8961"}],"wp:term":[{"taxonomy":"category","embeddable":true,"href":"http:\/\/cordobadirecto.com\/index.php\/wp-json\/wp\/v2\/categories?post=8961"},{"taxonomy":"post_tag","embeddable":true,"href":"http:\/\/cordobadirecto.com\/index.php\/wp-json\/wp\/v2\/tags?post=8961"}],"curies":[{"name":"wp","href":"https:\/\/api.w.org\/{rel}","templated":true}]}}