{"id":8989,"date":"2021-06-25T20:03:45","date_gmt":"2021-06-25T20:03:45","guid":{"rendered":"http:\/\/cordobadirecto.com\/index.php\/2021\/06\/25\/el-presidente-remarco-la-importancia-de-la-obra-publica-para-motorizar-la-actividad-economica-y\/"},"modified":"2021-06-25T20:03:45","modified_gmt":"2021-06-25T20:03:45","slug":"el-presidente-remarco-la-importancia-de-la-obra-publica-para-motorizar-la-actividad-economica-y","status":"publish","type":"post","link":"http:\/\/cordobadirecto.com\/index.php\/2021\/06\/25\/el-presidente-remarco-la-importancia-de-la-obra-publica-para-motorizar-la-actividad-economica-y\/","title":{"rendered":"El Presidente remarc\u00f3 la importancia de la obra p\u00fablica \u201cpara motorizar la actividad <b>econ\u00f3mica<\/b> y &#8230;"},"content":{"rendered":"<p>Es muy importante tambi\u00e9n para motorizar la <b>econom\u00eda<\/b> porque detr\u00e1s de la obra &#8230; Del acto de habilitaci\u00f3n de los tramos <b>nuevos<\/b>, que tuvo lugar en el &#8230; el gobernador Schiaretti consider\u00f3 que \u201choy es un d\u00eda especial para <b>C\u00f3rdoba<\/b>,&nbsp;&#8230; <\/p>\n","protected":false},"excerpt":{"rendered":"<p>Es muy importante tambi\u00e9n para motorizar la econom\u00eda porque detr\u00e1s de la obra &#8230; Del acto de habilitaci\u00f3n de los tramos nuevos, que tuvo lugar en el &#8230; el gobernador Schiaretti consider\u00f3 que \u201choy es un d\u00eda especial para C\u00f3rdoba,&nbsp;&#8230;<\/p>\n","protected":false},"author":1,"featured_media":0,"comment_status":"closed","ping_status":"closed","sticky":false,"template":"","format":"standard","meta":[],"categories":[40],"tags":[],"_links":{"self":[{"href":"http:\/\/cordobadirecto.com\/index.php\/wp-json\/wp\/v2\/posts\/8989"}],"collection":[{"href":"http:\/\/cordobadirecto.com\/index.php\/wp-json\/wp\/v2\/posts"}],"about":[{"href":"http:\/\/cordobadirecto.com\/index.php\/wp-json\/wp\/v2\/types\/post"}],"author":[{"embeddable":true,"href":"http:\/\/cordobadirecto.com\/index.php\/wp-json\/wp\/v2\/users\/1"}],"replies":[{"embeddable":true,"href":"http:\/\/cordobadirecto.com\/index.php\/wp-json\/wp\/v2\/comments?post=8989"}],"version-history":[{"count":0,"href":"http:\/\/cordobadirecto.com\/index.php\/wp-json\/wp\/v2\/posts\/8989\/revisions"}],"wp:attachment":[{"href":"http:\/\/cordobadirecto.com\/index.php\/wp-json\/wp\/v2\/media?parent=8989"}],"wp:term":[{"taxonomy":"category","embeddable":true,"href":"http:\/\/cordobadirecto.com\/index.php\/wp-json\/wp\/v2\/categories?post=8989"},{"taxonomy":"post_tag","embeddable":true,"href":"http:\/\/cordobadirecto.com\/index.php\/wp-json\/wp\/v2\/tags?post=8989"}],"curies":[{"name":"wp","href":"https:\/\/api.w.org\/{rel}","templated":true}]}}