{"id":8990,"date":"2021-06-26T21:15:09","date_gmt":"2021-06-26T21:15:09","guid":{"rendered":"https:\/\/puntoapunto.com.ar\/?p=279970"},"modified":"2021-06-26T21:15:09","modified_gmt":"2021-06-26T21:15:09","slug":"lee-la-edicion-semanal-el-plan-federal-de-olx-autos","status":"publish","type":"post","link":"http:\/\/cordobadirecto.com\/index.php\/2021\/06\/26\/lee-la-edicion-semanal-el-plan-federal-de-olx-autos\/","title":{"rendered":"Le\u00e9 la edici\u00f3n semanal: el plan federal de OLX Autos"},"content":{"rendered":"<div><img src=\"http:\/\/cordobadirecto.com\/wp-content\/uploads\/2021\/06\/lee-la-edicion-semanal-el-plan-federal-de-olx-autos.jpg\" class=\"ff-og-image-inserted\"><\/div>\n<p>Con fuerte <strong>anclaje en C\u00f3rdoba<\/strong>, donde sell\u00f3 alianzas estrat\u00e9gicas, <strong>la multinacional busca <\/strong><strong>convertirse en un player mayorista para la comercializaci\u00f3n de usados<\/strong>. Los n\u00fameros y el rol clave de las agencias.<\/p>\n<p>Ese es el tema principal, a trav\u00e9s de una entrevista con el CEO de la compa\u00f1\u00eda.<\/p>\n<p>Adem\u00e1s, en esta edici\u00f3n:<\/p>\n<p>-Dentro del mercado de las <a href=\"https:\/\/puntoapunto.com.ar\/tag\/oficinas\/\" class=\"st_tag internal_tag\" rel=\"tag\" title=\"Posts tagged with oficinas\">oficinas<\/a>, Officenter cre\u00f3 un modelo para el alquiler de oficinas y <b>proyecta el redise\u00f1o \u201ca fondo\u201d de uno de sus edificios.<\/b><\/p>\n<p>-De cara al <a href=\"https:\/\/puntoapunto.com.ar\/tag\/segundo\/\" class=\"st_tag internal_tag\" rel=\"tag\" title=\"Posts tagged with Segundo\">segundo<\/a> semestre, la <strong>industria<\/strong> le escapa&nbsp; la segunda ola: en lo que va del <a href=\"https:\/\/puntoapunto.com.ar\/tag\/ano\/\" class=\"st_tag internal_tag\" rel=\"tag\" title=\"Posts tagged with a\u00f1o\">a\u00f1o<\/a><b> mantuvo un crecimiento respecto a 2019.<\/b> L<\/p>\n<p>-En tanto, <strong>Idesa<\/strong> advierte que <strong>se duplic\u00f3 la destrucci\u00f3n de <a href=\"https:\/\/puntoapunto.com.ar\/tag\/empresas\/\" class=\"st_tag internal_tag\" rel=\"tag\" title=\"Posts tagged with Empresas\">empresas<\/a> empleadoras<\/strong>.<\/p>\n<p>-\u201cLas <strong>SAS<\/strong> pasaron a ser un problema ideol\u00f3gico que solo perjudica a los emprendedores\u201d.&nbsp; La visi\u00f3n de <strong>Luciano Nicora,<\/strong> uno de los referentes del ecosistema emprendedor local, sobre el proyecto que avanza en Diputados.<\/p>\n<h5><a href=\"https:\/\/indd.adobe.com\/view\/239f19f6-432e-45ee-90d0-0e09058efaed\"><span><strong>Hace click ac\u00e1 y lee la edici\u00f3n completa<\/strong><\/span><\/a><\/h5>\n<p>No tags for this post. <\/p>\n","protected":false},"excerpt":{"rendered":"<p>Con fuerte anclaje en C\u00f3rdoba, donde sell\u00f3 alianzas estrat\u00e9gicas, la multinacional busca convertirse en un player mayorista para la comercializaci\u00f3n de usados. Los n\u00fameros y el rol clave de las agencias. Ese es el tema principal, a trav\u00e9s de una entrevista con el CEO de la compa\u00f1\u00eda. Adem\u00e1s, en esta edici\u00f3n: -Dentro del mercado de [&hellip;]<\/p>\n","protected":false},"author":1,"featured_media":8991,"comment_status":"closed","ping_status":"closed","sticky":false,"template":"","format":"standard","meta":[],"categories":[25],"tags":[],"_links":{"self":[{"href":"http:\/\/cordobadirecto.com\/index.php\/wp-json\/wp\/v2\/posts\/8990"}],"collection":[{"href":"http:\/\/cordobadirecto.com\/index.php\/wp-json\/wp\/v2\/posts"}],"about":[{"href":"http:\/\/cordobadirecto.com\/index.php\/wp-json\/wp\/v2\/types\/post"}],"author":[{"embeddable":true,"href":"http:\/\/cordobadirecto.com\/index.php\/wp-json\/wp\/v2\/users\/1"}],"replies":[{"embeddable":true,"href":"http:\/\/cordobadirecto.com\/index.php\/wp-json\/wp\/v2\/comments?post=8990"}],"version-history":[{"count":0,"href":"http:\/\/cordobadirecto.com\/index.php\/wp-json\/wp\/v2\/posts\/8990\/revisions"}],"wp:featuredmedia":[{"embeddable":true,"href":"http:\/\/cordobadirecto.com\/index.php\/wp-json\/wp\/v2\/media\/8991"}],"wp:attachment":[{"href":"http:\/\/cordobadirecto.com\/index.php\/wp-json\/wp\/v2\/media?parent=8990"}],"wp:term":[{"taxonomy":"category","embeddable":true,"href":"http:\/\/cordobadirecto.com\/index.php\/wp-json\/wp\/v2\/categories?post=8990"},{"taxonomy":"post_tag","embeddable":true,"href":"http:\/\/cordobadirecto.com\/index.php\/wp-json\/wp\/v2\/tags?post=8990"}],"curies":[{"name":"wp","href":"https:\/\/api.w.org\/{rel}","templated":true}]}}