{"id":8994,"date":"2021-06-26T14:16:22","date_gmt":"2021-06-26T14:16:22","guid":{"rendered":"https:\/\/www.cordoba.gob.ar\/?p=10535"},"modified":"2021-06-26T14:16:22","modified_gmt":"2021-06-26T14:16:22","slug":"programa-centros-de-acceso-a-la-justicia-en-parques-educativos","status":"publish","type":"post","link":"http:\/\/cordobadirecto.com\/index.php\/2021\/06\/26\/programa-centros-de-acceso-a-la-justicia-en-parques-educativos\/","title":{"rendered":"Programa Centros de Acceso a la Justicia en Parques Educativos"},"content":{"rendered":"<div><img src=\"http:\/\/cordobadirecto.com\/wp-content\/uploads\/2021\/06\/programa-centros-de-acceso-a-la-justicia-en-parques-educativos.jpg\" class=\"ff-og-image-inserted\"><\/div>\n<ul>\n<li><strong> La iniciativa tiene como objetivo promover y fortalecer el acceso a la justicia para que los vecinos cuenten con asesoramiento legal para llevar adelante gestiones de diversos tr\u00e1mites y servicios.<\/strong><br \/>\n<hr>\n<\/li>\n<\/ul>\n<p>La Direcci\u00f3n de Parques Educativos dependiente de la Secretar\u00eda de Educaci\u00f3n de la Municipalidad y la Direcci\u00f3n Nacional de Promoci\u00f3n y Fortalecimiento para el Acceso a la Justicia del Ministerio de Justicia y Derechos Humanos firmaron un convenio de colaboraci\u00f3n entre ambos organismos a los fines de llevar a cabo recorridos fijos de los Centros de Acceso a la Justicia en los Parques Educativos, buscando as\u00ed poder atender y resolver las demandas de los vecinos y vecinas de los barrios cordobeses que diariamente desarrollan tareas o se acercan a los parques.<\/p>\n<p>En ese sentido, el acuerdo tiene como prop\u00f3sitos concretar ideas novedosas y propuestas que atiendan a la satisfacci\u00f3n de los derechos de ni\u00f1os, j\u00f3venes, adultos y adultos mayores; a su abordaje integral, y la inclusi\u00f3n social, como as\u00ed tambi\u00e9n propiciar el intercambio y difusi\u00f3n de experiencias, propuestas y programas.<\/p>\n<p>La primera experiencia se llevar\u00e1 a cabo en el Parque Educativo Este. Dicha iniciativa tiene como objetivo promover y fortalecer el acceso a la justicia, para que los vecinos puedan llevar adelante diversas gestiones de tr\u00e1mites y servicio.<\/p>\n<p>Por su parte, el Secretario de Educaci\u00f3n, Horacio Ferreyra, manifest\u00f3: \u201cEsta propuesta nos permite trabajar mancomunadamente entre distintos niveles del Estado, para mejorar la accesibilidad a los diferentes servicios, tr\u00e1mites y gestiones que requieren de asesoramiento profesional. Nuestro horizonte es que los parques educativos sean, tambi\u00e9n, espacios para promover derechos y acercar una mejor calidad de vida para la ciudadan\u00eda, como sostiene el intendente Martin Llaryora\u201d<\/p>\n<p>Participaron de la instancia Eugenia Ritondi, Directora de Parques Educativos; Mabel Basualdo, Sub-Directora del Parque Educativo Este; en representaci\u00f3n de la Municipalidad de C\u00f3rdoba; Sergio Job, Coordinador Regional; y Sergio Carullo, Coordinador del CAJ Maldonado, y Gabriela Carpineti en representaci\u00f3n de la Direcci\u00f3n de Promoci\u00f3n y Fortalecimiento de Acceso a la Justicia, del Ministerio de Justicia y Derechos Humanos de la Naci\u00f3n.<\/p>\n","protected":false},"excerpt":{"rendered":"<p>La iniciativa tiene como objetivo promover y fortalecer el acceso a la justicia para que los vecinos cuenten con asesoramiento legal para llevar adelante gestiones de diversos tr\u00e1mites y servicios. La Direcci\u00f3n de Parques Educativos dependiente de la Secretar\u00eda de Educaci\u00f3n de la Municipalidad y la Direcci\u00f3n Nacional de Promoci\u00f3n y Fortalecimiento para el Acceso [&hellip;]<\/p>\n","protected":false},"author":1,"featured_media":8995,"comment_status":"closed","ping_status":"closed","sticky":false,"template":"","format":"standard","meta":[],"categories":[44],"tags":[],"_links":{"self":[{"href":"http:\/\/cordobadirecto.com\/index.php\/wp-json\/wp\/v2\/posts\/8994"}],"collection":[{"href":"http:\/\/cordobadirecto.com\/index.php\/wp-json\/wp\/v2\/posts"}],"about":[{"href":"http:\/\/cordobadirecto.com\/index.php\/wp-json\/wp\/v2\/types\/post"}],"author":[{"embeddable":true,"href":"http:\/\/cordobadirecto.com\/index.php\/wp-json\/wp\/v2\/users\/1"}],"replies":[{"embeddable":true,"href":"http:\/\/cordobadirecto.com\/index.php\/wp-json\/wp\/v2\/comments?post=8994"}],"version-history":[{"count":0,"href":"http:\/\/cordobadirecto.com\/index.php\/wp-json\/wp\/v2\/posts\/8994\/revisions"}],"wp:featuredmedia":[{"embeddable":true,"href":"http:\/\/cordobadirecto.com\/index.php\/wp-json\/wp\/v2\/media\/8995"}],"wp:attachment":[{"href":"http:\/\/cordobadirecto.com\/index.php\/wp-json\/wp\/v2\/media?parent=8994"}],"wp:term":[{"taxonomy":"category","embeddable":true,"href":"http:\/\/cordobadirecto.com\/index.php\/wp-json\/wp\/v2\/categories?post=8994"},{"taxonomy":"post_tag","embeddable":true,"href":"http:\/\/cordobadirecto.com\/index.php\/wp-json\/wp\/v2\/tags?post=8994"}],"curies":[{"name":"wp","href":"https:\/\/api.w.org\/{rel}","templated":true}]}}