{"id":9011,"date":"2021-06-27T15:45:49","date_gmt":"2021-06-27T15:45:49","guid":{"rendered":"https:\/\/puntoapunto.com.ar\/?p=278927"},"modified":"2021-06-27T15:45:49","modified_gmt":"2021-06-27T15:45:49","slug":"carlos-andres-y-mauro-paladino-carlos-paladino-e-hijos-inmobiliaria","status":"publish","type":"post","link":"http:\/\/cordobadirecto.com\/index.php\/2021\/06\/27\/carlos-andres-y-mauro-paladino-carlos-paladino-e-hijos-inmobiliaria\/","title":{"rendered":"Carlos, Andr\u00e9s y Mauro Paladino (Carlos Paladino e Hijos Inmobiliaria)"},"content":{"rendered":"<p><strong>Andr\u00e9s Paladino<\/strong>, socio Gerente, cuenta que la empresa est\u00e1 trabajando en un edificio \u201cecol\u00f3gicamente responsable\u201d con departamentos de <strong>de 1, 2 y 3 dormitorios<\/strong> y <strong>vista al Lago San Roque<\/strong>.<\/p>\n<h5><strong>-\u00bfC\u00f3mo se encuentra la empresa hoy?<\/strong><strong>&nbsp;<\/strong><\/h5>\n<p><strong>\u2013<\/strong>Nuestra empresa se encuentra en<strong> pleno proceso de expansi\u00f3n, ya que hemos multiplicado la cantidad de emprendimientos y metros cuadrados en proceso de construcci\u00f3n<\/strong>, pero a su vez estamos transitando otro proceso que es quiz\u00e1s m\u00e1s importante, que es la <strong>profesionalizaci\u00f3n de todos nuestros empleados a trav\u00e9s de nuevas tecnolog\u00edas y procesos administrativos<\/strong>, en busca de nuestro principal objetivo que es mejorar la \u2018calidad de atenci\u00f3n\u2019 a los clientes.<strong>&nbsp;<\/strong><\/p>\n<h5><strong>Productos destacados<\/strong><\/h5>\n<ul>\n<li><strong>Edificio Stefano V<\/strong><\/li>\n<\/ul>\n<p>Est\u00e1 ubicado en Costanera Oeste y Cassaffousth \u2013 Villa <a href=\"https:\/\/puntoapunto.com.ar\/tag\/carlos\/\" class=\"st_tag internal_tag\" rel=\"tag\" title=\"Posts tagged with Carlos\">Carlos<\/a> Paz. Son <strong>dos torres \u201cecol\u00f3gicamente <a href=\"https:\/\/puntoapunto.com.ar\/tag\/responsables\/\" class=\"st_tag internal_tag\" rel=\"tag\" title=\"Posts tagged with responsables\">responsables<\/a>\u201d de departamentos de 1, 2 y 3 dormitorios<\/strong>, con amplios balcones e inmejorable<strong> vista al Lago San Roque<\/strong>.<\/p>\n<p>Ambas se unen en la terraza por un puente y se diferencian cada torre por su uso, siendo una de \u201cuso exclusivo para residentes permanentes\u201d donde no se permitir\u00e1 alquilar por temporada y otra torre de usos mixtos en donde s\u00ed estar\u00e1 permitido alquiler temporario. Ambas poseen dise\u00f1o de vanguardia,<strong> jardines verticales, terrazas jard\u00edn, calefacci\u00f3n central, 2 piscinas climatizadas, y excelente calidad constructiva.<\/strong><\/p>\n<p>Tendr\u00e1 un total de <strong>79 departamentos y 10 locales comerciales<\/strong>. El plazo de entrega es <strong>mayo del 2024.<\/strong> Valor de las unidades en pesos, mediante una entrega del <strong>35% y saldo en 40 cuotas<\/strong>.<\/p>\n<p><img loading=\"lazy\" class=\"alignnone wp-image-280026\" src=\"http:\/\/cordobadirecto.com\/wp-content\/uploads\/2021\/06\/carlos-andres-y-mauro-paladino-carlos-paladino-e-hijos-inmobiliaria.jpg\" alt width=\"447\" height=\"422\" srcset=\"http:\/\/cordobadirecto.com\/wp-content\/uploads\/2021\/06\/carlos-andres-y-mauro-paladino-carlos-paladino-e-hijos-inmobiliaria.jpg 300w, http:\/\/cordobadirecto.com\/wp-content\/uploads\/2021\/06\/carlos-andres-y-mauro-paladino-carlos-paladino-e-hijos-inmobiliaria-1.jpg 1024w, http:\/\/cordobadirecto.com\/wp-content\/uploads\/2021\/06\/carlos-andres-y-mauro-paladino-carlos-paladino-e-hijos-inmobiliaria-2.jpg 768w, http:\/\/cordobadirecto.com\/wp-content\/uploads\/2021\/06\/carlos-andres-y-mauro-paladino-carlos-paladino-e-hijos-inmobiliaria-3.jpg 1536w, http:\/\/cordobadirecto.com\/wp-content\/uploads\/2021\/06\/carlos-andres-y-mauro-paladino-carlos-paladino-e-hijos-inmobiliaria-4.jpg 150w, http:\/\/cordobadirecto.com\/wp-content\/uploads\/2021\/06\/carlos-andres-y-mauro-paladino-carlos-paladino-e-hijos-inmobiliaria-5.jpg 696w, http:\/\/cordobadirecto.com\/wp-content\/uploads\/2021\/06\/carlos-andres-y-mauro-paladino-carlos-paladino-e-hijos-inmobiliaria-6.jpg 1068w, http:\/\/cordobadirecto.com\/wp-content\/uploads\/2021\/06\/carlos-andres-y-mauro-paladino-carlos-paladino-e-hijos-inmobiliaria-7.jpg 446w, http:\/\/cordobadirecto.com\/wp-content\/uploads\/2021\/06\/carlos-andres-y-mauro-paladino-carlos-paladino-e-hijos-inmobiliaria-8.jpg 1663w\" sizes=\"(max-width: 447px) 100vw, 447px\"><\/p>\n<ul>\n<li><strong>Edificio Francisco<\/strong><\/li>\n<\/ul>\n<p>Est\u00e1 ubicado en Juan B. Justo esq. Punilla \u2013 Villa Carlos Paz. El&nbsp;edificio <strong>se inaugura dentro de los pr\u00f3ximos 30 d\u00edas<\/strong>. Dispone de <strong>Planta Baja y 2 pisos<\/strong>, con espectaculares amenities en su terraza, <strong>2 piscinas (una exterior con sol\u00e1rium h\u00famedo y desborde infinito y otra interior climatizada)<\/strong>, quincho interior y asador en galer\u00eda, <a href=\"https:\/\/puntoapunto.com.ar\/tag\/gimnasio\/\" class=\"st_tag internal_tag\" rel=\"tag\" title=\"Posts tagged with gimnasio\">gimnasio<\/a>, jardines verticales, huertas org\u00e1nicas y terraza jard\u00edn.<\/p>\n<p>El emprendimiento cuenta con<strong> 28 departamentos de 1 y 2 dormitorios con balcones<\/strong> con asador y 4 locales comerciales. Los <a href=\"https:\/\/puntoapunto.com.ar\/tag\/precios\/\" class=\"st_tag internal_tag\" rel=\"tag\" title=\"Posts tagged with precios\">precios<\/a> en pesos van desde los $<strong>12.000.000, con entrega 50% y 12 cuotas.<\/strong><\/p>\n<h5><strong>-Principales planes y proyectos<\/strong><\/h5>\n<p>-El principal objetivo es lograr que el cliente que les compre se sienta contenido desde el principio a fin en su inversi\u00f3n, ya que brindan el m\u00e1s amplio servicio en el rubro dentro de la ciudad de Villa Carlos Paz, ya que dise\u00f1an, desarrollan,<strong> construyen y comercializan sus propios proyectos a trav\u00e9s de su propia empresa<\/strong> o de alianzas estrat\u00e9gicas como con la empresa Ammiraglia de Justiniano Posse que construye los edificios \u201cBuena Vista\u201d y la empresa Olmedo e Hijos, que construyen los edificios \u201cConstantino\u201d. Administran los consorcios, dise\u00f1an el interior de las unidades, se encargan de amoblarlos y por \u00faltimo administran los alquileres anuales y temporarios.<\/p>\n<p>Actualmente est\u00e9n <strong>finalizando el edificio Francisco<\/strong>, tienen avanzado a un <strong>40% el edificio Catalina con un dise\u00f1o <a href=\"https:\/\/puntoapunto.com.ar\/tag\/industrial\/\" class=\"st_tag internal_tag\" rel=\"tag\" title=\"Posts tagged with Industrial\">industrial<\/a><\/strong>, comercializan los edificios Buena Vista 1 y Buena vista 2 y lanzando el edificio Stefano V.<\/p>\n<h5><strong>-La clave del <a href=\"https:\/\/puntoapunto.com.ar\/tag\/ano\/\" class=\"st_tag internal_tag\" rel=\"tag\" title=\"Posts tagged with a\u00f1o\">a\u00f1o<\/a><\/strong><\/h5>\n<p>-Luego de la pandemia, hemos comprendido que<strong> la demanda actual se enfoca en adquirir inmuebles diferenciados<\/strong>, no solo por su calidad constructiva, sino tambi\u00e9n por el dise\u00f1o enfocado en mejorar su calidad de vida. Es por ello, que hemos lanzado este <strong>importante emprendimiento llamado STEFANO V,<\/strong> donde priorizamos las espectaculares <strong>vistas al lago, en departamentos sumamente amplios y con todo el confort<\/strong>, en donde los balcones y las terrazas cobran protagonismo y te invitan a disfrutar del maravilloso entorno natural que caracteriza a nuestra villa, con lago monta\u00f1as, costanera y mucha vida.<\/p>\n<h5><strong>Ejecutivos<\/strong><\/h5>\n<ul>\n<li>Carlos Paladino \u2013 Director<\/li>\n<li>Andr\u00e9s Paladino \u2013 Socio Gerente<\/li>\n<li>Mauro Paladino \u2013 Socio Gerente<\/li>\n<\/ul>\n<h5><strong>Datos<\/strong><\/h5>\n<h5><span><strong>Mir\u00e1 la entrevista completa con Andr\u00e9s Paladino, socio gerente de la inmobiliaria a continuaci\u00f3n:<\/strong><\/span><\/h5>\n<p><iframe loading=\"lazy\" title=\"Andr\u00e9s Paladino - Socio gerente de Inmobiliaria Carlos Paladino e Hijos\" width=\"696\" height=\"392\" src=\"https:\/\/www.youtube.com\/embed\/ikkzUBnZlOE?feature=oembed\" frameborder=\"0\" allow=\"accelerometer; autoplay; clipboard-write; encrypted-media; gyroscope; picture-in-picture\" allowfullscreen>[embedded content]<\/iframe><\/p>\n","protected":false},"excerpt":{"rendered":"<p>Andr\u00e9s Paladino, socio Gerente, cuenta que la empresa est\u00e1 trabajando en un edificio \u201cecol\u00f3gicamente responsable\u201d con departamentos de de 1, 2 y 3 dormitorios y vista al Lago San Roque. -\u00bfC\u00f3mo se encuentra la empresa hoy?&nbsp; \u2013Nuestra empresa se encuentra en pleno proceso de expansi\u00f3n, ya que hemos multiplicado la cantidad de emprendimientos y metros [&hellip;]<\/p>\n","protected":false},"author":1,"featured_media":9012,"comment_status":"closed","ping_status":"closed","sticky":false,"template":"","format":"standard","meta":[],"categories":[25],"tags":[],"_links":{"self":[{"href":"http:\/\/cordobadirecto.com\/index.php\/wp-json\/wp\/v2\/posts\/9011"}],"collection":[{"href":"http:\/\/cordobadirecto.com\/index.php\/wp-json\/wp\/v2\/posts"}],"about":[{"href":"http:\/\/cordobadirecto.com\/index.php\/wp-json\/wp\/v2\/types\/post"}],"author":[{"embeddable":true,"href":"http:\/\/cordobadirecto.com\/index.php\/wp-json\/wp\/v2\/users\/1"}],"replies":[{"embeddable":true,"href":"http:\/\/cordobadirecto.com\/index.php\/wp-json\/wp\/v2\/comments?post=9011"}],"version-history":[{"count":0,"href":"http:\/\/cordobadirecto.com\/index.php\/wp-json\/wp\/v2\/posts\/9011\/revisions"}],"wp:featuredmedia":[{"embeddable":true,"href":"http:\/\/cordobadirecto.com\/index.php\/wp-json\/wp\/v2\/media\/9012"}],"wp:attachment":[{"href":"http:\/\/cordobadirecto.com\/index.php\/wp-json\/wp\/v2\/media?parent=9011"}],"wp:term":[{"taxonomy":"category","embeddable":true,"href":"http:\/\/cordobadirecto.com\/index.php\/wp-json\/wp\/v2\/categories?post=9011"},{"taxonomy":"post_tag","embeddable":true,"href":"http:\/\/cordobadirecto.com\/index.php\/wp-json\/wp\/v2\/tags?post=9011"}],"curies":[{"name":"wp","href":"https:\/\/api.w.org\/{rel}","templated":true}]}}