{"id":90113,"date":"2022-12-05T21:01:01","date_gmt":"2022-12-05T21:01:01","guid":{"rendered":"http:\/\/cordobadirecto.com\/index.php\/2022\/12\/05\/el-colectivo-de-la-danza-del-pais-busca-una-ley-que-le-garantice-politicas-especificas\/"},"modified":"2022-12-05T21:01:01","modified_gmt":"2022-12-05T21:01:01","slug":"el-colectivo-de-la-danza-del-pais-busca-una-ley-que-le-garantice-politicas-especificas","status":"publish","type":"post","link":"http:\/\/cordobadirecto.com\/index.php\/2022\/12\/05\/el-colectivo-de-la-danza-del-pais-busca-una-ley-que-le-garantice-politicas-especificas\/","title":{"rendered":"El colectivo de la danza del pa\u00eds busca una ley que le garantice pol\u00edticas espec\u00edficas"},"content":{"rendered":"<figure class=\"mb-3\"><img loading=\"lazy\" src=\"http:\/\/cordobadirecto.com\/wp-content\/uploads\/2022\/12\/el-colectivo-de-la-danza-del-pais-busca-una-ley-que-le-garantice-politicas-especificas.jpg\" width=\"100%\" height=\"100%\" alt=\"La iniciativa se viene gestando desde 2012 a travs del Movimiento Federal de Danza Foto Archivo\"><figcaption> La iniciativa se viene gestando desde 2012 a trav\u00e9s del Movimiento Federal de Danza. Foto: Archivo <\/figcaption><\/figure>\n<p>El <strong>Movimiento Federal de Danza <\/strong>present\u00f3 en la C\u00e1mara de Diputados un proyecto de ley que contempla la creaci\u00f3n de un <strong>instituto nacional <\/strong>que pueda dise\u00f1ar y fomentar pol\u00edticas propias para todo el pa\u00eds vinculadas con esta expresi\u00f3n art\u00edstica y cultural.<\/p>\n<p>La iniciativa se viene gestando desde 2012 a trav\u00e9s del Movimiento Federal de Danza, colectivo de trabajadores y trabajadoras, investigadores, core\u00f3grafos docentes y bailarines, que se agrupan por regiones culturales con referentes provinciales.<\/p>\n<p>La comunidad de la danza realiz\u00f3 recientemente una audiencia p\u00fablica para visibilizar la situaci\u00f3n y lograr consenso en el tratamiento de la ley, cuya iniciativa es promovida por la diputada del <strong>Frente de Izquierda <\/strong>Romina Del Pl\u00e1, y que ya cuenta con m\u00e1s de 20 firmas de legisladores de distintas bancadas para habilitar su tratamiento en comisi\u00f3n.<\/p>\n<p>&#8220;Queremos que el proyecto entre en tratamiento y se discuta todo lo que se tiene que discutir, porque discutir afuera del Parlamento es terreno bald\u00edo. Hace 14 a\u00f1os que venimos discutiendo y queremos tener una precisi\u00f3n de qu\u00e9 se puede y qu\u00e9 no se puede y tambi\u00e9n tener una conversaci\u00f3n abierta acerca de la posibilidad de que la ley se efectivice, si no se puede crear este instituto nacional queremos saber por qu\u00e9&#8221;, dice a T\u00e9lam Mariela Ruggeri, bailarina, core\u00f3grafa, docente de danza y coautora del texto del proyecto de ley.<\/p>\n<p>&#8220;Hay que tener en cuenta y dimensionar la<strong> inmensa precariedad<\/strong> en la que est\u00e1 hoy inmerso el sector de la danza que abarca al menos a <strong>15.000 trabajadoras y trabajadores de todo el pa\u00eds<\/strong>, seg\u00fan un registro que realizamos desde el Movimiento Federal de Danza&#8221;, ampli\u00f3 Ruggeri.<\/p>\n<p>El proyecto presentado contempla la creaci\u00f3n de un<strong> Instituto Nacional de Danza <\/strong>similar al Instituto Nacional del Teatro, al Instituto Nacional de la M\u00fasica y al Instituto Nacional de Cine y Artes Audiovisuales, que desarrollan en forma aut\u00f3noma pol\u00edticas de fomento y producci\u00f3n para cada uno de los sectores que representa.<\/p>\n<figure class=\"mb-3\"><img loading=\"lazy\" src=\"http:\/\/cordobadirecto.com\/wp-content\/uploads\/2022\/12\/el-colectivo-de-la-danza-del-pais-busca-una-ley-que-le-garantice-politicas-especificas-1.jpg\" width=\"100%\" height=\"100%\" alt=\"A diferencia de la msica el cine y el teatro la danza carece hasta el momento de algn tipo de rgano pblico que pueda pensar un diseo que encierre las particularidades y caractersticas del sector Foto Archivo\"><figcaption> A diferencia de la m\u00fasica, el cine y el teatro, la danza carece hasta el momento de alg\u00fan tipo de \u00f3rgano p\u00fablico que pueda pensar un dise\u00f1o que encierre las particularidades y caracter\u00edsticas del sector. Foto: Archivo <\/figcaption><\/figure>\n<p>&#8220;La idea -remarc\u00f3 Ruggeri- es que este instituto pueda dar cabida a todas las manifestaciones que tiene la danza en el pa\u00eds a trav\u00e9s de <strong>pol\u00edticas p\u00fablicas espec\u00edficas<\/strong> para el sector&#8221;.<\/p>\n<p>A diferencia de la m\u00fasica, el cine y el teatro, la danza carece hasta el momento de alg\u00fan tipo de \u00f3rgano p\u00fablico que pueda pensar un dise\u00f1o que encierre las particularidades y caracter\u00edsticas del sector, vinculadas a cuestiones creativas, de investigaci\u00f3n, educativas o productivas y que, adem\u00e1s, contemple los requerimientos y particularidades de los territorios del pa\u00eds.<\/p>\n<p>La iniciativa, que el sector de danza aspira que entre en tratamiento en las <strong>comisiones de Cultura y Presupuesto<\/strong>, ya recibi\u00f3 el apoyo de diputados <strong>del Frente de Todos, Frente de Izquierda y la Uni\u00f3n C\u00edvica Radical.<\/strong><\/p>\n<p>&#8220;Uno de los problemas de la danza es que es un sector bastante desconocido para el Estado, motivo por el cual este desconocimiento impide pensar y dise\u00f1ar pol\u00edticas para su desarrollo&#8221;, destacaron desde el Movimiento Federal.<\/p>\n<p>&#8220;El Estado no sabe qu\u00e9 tipos de danzas hacemos, cu\u00e1ntos somos, d\u00f3nde estamos y cu\u00e1les son las problem\u00e1ticas puntuales que enfrentamos como sector&#8221;, agregaron.<\/p>\n<p>Ruggeri destac\u00f3 que el armado del proyecto surge en 2008 <strong>&#8220;buscando una legislaci\u00f3n nacional que logre paliar la precariedad y precarizaci\u00f3n que sufre el sector de la danza en el pa\u00eds&#8221;.<\/strong><\/p>\n<blockquote class=\"twitter-tweet\" readability=\"4.3106796116505\">\n<p lang=\"es\" dir=\"ltr\">A sala llena presentamos el Proyecto de Ley por la Creaci\u00f3n del Instituto Nacional de la Danza- INDA. \ud83d\udc83\ud83d\udd7a<a href=\"https:\/\/twitter.com\/hashtag\/DanzaEsTrabajo?src=hash&amp;ref_src=twsrc%5Etfw\">#DanzaEsTrabajo<\/a> <a href=\"https:\/\/t.co\/vp52Qw3BI1\">pic.twitter.com\/vp52Qw3BI1<\/a><\/p>\n<p>\u2014 Romina Del Pl\u00e1 (@RominaDelPla) <a href=\"https:\/\/twitter.com\/RominaDelPla\/status\/1590787440624947200?ref_src=twsrc%5Etfw\">November 10, 2022<\/a><\/p><\/blockquote>\n<p>&#8220;La danza no tiene ning\u00fan \u00f3rgano de fomento que pueda trabajar en el desarrollo de su hacer, no existe legislaci\u00f3n nacional, Misiones es el \u00fanico territorio que tiene una ley provincial votada en 2017 pero a\u00fan no se ha implementado, en la ciudad de Buenos Aires tenemos Prodanza, hemos logrado que haya ordenanzas de fomento en algunos municipios pero en muy pocos&#8221;, sostuvo Ruggeri describiendo la situaci\u00f3n del sector.<\/p>\n<p>&#8220;La danza -aclar\u00f3- tiene un entramado muy grande, <strong>cuando uno habla de danza piensa en la gente que baila pero tambi\u00e9n est\u00e1n los docentes, los creadores, todo el circuito de salud que se organiza a trav\u00e9s de ella, la investigaci\u00f3n<\/strong>, necesitamos con urgencia un organismo que atienda espec\u00edficamente el hacer de la danza&#8221;.<\/p>\n<p>&#8220;Creemos que un instituto nacional se encargar\u00eda del fomento de la actividad en todo el territorio de la rep\u00fablica para todas las danzas que existen y puedan existir: <strong>el instituto podr\u00eda potenciar todos los nodos de danza ya existentes, crear incentivos para la creaci\u00f3n, la investigaci\u00f3n, la interpretaci\u00f3n y la gesti\u00f3n<\/strong> y, otra tarea fundamental, construir el acervo de la actividad en el pa\u00eds&#8221;, se\u00f1al\u00f3.<\/p>\n<p>&#8220;Al d\u00eda de hoy, cuando la danza tiene oficialmente m\u00e1s de<strong> 100 a\u00f1os de historia en Argentina<\/strong>, no pod\u00e9s buscar datos de la danza en ning\u00fan lado, todo depende de la buena voluntad de iniciativas personales o privadas&#8221;, concluy\u00f3.<\/p>\n","protected":false},"excerpt":{"rendered":"<p>La iniciativa se viene gestando desde 2012 a trav\u00e9s del Movimiento Federal de Danza. Foto: Archivo El Movimiento Federal de Danza present\u00f3 en la C\u00e1mara de Diputados un proyecto de ley que contempla la creaci\u00f3n de un instituto nacional que pueda dise\u00f1ar y fomentar pol\u00edticas propias para todo el pa\u00eds vinculadas con esta expresi\u00f3n art\u00edstica [&hellip;]<\/p>\n","protected":false},"author":1,"featured_media":90114,"comment_status":"closed","ping_status":"closed","sticky":false,"template":"","format":"standard","meta":[],"categories":[20],"tags":[],"_links":{"self":[{"href":"http:\/\/cordobadirecto.com\/index.php\/wp-json\/wp\/v2\/posts\/90113"}],"collection":[{"href":"http:\/\/cordobadirecto.com\/index.php\/wp-json\/wp\/v2\/posts"}],"about":[{"href":"http:\/\/cordobadirecto.com\/index.php\/wp-json\/wp\/v2\/types\/post"}],"author":[{"embeddable":true,"href":"http:\/\/cordobadirecto.com\/index.php\/wp-json\/wp\/v2\/users\/1"}],"replies":[{"embeddable":true,"href":"http:\/\/cordobadirecto.com\/index.php\/wp-json\/wp\/v2\/comments?post=90113"}],"version-history":[{"count":0,"href":"http:\/\/cordobadirecto.com\/index.php\/wp-json\/wp\/v2\/posts\/90113\/revisions"}],"wp:featuredmedia":[{"embeddable":true,"href":"http:\/\/cordobadirecto.com\/index.php\/wp-json\/wp\/v2\/media\/90114"}],"wp:attachment":[{"href":"http:\/\/cordobadirecto.com\/index.php\/wp-json\/wp\/v2\/media?parent=90113"}],"wp:term":[{"taxonomy":"category","embeddable":true,"href":"http:\/\/cordobadirecto.com\/index.php\/wp-json\/wp\/v2\/categories?post=90113"},{"taxonomy":"post_tag","embeddable":true,"href":"http:\/\/cordobadirecto.com\/index.php\/wp-json\/wp\/v2\/tags?post=90113"}],"curies":[{"name":"wp","href":"https:\/\/api.w.org\/{rel}","templated":true}]}}