{"id":90400,"date":"2022-12-07T19:37:00","date_gmt":"2022-12-07T19:37:00","guid":{"rendered":"http:\/\/cordobadirecto.com\/index.php\/2022\/12\/07\/alemania-desmantelo-una-red-de-ultraderecha-que-planeaba-dar-un-golpe-de-estado\/"},"modified":"2022-12-07T19:37:00","modified_gmt":"2022-12-07T19:37:00","slug":"alemania-desmantelo-una-red-de-ultraderecha-que-planeaba-dar-un-golpe-de-estado","status":"publish","type":"post","link":"http:\/\/cordobadirecto.com\/index.php\/2022\/12\/07\/alemania-desmantelo-una-red-de-ultraderecha-que-planeaba-dar-un-golpe-de-estado\/","title":{"rendered":"Alemania desmantel\u00f3 una red de ultraderecha que planeaba dar un golpe de Estado"},"content":{"rendered":"<figure class=\"mb-3\"><img loading=\"lazy\" src=\"http:\/\/cordobadirecto.com\/wp-content\/uploads\/2022\/12\/alemania-desmantelo-una-red-de-ultraderecha-que-planeaba-dar-un-golpe-de-estado.jpg\" width=\"100%\" height=\"100%\" alt=\"Fuerzas de seguridad de Alemania arrestaron hoy a 25 personas en un vasto operativo contra un grupo de extrema derecha Foto AFP\"><figcaption> Fuerzas de seguridad de Alemania arrestaron hoy a 25 personas en un vasto operativo contra un grupo de extrema derecha. Foto: AFP <\/figcaption><\/figure>\n<p>Fuerzas de seguridad de Alemania arrestaron este mi\u00e9rcoles a 25 personas en un amplio operativo contra un grupo de extrema derecha que planeaba lanzar un ataque armado al Parlamento federal y dar un golpe de Estado.<\/p>\n<p>M\u00e1s de 3.000 agentes de distintos cuerpos policiales participaron del megaoperativo en 11 de los 16 estados federados de Alemania contra un grupo de seguidores de diversas teor\u00edas conspirativas y que no reconocen la legitimidad de la Constituci\u00f3n.<\/p>\n<p>Tambi\u00e9n hubo redadas en Austria y en Italia, donde fue detenido un sospechoso, antiguo oficial del Ej\u00e9rcito, cerca de Perugia.<\/p>\n<p>Los detenidos del grupo Ciudadanos del Reich est\u00e1n acusados de planificar &#8220;un ingreso violento en la C\u00e1mara Baja del Parlamento con un peque\u00f1o grupo armado&#8221; y atentar contra los representantes del Estado, inform\u00f3 la Fiscal\u00eda General en un comunicado.<\/p>\n<figure class=\"mb-3\"><img loading=\"lazy\" src=\"http:\/\/cordobadirecto.com\/wp-content\/uploads\/2022\/12\/alemania-desmantelo-una-red-de-ultraderecha-que-planeaba-dar-un-golpe-de-estado-1.jpg\" width=\"100%\" height=\"100%\" alt=\"Planeaba lanzar un ataque armado al Parlamento federal y dar un golpe de Estado Foto AFP\"><figcaption> Planeaba lanzar un ataque armado al Parlamento federal y dar un golpe de Estado. Foto: AFP <\/figcaption><\/figure>\n<p>&#8220;Sospechamos que estaba previsto un ataque armado contra los \u00f3rganos constitucionales&#8221;, indic\u00f3 el ministro de Justicia, Marco Buschmann, en un mensaje en Twitter que evocaba &#8220;una amplia operaci\u00f3n antiterrorista&#8221;.<\/p>\n<p>Adem\u00e1s de los 25 arrestos, otras 27 personas se encuentran investigadas por sospechas de pertenencia a esta c\u00e9lula criminal, indic\u00f3 la Fiscal\u00eda.<\/p>\n<p>&#8220;La investigaci\u00f3n permitir\u00e1 determinar si hay elementos constitutivos de crimen de preparaci\u00f3n de un proyecto de alta traici\u00f3n contra el Estado&#8221;, a\u00f1adi\u00f3, seg\u00fan la agencia de noticias AFP.<\/p>\n<blockquote class><p>El plan recuerda al asalto al Congreso de Estados Unidos de seguidores del expresidente Donald Trump el a\u00f1o pasado, para intentar evitar que los legisladores certificaran la victoria de Joe Biden en las elecciones de 2020<\/p><\/blockquote>\n<p>La ministra del Interior, Nancy Faeser, consider\u00f3 que los supuestos planes para derrocar al gobierno revelaron &#8220;el abismo de una amenaza terrorista&#8221;.<\/p>\n<p>Seg\u00fan la funcionaria, <strong>los autores actuaban &#8220;movidos por fantas\u00edas golpistas violentas y teor\u00edas conspirativas&#8221;.<\/strong><\/p>\n<p>&#8220;Los militantes de los Ciudadanos del Reich est\u00e1n unidos por su odio a la democracia, a nuestro Estado y a las personas que defienden a nuestra comunidad&#8221;, declar\u00f3 la titular del Interior, en declaraciones recogidas por la agencia DPA.<\/p>\n<p>El plan recuerda al asalto al Congreso de Estados Unidos de seguidores del expresidente Donald Trump el a\u00f1o pasado, para intentar evitar que los legisladores certificaran la victoria de Joe Biden en las elecciones de 2020.<\/p>\n<p><strong>Entre los detenidos este mi\u00e9rcoles figuran antiguos miembros de las Fuerzas Armadas y al menos una pol\u00edtica del partido ultraderechista Alternativa para Alemania (AfD), la exdiputada y jueza del Tribunal Regional de Berl\u00edn, Birgit Malsack-Winkemann.<\/strong><\/p>\n<p>Seg\u00fan inform\u00f3 el tribunal, la magistrada dejar\u00e1 de desempe\u00f1ar sus funciones judiciales habituales.<\/p>\n<p>El diario S\u00fcddeutsche Zeitung apunt\u00f3 que el hecho de haber formado parte de la C\u00e1mara Baja del Parlamento entre 2017 y 2021 le hubiera permitido al grupo usar su antigua acreditaci\u00f3n para facilitar el acceso al edificio.<\/p>\n<p>Poco despu\u00e9s de conocidos los arrestos, los presidentes de AfD Tino Chrupalla y Alice Weidel, condenaron el plan, aclararon que la formaci\u00f3n se opone a esos hechos y que esperan una investigaci\u00f3n.<\/p>\n<p>&#8220;Confiamos plenamente en las autoridades involucradas y exigimos una aclaraci\u00f3n r\u00e1pida y completa&#8221;, dijeron en una declaraci\u00f3n conjunta, publicada en la p\u00e1gina web de AfD.<\/p>\n<h2 class>Cu\u00e1les son las caracter\u00edsticas del grupo &#8220;Ciudadanos del Reich&#8221;<\/h2>\n<p>La c\u00e9lula desbaratada, fundada &#8220;a finales de 2021&#8221;, ten\u00eda &#8220;como objetivo superar el orden estatal existente en Alemania y reemplazarlo por una forma de Estado propia&#8221;, dijo la Fiscal\u00eda.<\/p>\n<p>El proyecto no pod\u00eda ser realizado &#8220;sino con el uso de medios militares y de violencia contra los representantes del Estado&#8221;, agreg\u00f3.<\/p>\n<p><strong>Sus miembros est\u00e1n &#8220;unidos por un profundo rechazo de las instituciones del Estado y del orden fundamental liberal y democr\u00e1tico de la Rep\u00fablica Federal de Alemania<\/strong>, que ha hecho crecer en ellos, a lo largo del tiempo, la decisi\u00f3n de participar en su eliminaci\u00f3n por la violencia y lanzarse a actos preparatorios concretos a este efecto&#8221;, explic\u00f3.<\/p>\n<blockquote class><p>La agencia de inteligencia interior alemana calcula que el movimiento, que rechaza fundamentalmente el Estado, sus representantes electos y todo el sistema legal, cuenta con unos 21.000 adeptos, indic\u00f3 la agencia DPA<\/p><\/blockquote>\n<p>Uno de los cabecillas del movimiento, ahora en prisi\u00f3n preventiva, es Heinrich XIII, conocido como Pr\u00edncipe Reuss de Greiz. Este empresario de 71 a\u00f1os habr\u00eda sido el presidente del comit\u00e9 central del grupo, con el objetivo de convertirse en un &#8220;futuro jefe de Estado&#8221; en caso de golpe de Estado.<\/p>\n<p>De los 25 detenidos, 22 son miembros del grupo de extrema derecha, todos de nacionalidad alemana, dijo la Fiscal\u00eda.<\/p>\n<p>Las fuerzas de seguridad arrestaron adem\u00e1s a otras tres personas, dos alemanes y una ciudadana rusa, a las que se consideran simpatizantes del &#8220;grupo terrorista&#8221;.<\/p>\n<p><strong>Los miembros del grupo Ciudadanos del Reich se niegan muchas veces a pagar impuestos y poseen armas ilegales<\/strong>. Algunos est\u00e1n convencidos de que Alemania est\u00e1 dirigida por miembros del llamado &#8220;Estado profundo&#8221;, una teor\u00eda de la conspiraci\u00f3n que tambi\u00e9n se ha expandido en otros pa\u00edses.<\/p>\n<blockquote class><p>Los servicios secretos cada vez detectan a m\u00e1s personas con actitudes de extrema derecha, con consigna y acciones cada vez m\u00e1s violentas<\/p><\/blockquote>\n<p>&nbsp;<br \/>La agencia de inteligencia interior alemana calcula que el movimiento, que rechaza fundamentalmente el Estado, sus representantes electos y todo el sistema legal, cuenta con unos 21.000 adeptos, indic\u00f3 la agencia DPA.<\/p>\n<p><strong>Su ideolog\u00eda se nutre de teor\u00edas conspirativas<\/strong>, suelen creer en la pervivencia de la Alemania imperial o nazi, bajo un Reich alem\u00e1n basado en las fronteras anteriores a la Segunda Guerra Mundial.<\/p>\n<p><a href=\"https:\/\/www.telam.com.ar\/notas\/201709\/205973-extrema-derecha-alemania.html\" target=\"_blank\" rel=\"noopener\">Las autoridades alemanas clasificaron en los \u00faltimos a\u00f1os la violencia de extrema derecha como la principal amenaza al orden p\u00fablico, por encima del yihadismo.<\/a><\/p>\n<p>Hace tiempo que la inteligencia alemana viene alertando que las redes de ultraderecha se volvieron m\u00e1s radicales y m\u00e1s violentas en los \u00faltimos a\u00f1os, especialmente durante la pandemia de coronavirus, per\u00edodo que utilizaron para proclamar que sus derechos se ve\u00edan coartados.<\/p>\n<p><strong>Los servicios secretos cada vez detectan a m\u00e1s personas con actitudes de extrema derecha, con consigna y acciones cada vez m\u00e1s violentas.<\/strong><\/p>\n<p>En la primavera boreal, las autoridades desmantelaron un grup\u00fasculo de extrema derecha sospechoso de planear atentados en el pa\u00eds, adem\u00e1s del secuestro del ministro de Salud, Karl Lauterbach, por las restricciones dispuestas para frenar la pandemia. <\/p>\n","protected":false},"excerpt":{"rendered":"<p>Fuerzas de seguridad de Alemania arrestaron hoy a 25 personas en un vasto operativo contra un grupo de extrema derecha. Foto: AFP Fuerzas de seguridad de Alemania arrestaron este mi\u00e9rcoles a 25 personas en un amplio operativo contra un grupo de extrema derecha que planeaba lanzar un ataque armado al Parlamento federal y dar un [&hellip;]<\/p>\n","protected":false},"author":1,"featured_media":90401,"comment_status":"closed","ping_status":"closed","sticky":false,"template":"","format":"standard","meta":[],"categories":[24],"tags":[],"_links":{"self":[{"href":"http:\/\/cordobadirecto.com\/index.php\/wp-json\/wp\/v2\/posts\/90400"}],"collection":[{"href":"http:\/\/cordobadirecto.com\/index.php\/wp-json\/wp\/v2\/posts"}],"about":[{"href":"http:\/\/cordobadirecto.com\/index.php\/wp-json\/wp\/v2\/types\/post"}],"author":[{"embeddable":true,"href":"http:\/\/cordobadirecto.com\/index.php\/wp-json\/wp\/v2\/users\/1"}],"replies":[{"embeddable":true,"href":"http:\/\/cordobadirecto.com\/index.php\/wp-json\/wp\/v2\/comments?post=90400"}],"version-history":[{"count":0,"href":"http:\/\/cordobadirecto.com\/index.php\/wp-json\/wp\/v2\/posts\/90400\/revisions"}],"wp:featuredmedia":[{"embeddable":true,"href":"http:\/\/cordobadirecto.com\/index.php\/wp-json\/wp\/v2\/media\/90401"}],"wp:attachment":[{"href":"http:\/\/cordobadirecto.com\/index.php\/wp-json\/wp\/v2\/media?parent=90400"}],"wp:term":[{"taxonomy":"category","embeddable":true,"href":"http:\/\/cordobadirecto.com\/index.php\/wp-json\/wp\/v2\/categories?post=90400"},{"taxonomy":"post_tag","embeddable":true,"href":"http:\/\/cordobadirecto.com\/index.php\/wp-json\/wp\/v2\/tags?post=90400"}],"curies":[{"name":"wp","href":"https:\/\/api.w.org\/{rel}","templated":true}]}}