{"id":9043,"date":"2021-06-27T16:38:01","date_gmt":"2021-06-27T16:38:01","guid":{"rendered":"http:\/\/cordobadirecto.com\/index.php\/2021\/06\/27\/tras-ser-dada-de-alta-susana-gimenez-continuara-con-descanso-medicacion-y-fisioterapia\/"},"modified":"2021-06-27T16:38:01","modified_gmt":"2021-06-27T16:38:01","slug":"tras-ser-dada-de-alta-susana-gimenez-continuara-con-descanso-medicacion-y-fisioterapia","status":"publish","type":"post","link":"http:\/\/cordobadirecto.com\/index.php\/2021\/06\/27\/tras-ser-dada-de-alta-susana-gimenez-continuara-con-descanso-medicacion-y-fisioterapia\/","title":{"rendered":"Tras ser dada de alta, Susana Gim\u00e9nez continuar\u00e1 con &#8220;descanso, medicaci\u00f3n y fisioterapia&#8221;"},"content":{"rendered":"<div class=\"image\" id=\"image\" readability=\"11\"> <img src=\"http:\/\/cordobadirecto.com\/wp-content\/uploads\/2021\/06\/tras-ser-dada-de-alta-susana-gimenez-continuara-con-descanso-medicacion-y-fisioterapia.jpg\" alt=\"Gim\u00e9nez, de 77 a\u00f1os, comenz\u00f3 con s\u00edntomas de coronavirus el pasado 5 de junio, un d\u00eda despu\u00e9s de aplicarse la segunda dosis de la vacuna Pfizer.\" title=\"Gim\u00e9nez, de 77 a\u00f1os, comenz\u00f3 con s\u00edntomas de coronavirus el pasado 5 de junio, un d\u00eda despu\u00e9s de aplicarse la segunda dosis de la vacuna Pfizer.\"><\/p>\n<p>Gim\u00e9nez, de 77 a\u00f1os, comenz\u00f3 con s\u00edntomas de coronavirus el pasado 5 de junio, un d\u00eda despu\u00e9s de aplicarse la segunda dosis de la vacuna Pfizer.<\/p>\n<\/div>\n<p>La animadora y conductora Susana Gim\u00e9nez fue dada de alta este viernes a la tarde luego de pasar 15 d\u00edas internada por coronavirus en el Sanatorio Cantegril de Punta del Este, en Uruguay, y continuar\u00e1 su recuperaci\u00f3n con &#8220;descanso, medicaci\u00f3n y fisioterapia&#8221;.<\/p>\n<p>As\u00ed lo inform\u00f3 el parte oficial compartido por su secretaria personal, Dolores Mayol, en el que se\u00f1al\u00f3 adem\u00e1s que Gim\u00e9nez, ya otra vez en su vivienda, volver\u00e1 &#8220;poco a poco a hacer su vida normal&#8221;.<\/p>\n<p>La noticia fue confirmada por la diva en su cuenta personal de Instagram, cuando public\u00f3 un video en cuyo texto anunciaba que hab\u00eda regresado a su casa, &#8220;feliz y agradecida por tanto amor&#8221;.<\/p>\n<p>&#8220;Gracias a todo el equipo del Sanatorio Cantegril, a todos los doctores amigos que se pusieron a disposici\u00f3n y siguieron de cerca mi recuperaci\u00f3n, como Juan Mazzei, Gustavo Lopardo y Facundo Manes&#8221;, agreg\u00f3.<\/p>\n<p>En su posteo, tambi\u00e9n agradeci\u00f3 su familia y amigos, &#8220;que se ocuparon de todo y a la gente que con su cari\u00f1o me dio fuerza y energ\u00eda&#8221;, y finaliz\u00f3: &#8220;Cu\u00eddense, vac\u00fanense, usen barbijo. Gracias, gracias, gracias&#8221;.<\/p>\n<p>M\u00e1s temprano, el parte m\u00e9dico hab\u00eda dicho que la conductora continuaba &#8220;evolucionando favorablemente&#8221; y &#8220;mejorando los distintos par\u00e1metros&#8221; de su estado de salud.<\/p>\n<p>El mi\u00e9rcoles pasado se conoci\u00f3 que los m\u00e9dicos hab\u00edan comenzado a disminuir &#8220;lentamente&#8221; el ox\u00edgeno que le aplican, y que la fisioterapia que est\u00e1 realizando es tanto motora como respiratoria.<\/p>\n<p>Gim\u00e9nez, de 77 a\u00f1os, comenz\u00f3 con s\u00edntomas de coronavirus el pasado 5 de junio, un d\u00eda despu\u00e9s de aplicarse la segunda dosis de la vacuna Pfizer en el Campus de Maldonado, debido a que reside en el pa\u00eds vecino desde mayo de 2020. <\/p>\n","protected":false},"excerpt":{"rendered":"<p>Gim\u00e9nez, de 77 a\u00f1os, comenz\u00f3 con s\u00edntomas de coronavirus el pasado 5 de junio, un d\u00eda despu\u00e9s de aplicarse la segunda dosis de la vacuna Pfizer. La animadora y conductora Susana Gim\u00e9nez fue dada de alta este viernes a la tarde luego de pasar 15 d\u00edas internada por coronavirus en el Sanatorio Cantegril de Punta [&hellip;]<\/p>\n","protected":false},"author":1,"featured_media":9044,"comment_status":"closed","ping_status":"closed","sticky":false,"template":"","format":"standard","meta":[],"categories":[20],"tags":[],"_links":{"self":[{"href":"http:\/\/cordobadirecto.com\/index.php\/wp-json\/wp\/v2\/posts\/9043"}],"collection":[{"href":"http:\/\/cordobadirecto.com\/index.php\/wp-json\/wp\/v2\/posts"}],"about":[{"href":"http:\/\/cordobadirecto.com\/index.php\/wp-json\/wp\/v2\/types\/post"}],"author":[{"embeddable":true,"href":"http:\/\/cordobadirecto.com\/index.php\/wp-json\/wp\/v2\/users\/1"}],"replies":[{"embeddable":true,"href":"http:\/\/cordobadirecto.com\/index.php\/wp-json\/wp\/v2\/comments?post=9043"}],"version-history":[{"count":0,"href":"http:\/\/cordobadirecto.com\/index.php\/wp-json\/wp\/v2\/posts\/9043\/revisions"}],"wp:featuredmedia":[{"embeddable":true,"href":"http:\/\/cordobadirecto.com\/index.php\/wp-json\/wp\/v2\/media\/9044"}],"wp:attachment":[{"href":"http:\/\/cordobadirecto.com\/index.php\/wp-json\/wp\/v2\/media?parent=9043"}],"wp:term":[{"taxonomy":"category","embeddable":true,"href":"http:\/\/cordobadirecto.com\/index.php\/wp-json\/wp\/v2\/categories?post=9043"},{"taxonomy":"post_tag","embeddable":true,"href":"http:\/\/cordobadirecto.com\/index.php\/wp-json\/wp\/v2\/tags?post=9043"}],"curies":[{"name":"wp","href":"https:\/\/api.w.org\/{rel}","templated":true}]}}