{"id":90435,"date":"2022-12-08T04:10:20","date_gmt":"2022-12-08T04:10:20","guid":{"rendered":"https:\/\/www.bbc.com\/mundo\/noticias-america-latina-63898054"},"modified":"2022-12-08T04:10:20","modified_gmt":"2022-12-08T04:10:20","slug":"crisis-en-peru-castillo-dio-un-paso-en-falso-la-variable-de-las-fuerzas-armadas-no-la-controlo","status":"publish","type":"post","link":"http:\/\/cordobadirecto.com\/index.php\/2022\/12\/08\/crisis-en-peru-castillo-dio-un-paso-en-falso-la-variable-de-las-fuerzas-armadas-no-la-controlo\/","title":{"rendered":"Crisis en Per\u00fa: \u201cCastillo dio un paso en falso. La variable de las Fuerzas Armadas no la control\u00f3\u201d"},"content":{"rendered":"<div dir=\"ltr\" class=\"e1j2237y6 bbc-q4ibpr ebmt73l0\">\n<div class=\"bbc-1atl7vu euvj3t14\">\n<ul role=\"list\" class=\"bbc-k0l9bd euvj3t12\">\n<li role=\"listitem\" class=\"bbc-1a3w4ok euvj3t11\">Gerardo Lissardy<\/li>\n<li role=\"listitem\" class=\"bbc-1p92jtu euvj3t10\">BBC News Mundo<\/li>\n<\/ul>\n<\/div>\n<\/div>\n<p><time datetime=\"2022-12-08\" class=\"bbc-1dafq0j e1mklfmt0\">6 horas<\/time><\/p>\n<div dir=\"ltr\" class=\"bbc-1ka88fa ebmt73l0\">\n<figure class=\"bbc-1qdcvv9 e1aczekt0\">\n<div dir=\"ltr\" class=\"bbc-172p16q ebmt73l0\">\n<div dir=\"ltr\" class=\"bbc-189y18v ebmt73l0\">\n<div data-e2e=\"image-placeholder\" class=\"bbc-997y1y eihqrxw0\"><img loading=\"lazy\" sizes=\"(min-width: 1008px) 645px, 100vw\" srcset=\"http:\/\/cordobadirecto.com\/wp-content\/uploads\/2022\/12\/crisis-en-peru-castillo-dio-un-paso-en-falso-la-variable-de-las-fuerzas-armadas-no-la-controlo-8.jpg 240w, http:\/\/cordobadirecto.com\/wp-content\/uploads\/2022\/12\/crisis-en-peru-castillo-dio-un-paso-en-falso-la-variable-de-las-fuerzas-armadas-no-la-controlo-9.jpg 320w, http:\/\/cordobadirecto.com\/wp-content\/uploads\/2022\/12\/crisis-en-peru-castillo-dio-un-paso-en-falso-la-variable-de-las-fuerzas-armadas-no-la-controlo-10.jpg 480w, http:\/\/cordobadirecto.com\/wp-content\/uploads\/2022\/12\/crisis-en-peru-castillo-dio-un-paso-en-falso-la-variable-de-las-fuerzas-armadas-no-la-controlo-11.jpg 624w, http:\/\/cordobadirecto.com\/wp-content\/uploads\/2022\/12\/crisis-en-peru-castillo-dio-un-paso-en-falso-la-variable-de-las-fuerzas-armadas-no-la-controlo-12.jpg 800w\" src=\"http:\/\/cordobadirecto.com\/wp-content\/uploads\/2022\/12\/crisis-en-peru-castillo-dio-un-paso-en-falso-la-variable-de-las-fuerzas-armadas-no-la-controlo.jpg\" alt=\"Juan Jim\u00e9nez Mayor, exministro peruano de Justicia\" width=\"976\" height=\"549\" class=\"e3vrtyk0 bbc-rb7xa0 e1mo64ex0\"><\/p>\n<p role=\"text\" class=\"bbc-1s1cxbv ewbcsnk0\"><span class=\"bbc-1gnhmg2 ed7bp6y0\">Fuente de la imagen, <\/span><span lang=\"en-GB\">AFP<\/span><\/p>\n<\/div>\n<\/div>\n<div dir=\"ltr\" class=\"bbc-3edg7g ebmt73l0\" readability=\"7.5\"><figcaption dir=\"ltr\" class=\"bbc-rhuvwm e6i104o0\" readability=\"5\"><span class=\"bbc-1gnhmg2 ed7bp6y0\">Pie de foto, <\/span><\/p>\n<p>Juan Jim\u00e9nez Mayor, exministro peruano de Justicia, advierte que Dina Boluarte conducir\u00e1 &#8220;un gobierno en crisis&#8221;<\/p>\n<\/figcaption><\/div>\n<\/div>\n<\/figure>\n<\/div>\n<div dir=\"ltr\" class=\"bbc-19j92fr ebmt73l0\" readability=\"8\">\n<p dir=\"ltr\" class=\"bbc-hhl7in e17g058b0\"><b>Un dato ilustra la inestabilidad pol\u00edtica que vive Per\u00fa: el pa\u00eds ha tenido seis presidentes distintos desde 2016.<\/b><\/p>\n<\/div>\n<div dir=\"ltr\" class=\"bbc-19j92fr ebmt73l0\" readability=\"9\">\n<p dir=\"ltr\" class=\"bbc-hhl7in e17g058b0\">El \u00faltimo cambio se produjo este mi\u00e9rcoles, cuando el todav\u00eda presidente Pedro Castillo anunci\u00f3 que disolver\u00eda el Congreso e instalar\u00eda un &#8220;gobierno de excepci\u00f3n&#8221;. <\/p>\n<\/div>\n<div dir=\"ltr\" class=\"bbc-19j92fr ebmt73l0\" readability=\"13\">\n<p dir=\"ltr\" class=\"bbc-hhl7in e17g058b0\">Con varios de sus miembros convencidos de que se trataba de un golpe de Estado, el Congreso destituy\u00f3 r\u00e1pidamente por &#8220;incapacidad moral&#8221; a Castillo, quien fue detenido por rebeli\u00f3n, y en su lugar asumi\u00f3 la vicepresidenta, Dina Boluarte. <\/p>\n<\/div>\n<div dir=\"ltr\" class=\"bbc-19j92fr ebmt73l0\" readability=\"11\">\n<p dir=\"ltr\" class=\"bbc-hhl7in e17g058b0\">Este desenlace dej\u00f3 en evidencia que Castillo dio un &#8220;paso en falso&#8221;, opina Juan Jim\u00e9nez Mayor, un exministro peruano de Justicia y expresidente del Consejo de Ministros del gobierno de Ollanta Humala.<\/p>\n<\/div>\n<div dir=\"ltr\" class=\"bbc-19j92fr ebmt73l0\" readability=\"9\">\n<p dir=\"ltr\" class=\"bbc-hhl7in e17g058b0\">&#8220;La variable de las Fuerzas Armadas no la control\u00f3&#8221;, explica este abogado durante una entrevista con BBC Mundo.<\/p>\n<\/div>\n<div dir=\"ltr\" class=\"bbc-19j92fr ebmt73l0\" readability=\"10\">\n<p dir=\"ltr\" class=\"bbc-hhl7in e17g058b0\">Pero advierte que Boluarte, la primera mujer en presidir Per\u00fa, tampoco lo tendr\u00e1 f\u00e1cil: &#8220;Va a conducir un gobierno en crisis&#8221;. <\/p>\n<\/div>\n<div dir=\"ltr\" class=\"bbc-19j92fr ebmt73l0\" readability=\"10\">\n<p dir=\"ltr\" class=\"bbc-hhl7in e17g058b0\">Lo que sigue es una s\u00edntesis del di\u00e1logo telef\u00f3nico con Jim\u00e9nez Mayor, quien tambi\u00e9n fue embajador peruano ante la Organizaci\u00f3n de Estados Americanos (OEA) y encabez\u00f3 la misi\u00f3n anticorrupci\u00f3n que esta tuvo en Honduras:<\/p>\n<\/div>\n<div dir=\"ltr\" class=\"bbc-19j92fr ebmt73l0\" readability=\"8\">\n<p dir=\"ltr\" class=\"bbc-hhl7in e17g058b0\"><b>\u00bfC\u00f3mo define la situaci\u00f3n pol\u00edtica e institucional de Per\u00fa tras el intento fallido de disoluci\u00f3n del Congreso por el presidente Castillo y su detenci\u00f3n posterior?<\/b><\/p>\n<\/div>\n<div dir=\"ltr\" class=\"bbc-19j92fr ebmt73l0\" readability=\"8\">\n<p dir=\"ltr\" class=\"bbc-hhl7in e17g058b0\">Per\u00fa vive una profunda crisis pol\u00edtica y moral. Hubo una degradaci\u00f3n muy grave del uso del poder por parte del presidente Castillo y sus colaboradores.<\/p>\n<\/div>\n<div dir=\"ltr\" class=\"bbc-19j92fr ebmt73l0\" readability=\"9\">\n<p dir=\"ltr\" class=\"bbc-hhl7in e17g058b0\">Las denuncias de corrupci\u00f3n pr\u00e1cticamente eran de todos los d\u00edas. Se ahond\u00f3 m\u00e1s la crisis cuando un exjefe de la Direcci\u00f3n de Inteligencia denunci\u00f3 hechos de corrupci\u00f3n que vinculaban al presidente.<\/p>\n<\/div>\n<div dir=\"ltr\" class=\"bbc-1ka88fa ebmt73l0\">\n<figure class=\"bbc-1qdcvv9 e1aczekt0\">\n<div dir=\"ltr\" class=\"bbc-172p16q ebmt73l0\">\n<div dir=\"ltr\" class=\"bbc-189y18v ebmt73l0\" readability=\"6.5\">\n<div data-e2e=\"image-placeholder\" class=\"bbc-997y1y eihqrxw0\" readability=\"8\"><noscript><img loading=\"lazy\" sizes=\"(min-width: 1008px) 645px, 100vw\" srcset=\"http:\/\/cordobadirecto.com\/wp-content\/uploads\/2022\/12\/crisis-en-peru-castillo-dio-un-paso-en-falso-la-variable-de-las-fuerzas-armadas-no-la-controlo-13.jpg 240w, http:\/\/cordobadirecto.com\/wp-content\/uploads\/2022\/12\/crisis-en-peru-castillo-dio-un-paso-en-falso-la-variable-de-las-fuerzas-armadas-no-la-controlo-14.jpg 320w, http:\/\/cordobadirecto.com\/wp-content\/uploads\/2022\/12\/crisis-en-peru-castillo-dio-un-paso-en-falso-la-variable-de-las-fuerzas-armadas-no-la-controlo-15.jpg 480w, http:\/\/cordobadirecto.com\/wp-content\/uploads\/2022\/12\/crisis-en-peru-castillo-dio-un-paso-en-falso-la-variable-de-las-fuerzas-armadas-no-la-controlo-16.jpg 624w, http:\/\/cordobadirecto.com\/wp-content\/uploads\/2022\/12\/crisis-en-peru-castillo-dio-un-paso-en-falso-la-variable-de-las-fuerzas-armadas-no-la-controlo-17.jpg 800w\" src=\"http:\/\/cordobadirecto.com\/wp-content\/uploads\/2022\/12\/crisis-en-peru-castillo-dio-un-paso-en-falso-la-variable-de-las-fuerzas-armadas-no-la-controlo-1.jpg\" alt=\"Pedro Castillo en su mensaje\" width=\"976\" height=\"549\" class=\"e3vrtyk0 bbc-rb7xa0 e1mo64ex0\"><\/noscript><\/p>\n<p role=\"text\" class=\"bbc-1s1cxbv ewbcsnk0\"><span class=\"bbc-1gnhmg2 ed7bp6y0\">Fuente de la imagen, <\/span><span lang=\"en-GB\">Gobierno de Per\u00fa<\/span><\/p>\n<\/div>\n<\/div>\n<div dir=\"ltr\" class=\"bbc-3edg7g ebmt73l0\" readability=\"6\"><figcaption dir=\"ltr\" class=\"bbc-rhuvwm e6i104o0\" readability=\"2\"><span class=\"bbc-1gnhmg2 ed7bp6y0\">Pie de foto, <\/span><\/p>\n<p>Pedro Castillo anunci\u00f3 en cadena nacional la disoluci\u00f3n del Congreso poco antes de ser depuesto.<\/p>\n<\/figcaption><\/div>\n<\/div>\n<\/figure>\n<\/div>\n<div dir=\"ltr\" class=\"bbc-19j92fr ebmt73l0\" readability=\"7\">\n<p dir=\"ltr\" class=\"bbc-hhl7in e17g058b0\">Demasiadas personas y hechos apuntaban directamente al presidente.<\/p>\n<\/div>\n<div dir=\"ltr\" class=\"bbc-19j92fr ebmt73l0\" readability=\"10\">\n<p dir=\"ltr\" class=\"bbc-hhl7in e17g058b0\">En medio de esta crisis, el Congreso dispuso realizar una sesi\u00f3n especial para recibir la versi\u00f3n del presidente respecto a estas imputaciones. Y se supone que iban a votar la posibilidad de una vacancia presidencial.<\/p>\n<\/div>\n<div dir=\"ltr\" class=\"bbc-19j92fr ebmt73l0\" readability=\"11\">\n<p dir=\"ltr\" class=\"bbc-hhl7in e17g058b0\">En Per\u00fa no tenemos el procedimiento del <i class=\"bbc-h1y5j7 eih42320\">impeachment<\/i> por corrupci\u00f3n. Tenemos como alternativa la vacancia presidencial por incapacidad moral, que ha permitido la destituci\u00f3n de presidentes como (Alberto) Fujimori, (Mart\u00edn) Vizcarra y ahora Castillo.<\/p>\n<\/div>\n<div dir=\"ltr\" class=\"bbc-19j92fr ebmt73l0\" readability=\"9\">\n<p dir=\"ltr\" class=\"bbc-hhl7in e17g058b0\"><b>Castillo argument\u00f3 en su mensaje que el Congreso peruano destruy\u00f3 el Estado de derecho y la democracia, y que el &#8220;gobierno de excepci\u00f3n&#8221; que \u00e9l orden\u00f3 buscaba restablecerla<\/b><b>&#8230;<\/b><\/p>\n<\/div>\n<div dir=\"ltr\" class=\"bbc-19j92fr ebmt73l0\" readability=\"9\">\n<p dir=\"ltr\" class=\"bbc-hhl7in e17g058b0\">Pero eso no es cierto, porque uno tiene que utilizar los canales constitucionales si hay un conflicto entre poderes.<\/p>\n<\/div>\n<div dir=\"ltr\" class=\"bbc-19j92fr ebmt73l0\" readability=\"8\">\n<p dir=\"ltr\" class=\"bbc-hhl7in e17g058b0\">Para esto tenemos figuras como el Tribunal Constitucional que puede dirimir en estos casos. No es a trav\u00e9s de la fuerza que se resuelven los conflictos en una democracia. <\/p>\n<\/div>\n<div dir=\"ltr\" class=\"bbc-19j92fr ebmt73l0\" readability=\"9\">\n<p dir=\"ltr\" class=\"bbc-hhl7in e17g058b0\">El presidente Castillo se sali\u00f3 de la Constituci\u00f3n y por supuesto colision\u00f3 con el Congreso. No solamente fue el Congreso: el Poder Judicial y el Ministerio P\u00fablico fueron amenazados con ser tomados de manera inconstitucional.<\/p>\n<\/div>\n<div dir=\"ltr\" class=\"bbc-19j92fr ebmt73l0\" readability=\"10\">\n<p dir=\"ltr\" class=\"bbc-hhl7in e17g058b0\">Esto es lamentable en medio de lo que el presidente planteaba como un proceso de di\u00e1logo, de restauraci\u00f3n institucional, para lo cual inclusive convoc\u00f3 a la OEA. <\/p>\n<\/div>\n<div dir=\"ltr\" class=\"bbc-19j92fr ebmt73l0\" readability=\"8\">\n<p dir=\"ltr\" class=\"bbc-hhl7in e17g058b0\"><b>\u00bfPero hasta qu\u00e9 punto el Congreso obstruy\u00f3 al gobierno de Castillo, como \u00e9l sostuvo?<\/b><\/p>\n<\/div>\n<div dir=\"ltr\" class=\"bbc-19j92fr ebmt73l0\" readability=\"7\">\n<p dir=\"ltr\" class=\"bbc-hhl7in e17g058b0\">El enfrentamiento de poderes est\u00e1 insertado en el ADN de la pol\u00edtica peruana. <\/p>\n<\/div>\n<div dir=\"ltr\" class=\"bbc-19j92fr ebmt73l0\" readability=\"8\">\n<p dir=\"ltr\" class=\"bbc-hhl7in e17g058b0\">El Congreso ha sido una entidad hostil a los gobiernos. Solo cuando el gobierno ha tenido una amplia mayor\u00eda en el Congreso ha podido gobernar con cierta comodidad.<\/p>\n<\/div>\n<div class=\"bbc-sffzb7 e1hrqbfn0\">\n<div dir=\"ltr\" class=\"bbc-1ka88fa ebmt73l0\">\n<figure class=\"bbc-1qdcvv9 e1aczekt0\">\n<div dir=\"ltr\" class=\"bbc-172p16q ebmt73l0\">\n<div dir=\"ltr\" class=\"bbc-189y18v ebmt73l0\">\n<div data-e2e=\"image-placeholder\" class=\"bbc-997y1y eihqrxw0\"><noscript><img loading=\"lazy\" sizes=\"(min-width: 1008px) 645px, 100vw\" srcset=\"http:\/\/cordobadirecto.com\/wp-content\/uploads\/2022\/12\/crisis-en-peru-castillo-dio-un-paso-en-falso-la-variable-de-las-fuerzas-armadas-no-la-controlo-18.jpg 240w, http:\/\/cordobadirecto.com\/wp-content\/uploads\/2022\/12\/crisis-en-peru-castillo-dio-un-paso-en-falso-la-variable-de-las-fuerzas-armadas-no-la-controlo-19.jpg 320w, http:\/\/cordobadirecto.com\/wp-content\/uploads\/2022\/12\/crisis-en-peru-castillo-dio-un-paso-en-falso-la-variable-de-las-fuerzas-armadas-no-la-controlo-20.jpg 480w, http:\/\/cordobadirecto.com\/wp-content\/uploads\/2022\/12\/crisis-en-peru-castillo-dio-un-paso-en-falso-la-variable-de-las-fuerzas-armadas-no-la-controlo-21.jpg 624w, http:\/\/cordobadirecto.com\/wp-content\/uploads\/2022\/12\/crisis-en-peru-castillo-dio-un-paso-en-falso-la-variable-de-las-fuerzas-armadas-no-la-controlo-22.jpg 800w\" src=\"http:\/\/cordobadirecto.com\/wp-content\/uploads\/2022\/12\/crisis-en-peru-castillo-dio-un-paso-en-falso-la-variable-de-las-fuerzas-armadas-no-la-controlo-2.jpg\" alt=\"Dina Boluarte asume como la primera presidenta de Per\u00fa\" width=\"976\" height=\"549\" class=\"e3vrtyk0 bbc-rb7xa0 e1mo64ex0\"><\/noscript><\/p>\n<p role=\"text\" class=\"bbc-1s1cxbv ewbcsnk0\"><span class=\"bbc-1gnhmg2 ed7bp6y0\">Fuente de la imagen, <\/span><span lang=\"en-GB\">AFP<\/span><\/p>\n<\/div>\n<\/div>\n<div dir=\"ltr\" class=\"bbc-3edg7g ebmt73l0\" readability=\"6.5\"><figcaption dir=\"ltr\" class=\"bbc-rhuvwm e6i104o0\" readability=\"3\"><span class=\"bbc-1gnhmg2 ed7bp6y0\">Pie de foto, <\/span><\/p>\n<p>Dina Boluarte asumi\u00f3 como la primera presidenta de Per\u00fa tras la destituci\u00f3n de Castillo en el Congreso.<\/p>\n<\/figcaption><\/div>\n<\/div>\n<\/figure>\n<\/div>\n<\/div>\n<div dir=\"ltr\" class=\"bbc-19j92fr ebmt73l0\" readability=\"7\">\n<p dir=\"ltr\" class=\"bbc-hhl7in e17g058b0\">El equilibrio de poderes que hay en el pa\u00eds implica que tengamos un Congreso hostil. <\/p>\n<\/div>\n<div dir=\"ltr\" class=\"bbc-19j92fr ebmt73l0\" readability=\"11\">\n<p dir=\"ltr\" class=\"bbc-hhl7in e17g058b0\">Lo que tiene que entender un presidente, o una presidenta ahora, es que esa es la forma de hacer pol\u00edtica en Per\u00fa, nos guste o no.<\/p>\n<\/div>\n<div dir=\"ltr\" class=\"bbc-19j92fr ebmt73l0\" readability=\"10\">\n<p dir=\"ltr\" class=\"bbc-hhl7in e17g058b0\">Quien da la direcci\u00f3n pol\u00edtica al Estado, que es el gobierno, tiene que tener la suficiente capacidad para establecer una agenda de trabajo que haga que esto no ocurra o se minimice.<\/p>\n<\/div>\n<div dir=\"ltr\" class=\"bbc-19j92fr ebmt73l0\" readability=\"11\">\n<p dir=\"ltr\" class=\"bbc-hhl7in e17g058b0\">Lo que pasa es que el presidente Castillo le dio suficiente munici\u00f3n al Congreso con ministros que comenz\u00f3 a nombrar que ten\u00edan imputaciones de violencia familiar, investigaciones por homicidio, antecedentes de haber manejado en ebriedad\u2026<\/p>\n<\/div>\n<div dir=\"ltr\" class=\"bbc-19j92fr ebmt73l0\" readability=\"8\">\n<p dir=\"ltr\" class=\"bbc-hhl7in e17g058b0\"><b>\u00bfHab\u00eda pruebas objetivas para que el Congreso destituyera a Castillo por &#8220;incapacidad moral&#8221; y presunta corrupci\u00f3n antes de su intento de disolver el Congreso?<\/b><\/p>\n<\/div>\n<div dir=\"ltr\" class=\"bbc-19j92fr ebmt73l0\" readability=\"9\">\n<p dir=\"ltr\" class=\"bbc-hhl7in e17g058b0\">Hay suficiente evidencia, varias investigaciones que tiene el expresidente. La Fiscal\u00eda tiene siete expedientes que han venido avanzando. Solamente se han presentado cuatro al Congreso. <\/p>\n<\/div>\n<div dir=\"ltr\" class=\"bbc-19j92fr ebmt73l0\" readability=\"10\">\n<p dir=\"ltr\" class=\"bbc-hhl7in e17g058b0\">A su secretario, que era su sombra, le encontraron US$20.000 en el ba\u00f1o de su oficina y ha se\u00f1alado \u00e9l que hab\u00eda se\u00f1alamientos por sobornos para ascensos de militares.<\/p>\n<\/div>\n<div dir=\"ltr\" class=\"bbc-19j92fr ebmt73l0\" readability=\"8\">\n<p dir=\"ltr\" class=\"bbc-hhl7in e17g058b0\">Hay un soborno imputado al presidente para el nombramiento de un funcionario en la empresa petrolera Petroper\u00fa.<\/p>\n<\/div>\n<div dir=\"ltr\" class=\"bbc-19j92fr ebmt73l0\" readability=\"8\">\n<p dir=\"ltr\" class=\"bbc-hhl7in e17g058b0\">Por menos de lo que ha pasado ahora, el presidente Vizcarra fue vacado. <\/p>\n<\/div>\n<div dir=\"ltr\" class=\"bbc-19j92fr ebmt73l0\" readability=\"11\">\n<p dir=\"ltr\" class=\"bbc-hhl7in e17g058b0\">Lo m\u00e1s grave es que el gobierno compr\u00f3 votos. El presidente Castillo se ven\u00eda sosteniendo en los \u00faltimos tiempos b\u00e1sicamente porque convenci\u00f3, entre comillas, a congresistas de la oposici\u00f3n para que no votaran por la vacancia presidencial. <\/p>\n<\/div>\n<div dir=\"ltr\" class=\"bbc-19j92fr ebmt73l0\" readability=\"9\">\n<p dir=\"ltr\" class=\"bbc-hhl7in e17g058b0\">Mi hip\u00f3tesis es que decidi\u00f3 dar un golpe de Estado porque hab\u00eda confirmado que ya estaban los votos para la vacancia. Entonces se ve\u00eda perdido y decidi\u00f3 dar este paso en falso: un golpe en el cual \u00e9l no ten\u00eda todas las variables en juego.<\/p>\n<\/div>\n<div dir=\"ltr\" class=\"bbc-19j92fr ebmt73l0\" readability=\"10\">\n<p dir=\"ltr\" class=\"bbc-hhl7in e17g058b0\">Tanto es as\u00ed que la variable de las Fuerzas Armadas no la control\u00f3, por ventura de la democracia peruana. Esto ha decantado en la decisi\u00f3n del Congreso de destituirlo y que la vicepresidenta asuma la presidencia de la Rep\u00fablica hasta 2026.<\/p>\n<\/div>\n<div dir=\"ltr\" class=\"bbc-1ka88fa ebmt73l0\">\n<figure class=\"bbc-1qdcvv9 e1aczekt0\">\n<div dir=\"ltr\" class=\"bbc-172p16q ebmt73l0\">\n<div dir=\"ltr\" class=\"bbc-189y18v ebmt73l0\" readability=\"6.5\">\n<div data-e2e=\"image-placeholder\" class=\"bbc-997y1y eihqrxw0\" readability=\"8\"><noscript><img loading=\"lazy\" sizes=\"(min-width: 1008px) 645px, 100vw\" srcset=\"http:\/\/cordobadirecto.com\/wp-content\/uploads\/2022\/12\/crisis-en-peru-castillo-dio-un-paso-en-falso-la-variable-de-las-fuerzas-armadas-no-la-controlo-23.jpg 240w, http:\/\/cordobadirecto.com\/wp-content\/uploads\/2022\/12\/crisis-en-peru-castillo-dio-un-paso-en-falso-la-variable-de-las-fuerzas-armadas-no-la-controlo-24.jpg 320w, http:\/\/cordobadirecto.com\/wp-content\/uploads\/2022\/12\/crisis-en-peru-castillo-dio-un-paso-en-falso-la-variable-de-las-fuerzas-armadas-no-la-controlo-25.jpg 480w, http:\/\/cordobadirecto.com\/wp-content\/uploads\/2022\/12\/crisis-en-peru-castillo-dio-un-paso-en-falso-la-variable-de-las-fuerzas-armadas-no-la-controlo-26.jpg 624w, http:\/\/cordobadirecto.com\/wp-content\/uploads\/2022\/12\/crisis-en-peru-castillo-dio-un-paso-en-falso-la-variable-de-las-fuerzas-armadas-no-la-controlo-27.jpg 800w\" src=\"http:\/\/cordobadirecto.com\/wp-content\/uploads\/2022\/12\/crisis-en-peru-castillo-dio-un-paso-en-falso-la-variable-de-las-fuerzas-armadas-no-la-controlo-3.jpg\" alt=\"Miembros de las Fuerzas Armadas peruanas asisten a la ceremonia en que Boluarte asumi\u00f3 la presidencia del pa\u00eds.\" width=\"976\" height=\"549\" class=\"e3vrtyk0 bbc-rb7xa0 e1mo64ex0\"><\/noscript><\/p>\n<p role=\"text\" class=\"bbc-1s1cxbv ewbcsnk0\"><span class=\"bbc-1gnhmg2 ed7bp6y0\">Fuente de la imagen, <\/span><span lang=\"en-GB\">Getty Images<\/span><\/p>\n<\/div>\n<\/div>\n<div dir=\"ltr\" class=\"bbc-3edg7g ebmt73l0\" readability=\"6.5\"><figcaption dir=\"ltr\" class=\"bbc-rhuvwm e6i104o0\" readability=\"3\"><span class=\"bbc-1gnhmg2 ed7bp6y0\">Pie de foto, <\/span><\/p>\n<p>Miembros de las Fuerzas Armadas peruanas asistieron a la ceremonia en que Boluarte asumi\u00f3 la presidencia.<\/p>\n<\/figcaption><\/div>\n<\/div>\n<\/figure>\n<\/div>\n<div dir=\"ltr\" class=\"bbc-19j92fr ebmt73l0\" readability=\"7\">\n<p dir=\"ltr\" class=\"bbc-hhl7in e17g058b0\"><b>\u00bfDina Boluarte representa un nuevo gobierno o una continuidad del gobierno de Castillo?<\/b><\/p>\n<\/div>\n<div dir=\"ltr\" class=\"bbc-19j92fr ebmt73l0\" readability=\"8\">\n<p dir=\"ltr\" class=\"bbc-hhl7in e17g058b0\">Creo que es un nuevo comienzo. Ha hecho un breve discurso con varios cuestionamientos a lo hecho por Castillo<\/p>\n<\/div>\n<div dir=\"ltr\" class=\"bbc-19j92fr ebmt73l0\" readability=\"7\">\n<p dir=\"ltr\" class=\"bbc-hhl7in e17g058b0\">Se puede apreciar en las fuerzas pol\u00edticas una suerte de apaciguamiento. <\/p>\n<\/div>\n<div dir=\"ltr\" class=\"bbc-19j92fr ebmt73l0\" readability=\"9\">\n<p dir=\"ltr\" class=\"bbc-hhl7in e17g058b0\">La presidenta ha planteado una tregua para sacar al pa\u00eds de la corrupci\u00f3n y el desgobierno, que el sistema de justicia combata la corrupci\u00f3n y contin\u00faen las investigaciones. <\/p>\n<\/div>\n<div dir=\"ltr\" class=\"bbc-19j92fr ebmt73l0\" readability=\"9\">\n<p dir=\"ltr\" class=\"bbc-hhl7in e17g058b0\">Y ha planteado la necesidad de un gabinete de amplia convocatoria, seguramente con las fuerzas pol\u00edticas del Congreso.<\/p>\n<\/div>\n<div dir=\"ltr\" class=\"bbc-19j92fr ebmt73l0\" readability=\"8\">\n<p dir=\"ltr\" class=\"bbc-hhl7in e17g058b0\">El problema que va a tener ella es que la bancada de Castillo no le va a dar necesariamente el apoyo. <\/p>\n<\/div>\n<div dir=\"ltr\" class=\"bbc-19j92fr ebmt73l0\" readability=\"9\">\n<p dir=\"ltr\" class=\"bbc-hhl7in e17g058b0\"><b>Boluarte pidi\u00f3 una tregua pol\u00edtica<\/b><b>,<\/b><b> pero parece carecer de mayor\u00edas en el Congreso. \u00bfPodr\u00e1 conseguirlas o tambi\u00e9n caer\u00e1 por falta de apoyo parlamentario?<\/b><\/p>\n<\/div>\n<div dir=\"ltr\" class=\"bbc-19j92fr ebmt73l0\" readability=\"8\">\n<p dir=\"ltr\" class=\"bbc-hhl7in e17g058b0\">Ese es el desaf\u00edo que tiene ella ahora. Va a depender de las decisiones que tome en adelante para poder gobernar Per\u00fa. <\/p>\n<\/div>\n<div dir=\"ltr\" class=\"bbc-19j92fr ebmt73l0\" readability=\"9\">\n<p dir=\"ltr\" class=\"bbc-hhl7in e17g058b0\">Ya sabemos que cuando un presidente no tiene un grupo parlamentario que pueda soportar al gobierno, este gobierno se cae.<\/p>\n<\/div>\n<div dir=\"ltr\" class=\"bbc-19j92fr ebmt73l0\" readability=\"7\">\n<p dir=\"ltr\" class=\"bbc-hhl7in e17g058b0\">Eso ha pasado en el siglo XX y sigue pasando en el siglo XXI.<\/p>\n<\/div>\n<div dir=\"ltr\" class=\"bbc-19j92fr ebmt73l0\" readability=\"7\">\n<p dir=\"ltr\" class=\"bbc-hhl7in e17g058b0\"><b>Algunos creen necesario convocar a nuevas elecciones. \u00bfEst\u00e1 de acuerdo?<\/b><\/p>\n<\/div>\n<div dir=\"ltr\" class=\"bbc-19j92fr ebmt73l0\" readability=\"8\">\n<p dir=\"ltr\" class=\"bbc-hhl7in e17g058b0\">Ese planteamiento estaba formulado como salida a la crisis de gobernabilidad con el presidente Castillo. <\/p>\n<\/div>\n<div dir=\"ltr\" class=\"bbc-19j92fr ebmt73l0\" readability=\"9\">\n<p dir=\"ltr\" class=\"bbc-hhl7in e17g058b0\">El Congreso no quer\u00eda eso y se han resistido a acortar su mandato, primero porque no quieren perder su quinquenio. <\/p>\n<\/div>\n<div dir=\"ltr\" class=\"bbc-1ka88fa ebmt73l0\">\n<figure class=\"bbc-1qdcvv9 e1aczekt0\">\n<div dir=\"ltr\" class=\"bbc-172p16q ebmt73l0\">\n<div dir=\"ltr\" class=\"bbc-189y18v ebmt73l0\">\n<div data-e2e=\"image-placeholder\" class=\"bbc-997y1y eihqrxw0\"><noscript><img loading=\"lazy\" sizes=\"(min-width: 1008px) 645px, 100vw\" srcset=\"http:\/\/cordobadirecto.com\/wp-content\/uploads\/2022\/12\/crisis-en-peru-castillo-dio-un-paso-en-falso-la-variable-de-las-fuerzas-armadas-no-la-controlo-28.jpg 240w, http:\/\/cordobadirecto.com\/wp-content\/uploads\/2022\/12\/crisis-en-peru-castillo-dio-un-paso-en-falso-la-variable-de-las-fuerzas-armadas-no-la-controlo-29.jpg 320w, http:\/\/cordobadirecto.com\/wp-content\/uploads\/2022\/12\/crisis-en-peru-castillo-dio-un-paso-en-falso-la-variable-de-las-fuerzas-armadas-no-la-controlo-30.jpg 480w, http:\/\/cordobadirecto.com\/wp-content\/uploads\/2022\/12\/crisis-en-peru-castillo-dio-un-paso-en-falso-la-variable-de-las-fuerzas-armadas-no-la-controlo-31.jpg 624w, http:\/\/cordobadirecto.com\/wp-content\/uploads\/2022\/12\/crisis-en-peru-castillo-dio-un-paso-en-falso-la-variable-de-las-fuerzas-armadas-no-la-controlo-32.jpg 800w\" src=\"http:\/\/cordobadirecto.com\/wp-content\/uploads\/2022\/12\/crisis-en-peru-castillo-dio-un-paso-en-falso-la-variable-de-las-fuerzas-armadas-no-la-controlo-4.jpg\" alt=\"Simpatizantes de Pedro Castillo chocan con la polic\u00eda tras la detenci\u00f3n del expresidente de Per\u00fa.\" width=\"976\" height=\"549\" class=\"e3vrtyk0 bbc-rb7xa0 e1mo64ex0\"><\/noscript><\/p>\n<p role=\"text\" class=\"bbc-1s1cxbv ewbcsnk0\"><span class=\"bbc-1gnhmg2 ed7bp6y0\">Fuente de la imagen, <\/span><span lang=\"en-GB\">AFP<\/span><\/p>\n<\/div>\n<\/div>\n<div dir=\"ltr\" class=\"bbc-3edg7g ebmt73l0\" readability=\"6.5\"><figcaption dir=\"ltr\" class=\"bbc-rhuvwm e6i104o0\" readability=\"3\"><span class=\"bbc-1gnhmg2 ed7bp6y0\">Pie de foto, <\/span><\/p>\n<p>Simpatizantes de Castillo chocaron con la polic\u00eda tras la detenci\u00f3n del expresidente por presunto delito de rebeli\u00f3n.<\/p>\n<\/figcaption><\/div>\n<\/div>\n<\/figure>\n<\/div>\n<div dir=\"ltr\" class=\"bbc-19j92fr ebmt73l0\" readability=\"10\">\n<p dir=\"ltr\" class=\"bbc-hhl7in e17g058b0\">Pero lo que est\u00e1n diciendo \u00faltimamente es que ellos son una garant\u00eda para que Per\u00fa no se radicalice m\u00e1s, porque ahora tenemos algunas propuestas pol\u00edticas muy radicales que esperemos que no tengan acogida. <\/p>\n<\/div>\n<div dir=\"ltr\" class=\"bbc-19j92fr ebmt73l0\" readability=\"10\">\n<p dir=\"ltr\" class=\"bbc-hhl7in e17g058b0\">Yo discrepo, porque el Congreso estaba m\u00e1s desligitimado que el presidente Castillo, entonces creo que da garant\u00edas de nada.<\/p>\n<\/div>\n<div dir=\"ltr\" class=\"bbc-19j92fr ebmt73l0\" readability=\"8\">\n<p dir=\"ltr\" class=\"bbc-hhl7in e17g058b0\">El adelanto de elecciones requerir\u00eda una reforma constitucional. Va a depender de la habilidad de la presidenta de conducir un gobierno con cierto \u00e9xito en los pr\u00f3ximos meses. <\/p>\n<\/div>\n<div dir=\"ltr\" class=\"bbc-19j92fr ebmt73l0\" readability=\"11\">\n<p dir=\"ltr\" class=\"bbc-hhl7in e17g058b0\"><b>Per\u00fa tiene una larga lista de presidentes que caen antes de terminar su mandato, expresidentes procesados por la justicia y presos, a la que se agrega ahora Castillo. \u00bfSe ha vuelto ingobernable el pa\u00eds?<\/b><\/p>\n<\/div>\n<div dir=\"ltr\" class=\"bbc-19j92fr ebmt73l0\" readability=\"11\">\n<p dir=\"ltr\" class=\"bbc-hhl7in e17g058b0\">No. La estabilidad que ten\u00eda Per\u00fa hasta 2016 cambia con la elecci\u00f3n de (Pedro Pablo) Kuczynski, que tiene una oposici\u00f3n muy tenaz del Congreso, donde la se\u00f1ora (Keiko) Fujimori tuvo una ampl\u00edsima mayor\u00eda y quiso gobernar desde all\u00ed. <\/p>\n<\/div>\n<div dir=\"ltr\" class=\"bbc-19j92fr ebmt73l0\" readability=\"10\">\n<p dir=\"ltr\" class=\"bbc-hhl7in e17g058b0\">Desde 2016 en adelante las turbulencias pol\u00edticas han generado una enorme inestabilidad. Pero una cuesti\u00f3n muy importante es la fortaleza de la econom\u00eda: el crecimiento de Per\u00fa este a\u00f1o va a superar el 3%, a pesar de Castillo. <\/p>\n<\/div>\n<div dir=\"ltr\" class=\"bbc-19j92fr ebmt73l0\" readability=\"7\">\n<p dir=\"ltr\" class=\"bbc-hhl7in e17g058b0\"><b>\u00bfEl meollo del problema en Per\u00fa es la calidad de la clase pol\u00edtica?<\/b><\/p>\n<\/div>\n<div dir=\"ltr\" class=\"bbc-19j92fr ebmt73l0\" readability=\"8\">\n<p dir=\"ltr\" class=\"bbc-hhl7in e17g058b0\">No tengo dudas de eso. La crisis pol\u00edtica tan prolongada que hemos tenido se ha debido a la ausencia de un liderazgo pol\u00edtico que pueda sacarnos de esta crisis.<\/p>\n<\/div>\n<div dir=\"ltr\" class=\"bbc-19j92fr ebmt73l0\" readability=\"9\">\n<p dir=\"ltr\" class=\"bbc-hhl7in e17g058b0\">Hay que entender tambi\u00e9n que la poblaci\u00f3n estaba muy enojada con los pol\u00edticos cuando eligi\u00f3 a Castillo, en la coyuntura de un pa\u00eds derrumbado por la pandemia. <\/p>\n<\/div>\n<div dir=\"ltr\" class=\"bbc-1ka88fa ebmt73l0\">\n<figure class=\"bbc-1qdcvv9 e1aczekt0\">\n<div dir=\"ltr\" class=\"bbc-172p16q ebmt73l0\">\n<div dir=\"ltr\" class=\"bbc-189y18v ebmt73l0\">\n<div data-e2e=\"image-placeholder\" class=\"bbc-997y1y eihqrxw0\"><noscript><img loading=\"lazy\" sizes=\"(min-width: 1008px) 645px, 100vw\" srcset=\"http:\/\/cordobadirecto.com\/wp-content\/uploads\/2022\/12\/crisis-en-peru-castillo-dio-un-paso-en-falso-la-variable-de-las-fuerzas-armadas-no-la-controlo-33.jpg 240w, http:\/\/cordobadirecto.com\/wp-content\/uploads\/2022\/12\/crisis-en-peru-castillo-dio-un-paso-en-falso-la-variable-de-las-fuerzas-armadas-no-la-controlo-34.jpg 320w, http:\/\/cordobadirecto.com\/wp-content\/uploads\/2022\/12\/crisis-en-peru-castillo-dio-un-paso-en-falso-la-variable-de-las-fuerzas-armadas-no-la-controlo-35.jpg 480w, http:\/\/cordobadirecto.com\/wp-content\/uploads\/2022\/12\/crisis-en-peru-castillo-dio-un-paso-en-falso-la-variable-de-las-fuerzas-armadas-no-la-controlo-36.jpg 624w, http:\/\/cordobadirecto.com\/wp-content\/uploads\/2022\/12\/crisis-en-peru-castillo-dio-un-paso-en-falso-la-variable-de-las-fuerzas-armadas-no-la-controlo-37.jpg 800w\" src=\"http:\/\/cordobadirecto.com\/wp-content\/uploads\/2022\/12\/crisis-en-peru-castillo-dio-un-paso-en-falso-la-variable-de-las-fuerzas-armadas-no-la-controlo-5.jpg\" alt=\"Pedro Castillo en la fiscal\u00eda\" width=\"976\" height=\"549\" class=\"e3vrtyk0 bbc-rb7xa0 e1mo64ex0\"><\/noscript><\/p>\n<p role=\"text\" class=\"bbc-1s1cxbv ewbcsnk0\"><span class=\"bbc-1gnhmg2 ed7bp6y0\">Fuente de la imagen, <\/span><span lang=\"en-GB\">AFP<\/span><\/p>\n<\/div>\n<\/div>\n<div dir=\"ltr\" class=\"bbc-3edg7g ebmt73l0\" readability=\"7\"><figcaption dir=\"ltr\" class=\"bbc-rhuvwm e6i104o0\" readability=\"4\"><span class=\"bbc-1gnhmg2 ed7bp6y0\">Pie de foto, <\/span><\/p>\n<p>Pedro Castillo estuvo acompa\u00f1ado de su asesor, Anibal Torres, al presentarse en la fiscal\u00eda.<\/p>\n<\/figcaption><\/div>\n<\/div>\n<\/figure>\n<\/div>\n<div dir=\"ltr\" class=\"bbc-19j92fr ebmt73l0\" readability=\"7\">\n<p dir=\"ltr\" class=\"bbc-hhl7in e17g058b0\">Y lamentablemente el gobierno durante 16 meses de gesti\u00f3n no ha podido hacer nada. <\/p>\n<\/div>\n<div dir=\"ltr\" class=\"bbc-19j92fr ebmt73l0\" readability=\"8\">\n<p dir=\"ltr\" class=\"bbc-hhl7in e17g058b0\">La gente sigue enojada. Es importante entender que el proceso pol\u00edtico peruano no se acaba ahora. Dina Boluarte va a conducir un gobierno en crisis.<\/p>\n<\/div>\n<div dir=\"ltr\" class=\"bbc-19j92fr ebmt73l0\" readability=\"8\">\n<p dir=\"ltr\" class=\"bbc-hhl7in e17g058b0\">Que las fuerzas pol\u00edticas asuman con madurez lo que viene y hagan reformas m\u00e1s all\u00e1 de los apetitos de los partidos. <\/p>\n<\/div>\n<div dir=\"ltr\" class=\"bbc-19j92fr ebmt73l0\" readability=\"7\">\n<p dir=\"ltr\" class=\"bbc-hhl7in e17g058b0\"><b>\u00bfC\u00f3mo observa la respuesta de la regi\u00f3n a esta crisis en Per\u00fa?<\/b><\/p>\n<\/div>\n<div dir=\"ltr\" class=\"bbc-19j92fr ebmt73l0\" readability=\"8\">\n<p dir=\"ltr\" class=\"bbc-hhl7in e17g058b0\">Yo estaba muy preocupado porque ve\u00eda al sector de la izquierda latinoamericana apoyando al presidente Castillo.<\/p>\n<\/div>\n<div dir=\"ltr\" class=\"bbc-19j92fr ebmt73l0\" readability=\"8\">\n<p dir=\"ltr\" class=\"bbc-hhl7in e17g058b0\">Ve\u00edamos al presidente (Andr\u00e9s Manuel) L\u00f3pez Obrador en M\u00e9xico interfiriendo en pol\u00edtica interna. Con esto M\u00e9xico ha roto una vieja tradici\u00f3n de no intervenci\u00f3n en asuntos externos. <\/p>\n<\/div>\n<div dir=\"ltr\" class=\"bbc-19j92fr ebmt73l0\" readability=\"9\">\n<p dir=\"ltr\" class=\"bbc-hhl7in e17g058b0\">Si el Congreso decid\u00eda vacar al presidente, probablemente \u00edbamos a tener un escenario de soporte internacional por parte de gobiernos afines a la propuesta de Castillo.<\/p>\n<\/div>\n<div dir=\"ltr\" class=\"bbc-19j92fr ebmt73l0\" readability=\"10\">\n<p dir=\"ltr\" class=\"bbc-hhl7in e17g058b0\">Pero lo que ha pasado ha descolocado a todo el continente, porque nadie esperaba que Castillo hiciera lo que hizo, plantear un golpe de Estado. <\/p>\n<\/div>\n<div dir=\"ltr\" class=\"bbc-19j92fr ebmt73l0\" readability=\"10\">\n<p dir=\"ltr\" class=\"bbc-hhl7in e17g058b0\">En ese sentido, \u00e9l ha descolocado no solamente a sus aliados pol\u00edticos en Per\u00fa, sino tambi\u00e9n a sus aliados internacionales: nadie puede defender lo que ha hecho.<\/p>\n<\/div>\n<div dir=\"ltr\" class=\"bbc-19j92fr ebmt73l0\" readability=\"7\">\n<p dir=\"ltr\" class=\"bbc-hhl7in e17g058b0\"><b>La OEA ha seguido de cerca esta crisis. \u00bfQu\u00e9 evaluaci\u00f3n hace?<\/b><\/p>\n<\/div>\n<div dir=\"ltr\" class=\"bbc-19j92fr ebmt73l0\" readability=\"9\">\n<p dir=\"ltr\" class=\"bbc-hhl7in e17g058b0\">Desafortunadamente para la Secretar\u00eda General de la OEA, equivocaron el rumbo de nuevo: no entendieron lo que pasaba.<\/p>\n<\/div>\n<div dir=\"ltr\" class=\"bbc-19j92fr ebmt73l0\" readability=\"12\">\n<p dir=\"ltr\" class=\"bbc-hhl7in e17g058b0\">Vino una misi\u00f3n internacional aqu\u00ed e hicieron un informe que fue muy criticado en Per\u00fa, porque b\u00e1sicamente recog\u00eda la posici\u00f3n del presidente Castillo y no toda la informaci\u00f3n que hab\u00edan recibido del Congreso, el Poder Judicial, el Ministerio P\u00fablico y la sociedad civil. <\/p>\n<\/div>\n<div dir=\"ltr\" class=\"bbc-1ka88fa ebmt73l0\">\n<figure class=\"bbc-1qdcvv9 e1aczekt0\">\n<div dir=\"ltr\" class=\"bbc-172p16q ebmt73l0\">\n<div dir=\"ltr\" class=\"bbc-189y18v ebmt73l0\">\n<div data-e2e=\"image-placeholder\" class=\"bbc-997y1y eihqrxw0\"><noscript><img loading=\"lazy\" sizes=\"(min-width: 1008px) 645px, 100vw\" srcset=\"http:\/\/cordobadirecto.com\/wp-content\/uploads\/2022\/12\/crisis-en-peru-castillo-dio-un-paso-en-falso-la-variable-de-las-fuerzas-armadas-no-la-controlo-38.jpg 240w, http:\/\/cordobadirecto.com\/wp-content\/uploads\/2022\/12\/crisis-en-peru-castillo-dio-un-paso-en-falso-la-variable-de-las-fuerzas-armadas-no-la-controlo-39.jpg 320w, http:\/\/cordobadirecto.com\/wp-content\/uploads\/2022\/12\/crisis-en-peru-castillo-dio-un-paso-en-falso-la-variable-de-las-fuerzas-armadas-no-la-controlo-40.jpg 480w, http:\/\/cordobadirecto.com\/wp-content\/uploads\/2022\/12\/crisis-en-peru-castillo-dio-un-paso-en-falso-la-variable-de-las-fuerzas-armadas-no-la-controlo-41.jpg 624w, http:\/\/cordobadirecto.com\/wp-content\/uploads\/2022\/12\/crisis-en-peru-castillo-dio-un-paso-en-falso-la-variable-de-las-fuerzas-armadas-no-la-controlo-42.jpg 800w\" src=\"http:\/\/cordobadirecto.com\/wp-content\/uploads\/2022\/12\/crisis-en-peru-castillo-dio-un-paso-en-falso-la-variable-de-las-fuerzas-armadas-no-la-controlo-6.jpg\" alt=\"Manifestantes frente al Congreso\" width=\"976\" height=\"549\" class=\"e3vrtyk0 bbc-rb7xa0 e1mo64ex0\"><\/noscript><\/p>\n<p role=\"text\" class=\"bbc-1s1cxbv ewbcsnk0\"><span class=\"bbc-1gnhmg2 ed7bp6y0\">Fuente de la imagen, <\/span><span lang=\"en-GB\">EPA<\/span><\/p>\n<\/div>\n<\/div>\n<div dir=\"ltr\" class=\"bbc-3edg7g ebmt73l0\" readability=\"6\"><figcaption dir=\"ltr\" class=\"bbc-rhuvwm e6i104o0\" readability=\"2\"><span class=\"bbc-1gnhmg2 ed7bp6y0\">Pie de foto, <\/span><\/p>\n<p>La crisis pol\u00edtica de Per\u00fa ha tenido un nuevo capitulo con la ca\u00edda de otro presidente.<\/p>\n<\/figcaption><\/div>\n<\/div>\n<\/figure>\n<\/div>\n<div dir=\"ltr\" class=\"bbc-19j92fr ebmt73l0\" readability=\"12\">\n<p dir=\"ltr\" class=\"bbc-hhl7in e17g058b0\">Por ejemplo, la palabra corrupci\u00f3n, que es el detonante de la crisis pol\u00edtica, no aparec\u00eda por ning\u00fan lado. Lo que dec\u00eda el informe era que en Per\u00fa hab\u00eda una polarizaci\u00f3n pol\u00edtica que estaba afectando la democracia. <\/p>\n<\/div>\n<div dir=\"ltr\" class=\"bbc-19j92fr ebmt73l0\" readability=\"7\">\n<p dir=\"ltr\" class=\"bbc-hhl7in e17g058b0\">Y el secretario general de la OEA plante\u00f3 una tregua para iniciar un proceso de di\u00e1logo. <\/p>\n<\/div>\n<div dir=\"ltr\" class=\"bbc-19j92fr ebmt73l0\" readability=\"8\">\n<p dir=\"ltr\" class=\"bbc-hhl7in e17g058b0\">Para las fuerzas pol\u00edticas peruanas ha sido muy claro que hubo una alianza entre la OEA y el gobierno (de Castillo) para que no se corte el mandato del presidente.<\/p>\n<\/div>\n<div dir=\"ltr\" class=\"bbc-19j92fr ebmt73l0\" readability=\"10\">\n<p dir=\"ltr\" class=\"bbc-hhl7in e17g058b0\">Pero finalmente, as\u00ed como el presidente Castillo ha traicionado a sus aliados peruanos e internacionales, tambi\u00e9n ha traicionado a sus aliados de la OEA al plantear un golpe de Estado en el pa\u00eds.<\/p>\n<\/div>\n<div dir=\"ltr\" class=\"bbc-1ka88fa ebmt73l0\">\n<figure class=\"bbc-1qdcvv9 e1aczekt0\">\n<div dir=\"ltr\" class=\"bbc-172p16q ebmt73l0\">\n<div dir=\"ltr\" class=\"bbc-189y18v ebmt73l0\" readability=\"6.5\">\n<div data-e2e=\"image-placeholder\" class=\"bbc-997y1y eihqrxw0\" readability=\"8\"><noscript><img loading=\"lazy\" sizes=\"(min-width: 1008px) 645px, 100vw\" srcset=\"http:\/\/cordobadirecto.com\/wp-content\/uploads\/2022\/12\/crisis-en-peru-castillo-dio-un-paso-en-falso-la-variable-de-las-fuerzas-armadas-no-la-controlo-43.jpg 240w, http:\/\/cordobadirecto.com\/wp-content\/uploads\/2022\/12\/crisis-en-peru-castillo-dio-un-paso-en-falso-la-variable-de-las-fuerzas-armadas-no-la-controlo-44.jpg 320w, http:\/\/cordobadirecto.com\/wp-content\/uploads\/2022\/12\/crisis-en-peru-castillo-dio-un-paso-en-falso-la-variable-de-las-fuerzas-armadas-no-la-controlo-45.jpg 464w\" src=\"http:\/\/cordobadirecto.com\/wp-content\/uploads\/2022\/12\/crisis-en-peru-castillo-dio-un-paso-en-falso-la-variable-de-las-fuerzas-armadas-no-la-controlo-7.jpg\" alt=\"L\u00ednea\" width=\"464\" height=\"2\" class=\"e3vrtyk0 bbc-rb7xa0 e1mo64ex0\"><\/noscript><\/p>\n<p role=\"text\" class=\"bbc-1s1cxbv ewbcsnk0\"><span class=\"bbc-1gnhmg2 ed7bp6y0\">Fuente de la imagen, <\/span><span lang=\"en-GB\">Gobierno de Per\u00fa<\/span><\/p>\n<\/div>\n<\/div>\n<\/div>\n<\/figure>\n<\/div>\n<div dir=\"ltr\" class=\"bbc-19j92fr ebmt73l0\" readability=\"8\">\n<p dir=\"ltr\" class=\"bbc-hhl7in e17g058b0\"><i class=\"bbc-h1y5j7 eih42320\">Recuerda que <\/i><i class=\"bbc-h1y5j7 eih42320\">puedes recibir notificaciones de BBC Mundo. Descarga la nueva versi\u00f3n de nuestra app y act\u00edvalas para no perderte nuestro mejor contenido.<\/i><\/p>\n<\/div>\n","protected":false},"excerpt":{"rendered":"<p>Gerardo Lissardy BBC News Mundo 6 horas Fuente de la imagen, AFP Pie de foto, Juan Jim\u00e9nez Mayor, exministro peruano de Justicia, advierte que Dina Boluarte conducir\u00e1 &#8220;un gobierno en crisis&#8221; Un dato ilustra la inestabilidad pol\u00edtica que vive Per\u00fa: el pa\u00eds ha tenido seis presidentes distintos desde 2016. El \u00faltimo cambio se produjo este [&hellip;]<\/p>\n","protected":false},"author":1,"featured_media":90436,"comment_status":"closed","ping_status":"closed","sticky":false,"template":"","format":"standard","meta":[],"categories":[24],"tags":[],"_links":{"self":[{"href":"http:\/\/cordobadirecto.com\/index.php\/wp-json\/wp\/v2\/posts\/90435"}],"collection":[{"href":"http:\/\/cordobadirecto.com\/index.php\/wp-json\/wp\/v2\/posts"}],"about":[{"href":"http:\/\/cordobadirecto.com\/index.php\/wp-json\/wp\/v2\/types\/post"}],"author":[{"embeddable":true,"href":"http:\/\/cordobadirecto.com\/index.php\/wp-json\/wp\/v2\/users\/1"}],"replies":[{"embeddable":true,"href":"http:\/\/cordobadirecto.com\/index.php\/wp-json\/wp\/v2\/comments?post=90435"}],"version-history":[{"count":0,"href":"http:\/\/cordobadirecto.com\/index.php\/wp-json\/wp\/v2\/posts\/90435\/revisions"}],"wp:featuredmedia":[{"embeddable":true,"href":"http:\/\/cordobadirecto.com\/index.php\/wp-json\/wp\/v2\/media\/90436"}],"wp:attachment":[{"href":"http:\/\/cordobadirecto.com\/index.php\/wp-json\/wp\/v2\/media?parent=90435"}],"wp:term":[{"taxonomy":"category","embeddable":true,"href":"http:\/\/cordobadirecto.com\/index.php\/wp-json\/wp\/v2\/categories?post=90435"},{"taxonomy":"post_tag","embeddable":true,"href":"http:\/\/cordobadirecto.com\/index.php\/wp-json\/wp\/v2\/tags?post=90435"}],"curies":[{"name":"wp","href":"https:\/\/api.w.org\/{rel}","templated":true}]}}