{"id":90511,"date":"2022-12-08T01:04:03","date_gmt":"2022-12-08T01:04:03","guid":{"rendered":"https:\/\/cordoba.gob.ar\/?p=37128"},"modified":"2022-12-08T01:04:03","modified_gmt":"2022-12-08T01:04:03","slug":"con-luces-y-material-reciclado-el-arbol-navideno-ahora-brilla-para-todos-los-cordobeses","status":"publish","type":"post","link":"http:\/\/cordobadirecto.com\/index.php\/2022\/12\/08\/con-luces-y-material-reciclado-el-arbol-navideno-ahora-brilla-para-todos-los-cordobeses\/","title":{"rendered":"Con luces y material reciclado, el \u00e1rbol navide\u00f1o ahora brilla para todos los cordobeses"},"content":{"rendered":"<div><img src=\"http:\/\/cordobadirecto.com\/wp-content\/uploads\/2022\/12\/con-luces-y-material-reciclado-el-arbol-navideno-ahora-brilla-para-todos-los-cordobeses.jpg\" class=\"ff-og-image-inserted\"><\/div>\n<ul>\n<li><strong>El intendente Mart\u00edn Llaryora asisti\u00f3 al encendido del \u00e1rbol de Navidad elaborado con material de la econom\u00eda circular.<\/strong><\/li>\n<li><strong>La intervenci\u00f3n art\u00edstica mide 14 metros de alto y est\u00e1 elaborada con m\u00e1s de 10.000 objetos reciclables provenientes de la econom\u00eda circular.<\/strong><\/li>\n<\/ul>\n<hr>\n<p>A partir de ahora, las noches de la ciudad estar\u00e1n iluminadas con el \u00e1rbol de Navidad que est\u00e1 realizado \u00edntegramente con productos reciclables y reutilizables.<\/p>\n<p>El intendente Mart\u00edn Llaryora estuvo presente en el encendido de las luces de la obra navide\u00f1a, que se encuentra ubicada en la plaza de la Intendencia H\u00e9roes de Malvinas.<\/p>\n<p>Se trata del tercer a\u00f1o consecutivo que la actual gesti\u00f3n municipal lleva a cabo esta intervenci\u00f3n art\u00edstica, a trav\u00e9s del Ente C\u00f3rdoba Obras y Servicios (COyS), dentro del marco de la econom\u00eda circular y cuidado del ambiente.<\/p>\n<p>El artista Dar\u00edo Pedreira estuvo a cargo del montaje y su ejecuci\u00f3n del \u00e1rbol que requiri\u00f3 m\u00e1s de 10.000 objetos reciclados, de diferentes composiciones, para la confecci\u00f3n de las esferas navide\u00f1as que son el principal elemento decorativo del \u00e1rbol.<\/p>\n<p>Antes del encendido del \u00e1rbol, se llev\u00f3 a cabo una jornada de Navidad Circular con la instalaci\u00f3n de un puesto de trueque donde los vecinos canjearon sus residuos secos y limpios, por adornos y arbolitos navide\u00f1os hechos 100% de materiales reciclados.<\/p>\n<p>Botellas de pl\u00e1stico, potes de helado, pl\u00e1sticos varios, papel, vidrios y cart\u00f3n fueron algunos de los materiales que se intercambiaron en el Ecopunto.<\/p>\n<p>Adem\u00e1s, el evento brind\u00f3 n\u00fameros musicales en vivo junto a Soul Bitches, el grupo La Corte y el Dj Rami \u00c1lvarez.<\/p>\n<p>Cabe destacar que esta iniciativa se concret\u00f3 gracias a la participaci\u00f3n de las empresas Grido y Coca-Cola, como el trabajo conjunto entre el sector privado y el municipio.<\/p>\n<p>Ecolif e Hilanda, empresas cordobesas de triple impacto, tambi\u00e9n forman parte de esta propuesta circular.<\/p>\n<p>UN \u00c1RBOL MUY PARTICULAR<\/p>\n<p>La intervenci\u00f3n art\u00edstica tiene una altura de 14 metros. M\u00e1s de 1.000 botellas se decoraron con deshecho de la industria pl\u00e1stica como los envases de leche y tapitas de pl\u00e1stico; sumado al residuo de la producci\u00f3n de l\u00e1mparas de la industria cordobesa y al zuncho de descarte proveniente de las empresas de log\u00edsticas.<\/p>\n<p>Todos estos elementos dieron como resultado una paleta de colores metalizados que le otorgan un particular brillo a la obra navide\u00f1a.<\/p>\n<p>Como coronaci\u00f3n de la estructura, el artista construy\u00f3 una estrella revestida \u00edntegramente con Cd y DVD, logrando como efecto un brillo que ser\u00e1 el punto visual m\u00e1s alto y atractivo del \u00e1rbol.<\/p>\n<p>Tambi\u00e9n se hicieron esferas con rezagos met\u00e1licos que envuelven damajuanas de vidrio, en cuyo interior tendr\u00e1n luces Led.<\/p>\n","protected":false},"excerpt":{"rendered":"<p>El intendente Mart\u00edn Llaryora asisti\u00f3 al encendido del \u00e1rbol de Navidad elaborado con material de la econom\u00eda circular. La intervenci\u00f3n art\u00edstica mide 14 metros de alto y est\u00e1 elaborada con m\u00e1s de 10.000 objetos reciclables provenientes de la econom\u00eda circular. A partir de ahora, las noches de la ciudad estar\u00e1n iluminadas con el \u00e1rbol de [&hellip;]<\/p>\n","protected":false},"author":1,"featured_media":90512,"comment_status":"closed","ping_status":"closed","sticky":false,"template":"","format":"standard","meta":[],"categories":[44],"tags":[],"_links":{"self":[{"href":"http:\/\/cordobadirecto.com\/index.php\/wp-json\/wp\/v2\/posts\/90511"}],"collection":[{"href":"http:\/\/cordobadirecto.com\/index.php\/wp-json\/wp\/v2\/posts"}],"about":[{"href":"http:\/\/cordobadirecto.com\/index.php\/wp-json\/wp\/v2\/types\/post"}],"author":[{"embeddable":true,"href":"http:\/\/cordobadirecto.com\/index.php\/wp-json\/wp\/v2\/users\/1"}],"replies":[{"embeddable":true,"href":"http:\/\/cordobadirecto.com\/index.php\/wp-json\/wp\/v2\/comments?post=90511"}],"version-history":[{"count":0,"href":"http:\/\/cordobadirecto.com\/index.php\/wp-json\/wp\/v2\/posts\/90511\/revisions"}],"wp:featuredmedia":[{"embeddable":true,"href":"http:\/\/cordobadirecto.com\/index.php\/wp-json\/wp\/v2\/media\/90512"}],"wp:attachment":[{"href":"http:\/\/cordobadirecto.com\/index.php\/wp-json\/wp\/v2\/media?parent=90511"}],"wp:term":[{"taxonomy":"category","embeddable":true,"href":"http:\/\/cordobadirecto.com\/index.php\/wp-json\/wp\/v2\/categories?post=90511"},{"taxonomy":"post_tag","embeddable":true,"href":"http:\/\/cordobadirecto.com\/index.php\/wp-json\/wp\/v2\/tags?post=90511"}],"curies":[{"name":"wp","href":"https:\/\/api.w.org\/{rel}","templated":true}]}}