{"id":90513,"date":"2022-12-07T23:08:50","date_gmt":"2022-12-07T23:08:50","guid":{"rendered":"https:\/\/cordoba.gob.ar\/?p=37123"},"modified":"2022-12-07T23:08:50","modified_gmt":"2022-12-07T23:08:50","slug":"llaryora-propuso-incluir-a-la-oposicion-en-el-consejo-de-administracion-de-la-adec","status":"publish","type":"post","link":"http:\/\/cordobadirecto.com\/index.php\/2022\/12\/07\/llaryora-propuso-incluir-a-la-oposicion-en-el-consejo-de-administracion-de-la-adec\/","title":{"rendered":"Llaryora propuso incluir a la oposici\u00f3n en el Consejo de Administraci\u00f3n de la ADEC"},"content":{"rendered":"<div><img src=\"http:\/\/cordobadirecto.com\/wp-content\/uploads\/2022\/12\/llaryora-propuso-incluir-a-la-oposicion-en-el-consejo-de-administracion-de-la-adec.jpg\" class=\"ff-og-image-inserted\"><\/div>\n<ul>\n<li><strong>En el 25 aniversario de la instituci\u00f3n, como presidente de la Agencia para el Desarrollo Econ\u00f3mico de la Ciudad de C\u00f3rdoba (ADEC), el intendente municipal propuso actualizar el estatuto de la instituci\u00f3n e incorporar un concejal del oficialismo y de la oposici\u00f3n al Consejo de Administraci\u00f3n de la instituci\u00f3n.<\/strong><\/li>\n<li><strong>La Agencia promueve la articulaci\u00f3n del sector privado con la Municipalidad y otras entidades p\u00fablicas, con el fin de realizar proyectos y lineamientos estrat\u00e9gicos para promover el desarrollo de la ciudad.<\/strong><\/li>\n<\/ul>\n<hr>\n<p>El intendente Mart\u00edn Llaryora asisti\u00f3 a los festejos del 25\u00b0 aniversario de la Agencia para el Desarrollo Econ\u00f3mico de la Ciudad de C\u00f3rdoba (ADEC), donde expres\u00f3 su voluntad de abrir la ADEC al poder legislativo municipal para que su directorio cuente con miembros del oficialismo y de la oposici\u00f3n.<\/p>\n<p>La ADEC es una Agencia sin fines de lucro que promueve el desarrollo econ\u00f3mico y social de la ciudad de C\u00f3rdoba y su regi\u00f3n metropolitana. Durante estos 25 a\u00f1os la Agencia trabaj\u00f3 para generar un \u00e1mbito que propiciara la reflexi\u00f3n y construcci\u00f3n de pol\u00edticas p\u00fablicas consensuadas y orientadas a fortalecer el tejido empresarial con el fin de mejorar la competitividad de las MiPyMES cordobesas.<\/p>\n<p>El intendente explic\u00f3 que muchos aportes t\u00e9cnicos que luego el Ejecutivo lleva adelante u ordenanzas que se aprueban en el Concejo, tienen su g\u00e9nesis en la ADEC. Por ello, continu\u00f3 Llaryora, <em>\u201cdebemos sumar fortaleza institucional a la ADEC con participaci\u00f3n del oficialismo y de la oposici\u00f3n para que muchas ideas que surjan desde esta instituci\u00f3n tengan la participaci\u00f3n directa de representantes del Concejo Deliberante\u201d.<\/em><\/p>\n<p><em>\u201cCuando se vincula solo con el Ejecutivo la limitamos, debemos innovar. Estoy convencido que ADEC se fortalece si podemos modificar el estatuto para que tenga al oficialismo y a la oposici\u00f3n trabajando juntos, siendo as\u00ed un nexo m\u00e1s r\u00e1pido, din\u00e1mico entre las propuestas de ADEC y lo que se aprueba en el \u00e1mbito legislativo\u201d<\/em>, agreg\u00f3.<\/p>\n<p>En estos a\u00f1os, ADEC contribuy\u00f3 a la generaci\u00f3n de conocimiento sobre la realidad local y a la construcci\u00f3n de pol\u00edticas y programas de desarrollo, basados en ese conocimiento.<\/p>\n<p>Paralelamente identific\u00f3 y dise\u00f1\u00f3 programas que responden a las demandas de los actores econ\u00f3micos locales, facilitando a las MiPYMES servicios de desarrollo empresarial que pueden contribuir al crecimiento econ\u00f3mico y social de la regi\u00f3n.<\/p>\n<p>En su discurso, Llaryora elogi\u00f3 la continuidad en el tiempo que tiene ADEC, valor\u00f3 el trabajo entre lo p\u00fablico y privado que tiene la ciudad y reconoci\u00f3 que <em>\u201cesta iniciativa del ex intendente Rub\u00e9n Mart\u00ed fue una de las primeras agencias de desarrollo de Latinoam\u00e9rica, un espacio disruptivo, con una mirada a largo plazo, donde lo p\u00fablico y privado trabajan en conjunto, junto a las universidades y a los sectores del conocimiento\u201d.<\/em><\/p>\n<p>Por ello, le solicit\u00f3 a la ADEC avanzar en el proyecto del primer mercado de la Econom\u00eda Circular de C\u00f3rdoba, iniciativa que funcionar\u00e1 al lado el museo de la Industria, un proyecto ambicioso, que buscar\u00e1 potenciar el trabajo de emprendedores vinculados a la tem\u00e1tica del reciclado.<\/p>\n<p>Durante el acto se repasaron los principales hitos en los que trabaj\u00f3 la Agencia desde sus inicios, en 1997. Entre ellos la creaci\u00f3n del Fondo para la promoci\u00f3n de la econom\u00eda local y la Competitividad de los sectores productivos, el montaje de sistema de promoci\u00f3n para la Creaci\u00f3n y Fortalecimiento de microempresas en C\u00f3rdoba y el Foro Americano ADEL.<\/p>\n<p>A su vez, la participaci\u00f3n de los funcionarios municipales en la Planificaci\u00f3n Estrat\u00e9gica gener\u00f3 un intercambio para la elaboraci\u00f3n de planes y programas para que implemente la Municipalidad, como lo fue la Ventanilla \u00danica de habilitaci\u00f3n de negocios Online.<\/p>\n<p>La Bienal Internacional de Dise\u00f1o 2022 fue otro hito donde se concret\u00f3 el trabajo conjunto entre ADEC y el municipio, que posicion\u00f3 a C\u00f3rdoba como \u201cCiudad del dise\u00f1o\u201d dentro de las econom\u00edas creativas como busca implementar la actual gesti\u00f3n.<\/p>\n<p>Se destacaron m\u00e1s acciones que realiz\u00f3 a Agencia durante todo su trayecto recorrido, como el Programa de desarrollo de Cadenas Productivas, el Proyecto Buenas Pr\u00e1cticas en el Uso de los Recursos;y el Programa de Desarrollo Territorial del \u00e1rea metropolitana (REMECO); el Foro Internacional DEL; Proyecto Polo Log\u00edstico 2030, incluyendo el proyecto de Puerto Seco.<\/p>\n<p>Adem\u00e1s, se llevaron adelante importantes acciones en el marco de la pandemia como el espacio ADEC, los Protocolos y Recomendaciones para Producci\u00f3n y Consumo Responsable COVID-19, el Estudio Prospectivo sobre el impacto del COVID-19 en las PyMEs de C\u00f3rdoba y su colaboraci\u00f3n con el COE.<\/p>\n<p>En el acto estuvieron presentes autoridades de ADEC, quienes le hicieron entrega de una obra de arte al intendente Llaryora. Tambi\u00e9n participaron representantes del sector productivo de la ciudad y socios.<\/p>\n","protected":false},"excerpt":{"rendered":"<p>En el 25 aniversario de la instituci\u00f3n, como presidente de la Agencia para el Desarrollo Econ\u00f3mico de la Ciudad de C\u00f3rdoba (ADEC), el intendente municipal propuso actualizar el estatuto de la instituci\u00f3n e incorporar un concejal del oficialismo y de la oposici\u00f3n al Consejo de Administraci\u00f3n de la instituci\u00f3n. La Agencia promueve la articulaci\u00f3n del [&hellip;]<\/p>\n","protected":false},"author":1,"featured_media":90514,"comment_status":"closed","ping_status":"closed","sticky":false,"template":"","format":"standard","meta":[],"categories":[44],"tags":[],"_links":{"self":[{"href":"http:\/\/cordobadirecto.com\/index.php\/wp-json\/wp\/v2\/posts\/90513"}],"collection":[{"href":"http:\/\/cordobadirecto.com\/index.php\/wp-json\/wp\/v2\/posts"}],"about":[{"href":"http:\/\/cordobadirecto.com\/index.php\/wp-json\/wp\/v2\/types\/post"}],"author":[{"embeddable":true,"href":"http:\/\/cordobadirecto.com\/index.php\/wp-json\/wp\/v2\/users\/1"}],"replies":[{"embeddable":true,"href":"http:\/\/cordobadirecto.com\/index.php\/wp-json\/wp\/v2\/comments?post=90513"}],"version-history":[{"count":0,"href":"http:\/\/cordobadirecto.com\/index.php\/wp-json\/wp\/v2\/posts\/90513\/revisions"}],"wp:featuredmedia":[{"embeddable":true,"href":"http:\/\/cordobadirecto.com\/index.php\/wp-json\/wp\/v2\/media\/90514"}],"wp:attachment":[{"href":"http:\/\/cordobadirecto.com\/index.php\/wp-json\/wp\/v2\/media?parent=90513"}],"wp:term":[{"taxonomy":"category","embeddable":true,"href":"http:\/\/cordobadirecto.com\/index.php\/wp-json\/wp\/v2\/categories?post=90513"},{"taxonomy":"post_tag","embeddable":true,"href":"http:\/\/cordobadirecto.com\/index.php\/wp-json\/wp\/v2\/tags?post=90513"}],"curies":[{"name":"wp","href":"https:\/\/api.w.org\/{rel}","templated":true}]}}