{"id":90684,"date":"2022-12-07T18:59:12","date_gmt":"2022-12-07T18:59:12","guid":{"rendered":"https:\/\/www.cordoba.gob.ar\/?p=37098"},"modified":"2022-12-07T18:59:12","modified_gmt":"2022-12-07T18:59:12","slug":"el-jardin-municipal-ignacio-garzon-se-traslada-definitivamente-a-un-espacio-acorde-a-las-necesidades-pedagogicas","status":"publish","type":"post","link":"http:\/\/cordobadirecto.com\/index.php\/2022\/12\/07\/el-jardin-municipal-ignacio-garzon-se-traslada-definitivamente-a-un-espacio-acorde-a-las-necesidades-pedagogicas\/","title":{"rendered":"El jard\u00edn municipal Ignacio Garz\u00f3n se traslada definitivamente a un espacio acorde a las necesidades pedag\u00f3gicas"},"content":{"rendered":"<div><img src=\"http:\/\/cordobadirecto.com\/wp-content\/uploads\/2022\/12\/el-jardin-municipal-ignacio-garzon-se-traslada-definitivamente-a-un-espacio-acorde-a-las-necesidades-pedagogicas.jpg\" class=\"ff-og-image-inserted\"><\/div>\n<ul>\n<li><strong>Tras muchos a\u00f1os de peregrinar \u2013m\u00e1s de 100- por diversos edificios y ubicaciones de la ciudad, el jard\u00edn logra echar ra\u00edces en un espacio adecuado a la finalidad pedag\u00f3gica.&nbsp;<\/strong><\/li>\n<li><strong>El nuevo edificio cuenta con dos plurisalas, espacio para biblioteca, y \u00e1reas de gesti\u00f3n.<\/strong><\/li>\n<\/ul>\n<hr>\n<p><span>El 30 de noviembre de 2022 la nueva sede del Jard\u00edn Ignacio Garz\u00f3n fue inaugurada oficialmente, por medio de un acto al que asistieron el viceintendente Daniel Passerini acompa\u00f1ado por el Secretario de Educaci\u00f3n Horacio Ferreyra e integrantes del gabinete municipal del \u00e1rea.&nbsp;<\/span><\/p>\n<p><span>De esta manera cerr\u00f3 la etapa en la que la instituci\u00f3n funcion\u00f3 en un local alquilado frente al Polo de la Mujer, en el centro cordob\u00e9s, donde se erig\u00eda una casona que no contaba con todas las condiciones para el desarrollo de la propuesta pedag\u00f3gica para ni\u00f1as\/os de 45 d\u00edas a 4 a\u00f1os.<\/span><\/p>\n<p><span>Tras la reapertura este a\u00f1o de la escuela Dr. Antonio Sobral, se reorden\u00f3 el edificio de barrio Parque del Este definiendo, un espacio para el funcionamiento del Jard\u00edn municipal Ignacio Garz\u00f3n. El edificio se concibi\u00f3, con sentido educativo y pedag\u00f3gico, con espacio para biblioteca, \u00e1rea de gesti\u00f3n y el funcionamiento inicialmente de dos salas. Actualmente se est\u00e1 atendiendo a una poblaci\u00f3n de ni\u00f1os de 1 a 3 a\u00f1os en una plurisala, y ni\u00f1os de 4 a 5 a\u00f1os en otra plurisala.<\/span><\/p>\n<p><span>No es menor la relevancia que adquiere la articulaci\u00f3n con la escuela primaria, dado que los estudiantes de 5 a\u00f1os en el 2023 podr\u00e1n continuar sus estudios en 1er grado, dando continuidad a las trayectorias educativas.&nbsp;<\/span><\/p>\n<p><span>El Viceintendente Daniel Passerini, coment\u00f3: <\/span><i><span>\u201cCuando el Intendente Mart\u00edn Llaryora al inicio del ciclo lectivo 2022 dispuso la reapertura de la escuela Dr. Antonio Sobral, en simult\u00e1neo nos comprometimos con las infancias y la importancia de la educaci\u00f3n en los primeros a\u00f1os de vida; as\u00ed fue que se habilitaron salas para que las ni\u00f1as y ni\u00f1os de 1 a 5 a\u00f1os puedan tener el derecho a la educaci\u00f3n inicial. Hoy, con el traslado definitivo del Jard\u00edn Ignacio Garz\u00f3n, se establece una nueva unidad educativa en este espacio para proyectar m\u00e1s y mejor educaci\u00f3n para el barrio, de manera articulado con la escuela all\u00ed recuperada\u201d.<\/span><\/i><\/p>\n<p><span>Horacio Ferreyra, Secretario de Educaci\u00f3n, por su parte a\u00f1adi\u00f3: <\/span><i><span>\u201cDe esta manera estamos llegando a cada uno de los barrios donde hay necesidades educativas, a los fines de acercarles una educaci\u00f3n de calidad, porque tanto este jard\u00edn como la escuela primaria emprendieron este a\u00f1o el desaf\u00edo de ser protagonistas en el marco del Programa PIEnsA C\u00f3rdoba para ponerle alas a la educaci\u00f3n, junto a otras 56 instituciones educativas municipales. Haciendo realidad con hechos que otra educaci\u00f3n es posibles y como afirmamos desde la municipalidad C\u00f3rdoba cada d\u00eda esta mejor y la educaci\u00f3n no es la excepci\u00f3n\u201d.<\/span><\/i><span>&nbsp;<\/span><\/p>\n<p><span>La Directora del Jard\u00edn, Raquel Saracho, se mostr\u00f3 muy emocionada e hizo un recorrido hist\u00f3rico del jard\u00edn: <\/span><i><span>\u201cHace 110 a\u00f1os Don Ignacio Garz\u00f3n dona el predio del parque donde ahora est\u00e1 el museo, y hace esta obra para ayudar a las personas con problemas respiratorios ya que C\u00f3rdoba ten\u00eda un clima propicio. Aparece en este marco esta instituci\u00f3n educativa para los ni\u00f1os que ven\u00edan por la cuesti\u00f3n de la salud. A finales de la d\u00e9cada del 90 del siglo pasado, el establecimiento pasa a manos del municipio de nuestra ciudad. La casa original la tuvimos que dejar por problemas de cloacas.&nbsp; Entonces la perdimos y nos trasladamos a la calle Independencia. Luego nos desalojaron de all\u00ed y nos fuimos a la calle Entre R\u00edos 665, en el centro. Nos quedamos sin casa propia y desde hoy podemos volver a decir que tenemos una sede, una casa. Un sue\u00f1o que nuestro Int. Mart\u00ecn LLaryora hizo realidad, gracias, gracias\u201d.<\/span><\/i><span>&nbsp;<\/span><\/p>\n<p><span>Esta es una apuesta importante que supone la creaci\u00f3n de un polo educativo, que se reabre despu\u00e9s de tantos a\u00f1os de abandono, atendiendo a la comunidad de barrio Parque del Este, ex Sangre y Sol.&nbsp;<\/span><\/p>\n<p><span>Cabe aclarar, que durante el receso se van a reacondicionar las salas de \u00e1reas de gesti\u00f3n, como del rinc\u00f3n literario, para la readecuaci\u00f3n de los espacios propios del jard\u00edn y de esta manera seguir generando condiciones para el desarrollo educativo en las escuelas y jardines municipales en el marco del programa construir futuro.&nbsp;<\/span><\/p>\n","protected":false},"excerpt":{"rendered":"<p>Tras muchos a\u00f1os de peregrinar \u2013m\u00e1s de 100- por diversos edificios y ubicaciones de la ciudad, el jard\u00edn logra echar ra\u00edces en un espacio adecuado a la finalidad pedag\u00f3gica.&nbsp; El nuevo edificio cuenta con dos plurisalas, espacio para biblioteca, y \u00e1reas de gesti\u00f3n. El 30 de noviembre de 2022 la nueva sede del Jard\u00edn Ignacio [&hellip;]<\/p>\n","protected":false},"author":1,"featured_media":90685,"comment_status":"closed","ping_status":"closed","sticky":false,"template":"","format":"standard","meta":[],"categories":[44],"tags":[],"_links":{"self":[{"href":"http:\/\/cordobadirecto.com\/index.php\/wp-json\/wp\/v2\/posts\/90684"}],"collection":[{"href":"http:\/\/cordobadirecto.com\/index.php\/wp-json\/wp\/v2\/posts"}],"about":[{"href":"http:\/\/cordobadirecto.com\/index.php\/wp-json\/wp\/v2\/types\/post"}],"author":[{"embeddable":true,"href":"http:\/\/cordobadirecto.com\/index.php\/wp-json\/wp\/v2\/users\/1"}],"replies":[{"embeddable":true,"href":"http:\/\/cordobadirecto.com\/index.php\/wp-json\/wp\/v2\/comments?post=90684"}],"version-history":[{"count":0,"href":"http:\/\/cordobadirecto.com\/index.php\/wp-json\/wp\/v2\/posts\/90684\/revisions"}],"wp:featuredmedia":[{"embeddable":true,"href":"http:\/\/cordobadirecto.com\/index.php\/wp-json\/wp\/v2\/media\/90685"}],"wp:attachment":[{"href":"http:\/\/cordobadirecto.com\/index.php\/wp-json\/wp\/v2\/media?parent=90684"}],"wp:term":[{"taxonomy":"category","embeddable":true,"href":"http:\/\/cordobadirecto.com\/index.php\/wp-json\/wp\/v2\/categories?post=90684"},{"taxonomy":"post_tag","embeddable":true,"href":"http:\/\/cordobadirecto.com\/index.php\/wp-json\/wp\/v2\/tags?post=90684"}],"curies":[{"name":"wp","href":"https:\/\/api.w.org\/{rel}","templated":true}]}}