{"id":90717,"date":"2022-12-07T18:26:53","date_gmt":"2022-12-07T18:26:53","guid":{"rendered":"https:\/\/www.cordoba.gob.ar\/?p=37085"},"modified":"2022-12-07T18:26:53","modified_gmt":"2022-12-07T18:26:53","slug":"aliviador-cloacal-desde-hoy-los-vecinos-de-san-vicente-cuentan-con-un-mejor-servicio-de-red-sanitaria","status":"publish","type":"post","link":"http:\/\/cordobadirecto.com\/index.php\/2022\/12\/07\/aliviador-cloacal-desde-hoy-los-vecinos-de-san-vicente-cuentan-con-un-mejor-servicio-de-red-sanitaria\/","title":{"rendered":"Aliviador Cloacal: desde hoy los vecinos de San Vicente cuentan con un mejor servicio de red sanitaria"},"content":{"rendered":"<div><img src=\"http:\/\/cordobadirecto.com\/wp-content\/uploads\/2022\/12\/aliviador-cloacal-desde-hoy-los-vecinos-de-san-vicente-cuentan-con-un-mejor-servicio-de-red-sanitaria.jpg\" class=\"ff-og-image-inserted\"><\/div>\n<p>La Municipalidad de C\u00f3rdoba finaliz\u00f3 finaliz\u00f3 la ejecuci\u00f3n de un aliviador cloacal que mejora el servicio de redes sanitarias para los vecinos de la zona centro de barrio San Vicente.<\/p>\n<p>Se trata de una ca\u00f1er\u00eda cloacal de 360 metros de largo y 315 mil\u00edmetros de di\u00e1metro, que se conecta con otra traza existente en Ram\u00f3n Ocampo y Florentino Ameghino.<\/p>\n<p>Recientemente habilitada, la estructura alivia la matriz sanitaria de San Vicente y Los Ceibos, entre las v\u00edas del ferrocarril y el r\u00edo Suqu\u00eda.<\/p>\n<p>Las ca\u00f1er\u00edas se anexaron a un colector que fue desarrollado por el Gobierno de la Provincia.<\/p>\n<p>El sector beneficiado incluye a una de las principales arterias del barrio, la calle Sargento Cabral, como as\u00ed tambi\u00e9n las cercan\u00edas de la Plaza Urquiza y el CPC San Vicente.<\/p>\n","protected":false},"excerpt":{"rendered":"<p>La Municipalidad de C\u00f3rdoba finaliz\u00f3 finaliz\u00f3 la ejecuci\u00f3n de un aliviador cloacal que mejora el servicio de redes sanitarias para los vecinos de la zona centro de barrio San Vicente. Se trata de una ca\u00f1er\u00eda cloacal de 360 metros de largo y 315 mil\u00edmetros de di\u00e1metro, que se conecta con otra traza existente en Ram\u00f3n [&hellip;]<\/p>\n","protected":false},"author":1,"featured_media":90718,"comment_status":"closed","ping_status":"closed","sticky":false,"template":"","format":"standard","meta":[],"categories":[44],"tags":[],"_links":{"self":[{"href":"http:\/\/cordobadirecto.com\/index.php\/wp-json\/wp\/v2\/posts\/90717"}],"collection":[{"href":"http:\/\/cordobadirecto.com\/index.php\/wp-json\/wp\/v2\/posts"}],"about":[{"href":"http:\/\/cordobadirecto.com\/index.php\/wp-json\/wp\/v2\/types\/post"}],"author":[{"embeddable":true,"href":"http:\/\/cordobadirecto.com\/index.php\/wp-json\/wp\/v2\/users\/1"}],"replies":[{"embeddable":true,"href":"http:\/\/cordobadirecto.com\/index.php\/wp-json\/wp\/v2\/comments?post=90717"}],"version-history":[{"count":0,"href":"http:\/\/cordobadirecto.com\/index.php\/wp-json\/wp\/v2\/posts\/90717\/revisions"}],"wp:featuredmedia":[{"embeddable":true,"href":"http:\/\/cordobadirecto.com\/index.php\/wp-json\/wp\/v2\/media\/90718"}],"wp:attachment":[{"href":"http:\/\/cordobadirecto.com\/index.php\/wp-json\/wp\/v2\/media?parent=90717"}],"wp:term":[{"taxonomy":"category","embeddable":true,"href":"http:\/\/cordobadirecto.com\/index.php\/wp-json\/wp\/v2\/categories?post=90717"},{"taxonomy":"post_tag","embeddable":true,"href":"http:\/\/cordobadirecto.com\/index.php\/wp-json\/wp\/v2\/tags?post=90717"}],"curies":[{"name":"wp","href":"https:\/\/api.w.org\/{rel}","templated":true}]}}