{"id":9080,"date":"2021-06-28T10:07:02","date_gmt":"2021-06-28T10:07:02","guid":{"rendered":"https:\/\/puntoapunto.com.ar\/?p=280146"},"modified":"2021-06-28T10:07:02","modified_gmt":"2021-06-28T10:07:02","slug":"cordoba-en-off-los-datos-politicos-del-fin-de-semana-via-perfil-cordoba","status":"publish","type":"post","link":"http:\/\/cordobadirecto.com\/index.php\/2021\/06\/28\/cordoba-en-off-los-datos-politicos-del-fin-de-semana-via-perfil-cordoba\/","title":{"rendered":"C\u00f3rdoba en off: los datos pol\u00edticos del fin de semana (v\u00eda Perfil C\u00f3rdoba)"},"content":{"rendered":"<div><img src=\"http:\/\/cordobadirecto.com\/wp-content\/uploads\/2021\/06\/cordoba-en-off-los-datos-politicos-del-fin-de-semana-via-perfil-cordoba.jpg\" class=\"ff-og-image-inserted\"><\/div>\n<p><strong>El largo camino de algunos intendentes&nbsp;<\/strong><br \/>La escala del presidente Alberto Fern\u00e1ndez en C\u00f3rdoba junto a funcionarios nacionales el viernes dej\u00f3 mucha tela para cortar. En primer lugar, con lo ocurrido en la f\u00e1brica de aviones Fadea y la expectativa que se hab\u00eda generado en torno al<strong> saludo del primer mandatario nacional con el gobernador Juan Schiaretti<\/strong>.<\/p>\n<p>Y, en segundo lugar, por c\u00f3mo reaccionar\u00eda algunos que buscan<strong> tener afinidad con ambos: con El Panal y con Casa Rosada<\/strong>. Este fue el caso de varios intendentes que decidieron cruzar buena parte de la geograf\u00eda cordobesa para estar en la inauguraci\u00f3n de los dos tramos de la autopista de la ruta nacional 19, en lo que fue la segunda parte de la visita presidencial.<\/p>\n<p>Lo cierto es que, en la previa al comienzo del acto, los funcionarios provinciales que estaban sobre la ruta observaron c\u00f3mo llegaban no solo los intendentes beneficiados con la <a href=\"https:\/\/puntoapunto.com.ar\/tag\/obra\/\" class=\"st_tag internal_tag\" rel=\"tag\" title=\"Posts tagged with Obra\">obra<\/a>, sino tambi\u00e9n de otras localidades muy distantes al departamento San Justo.<\/p>\n<p>\u201c<strong>Fueron varios, parece que Mart\u00edn (Gill) movi\u00f3 la <a href=\"https:\/\/puntoapunto.com.ar\/tag\/agenda\/\" class=\"st_tag internal_tag\" rel=\"tag\" title=\"Posts tagged with agenda\">agenda<\/a> y los convoc\u00f3 con mucha anticipaci\u00f3n<\/strong>. Y hab\u00eda de todo, eh\u2026 intendentes del sur, del sudeste, del noroeste, legisladores y legisladoras de otros departamentos\u2026\u201d, coment\u00f3 con sorpresa un destacado funcionario provincial.<\/p>\n<h5><strong>Los faltazos, las sillas y las confusiones con Mirta\u2026&nbsp;<\/strong><\/h5>\n<p>En Fadea el acto tambi\u00e9n dej\u00f3 sus perlitas tras el paso del presidente Alberto Fern\u00e1ndez. Y por varios motivos. Por un lado, la <strong>preocupaci\u00f3n en la previa por las manifestaciones<\/strong> que, finalmente, no tuvieron el impacto ni la concentraci\u00f3n de personas que algunos hab\u00edan vaticinado. Es m\u00e1s, el diputado oficialista Eduardo Fern\u00e1ndez, que era uno de los apuntados por empleados despedidos de su empresa, se retir\u00f3 con total tranquilidad y sin inconvenientes.<\/p>\n<p>La otra cuesti\u00f3n de la previa fue el<strong> faltazo de dirigentes de la oposici\u00f3n<\/strong>, quienes hab\u00edan sido invitados por Casa Rosada y decidieron ausentarse; entre ellos, <a href=\"https:\/\/puntoapunto.com.ar\/tag\/luis-juez\/\" class=\"st_tag internal_tag\" rel=\"tag\" title=\"Posts tagged with Luis Juez\">Luis Juez<\/a> que, luego del exabrupto en La Naci\u00f3n+ hacia la investidura presidencial, decidi\u00f3 no asistir.<\/p>\n<p>Esto motiv\u00f3 que las sillas empezaran a levantarse en la previa, antes de la llegada de los funcionarios nacionales. Y por \u00faltimo, otra de las perlitas fue protagonizada por la due\u00f1a de casa, la titular de Fadea, Mirta Iriondo. El Presidente arranc\u00f3 dici\u00e9ndole \u201cIrma\u201d y en las redes, algunos funcionarios locales que fueron parte de la recorrida pifiaron su nombre a la hora de \u2018etiquetarla\u2019. Iriondo, por su parte, invisibiliz\u00f3 con sus publicaciones al gobernador Juan Schiaretti. Algo que tampoco cay\u00f3 bien\u2026<\/p>\n<h5><strong>Bajaron a Lousteau de Giardino&nbsp;<\/strong><\/h5>\n<p>Desde hace semanas viene caldeado el clima en el radicalismo cordob\u00e9s. Pas\u00f3 la interna, la definici\u00f3n del <a href=\"https:\/\/puntoapunto.com.ar\/tag\/congreso\/\" class=\"st_tag internal_tag\" rel=\"tag\" title=\"Posts tagged with Congreso\">Congreso<\/a> de la UCR, pero lo cierto es que <strong>no hay mucha armon\u00eda de cara a lo que viene<\/strong>. Al menos por ahora. Y con motivo del 130\u00b0 aniversario de la fundaci\u00f3n del partido, la cita obligada \u2014esta vez de manera virtual\u2014 era el tradicional encuentro de Villa Giardino.<\/p>\n<p>Lo cierto es que cada uno de los alfiles locales, entre los que se encuentran <strong>Mario Negri, Ram\u00f3n Mestre, Rodrigo de Loredo y Dante Rossi<\/strong>, entre otros, tra\u00eda bajo el brazo la propuesta de alg\u00fan for\u00e1neo que participe de la reuni\u00f3n v\u00eda Zoom. Y todo estaba encaminado hasta que, el viernes por la tarde,<strong> bajaron la presencia del senador nacional Mart\u00edn Lousteau desde la organizaci\u00f3n.<\/strong> Se sabe, el hombre fuerte del radicalismo porte\u00f1o tiene sus preferencias en C\u00f3rdoba por De Loredo y <a href=\"https:\/\/puntoapunto.com.ar\/tag\/marcos-ferrer\/\" class=\"st_tag internal_tag\" rel=\"tag\" title=\"Posts tagged with Marcos Ferrer\">Marcos Ferrer<\/a>, que son parte de Sumar. Bueno, la organizaci\u00f3n decidi\u00f3 que no sea de la partida, el cierre qued\u00f3 a cargo del mendocino Alfredo Cornejo, que adem\u00e1s, preside el partido a nivel nacional.<\/p>\n<h5><strong>La mesa de caf\u00e9&nbsp;<\/strong><\/h5>\n<p>S\u00e1bado por la ma\u00f1ana, caf\u00e9 y encuentro entre Gustavo Santos, Gregorio Hern\u00e1ndez Maqueda y Luis Juez. De acuerdo con lo que informaron, fue para \u201cdialogar con altura la unidad de espacio que hoy representa la porci\u00f3n mayoritaria del electorado cordob\u00e9s\u201d, sostuvo el hombre de la Coalici\u00f3n C\u00edvica.<\/p>\n<p>Esta es la versi\u00f3n oficial, la otra es que fue la foto para equilibrar el protagonismo del fin de semana radical. De a poco, empieza a barajarse la chance de que sea Juez quien encabece una de las boletas al Senado por JxC y Santos sea relegado al primer casillero de la <a href=\"https:\/\/puntoapunto.com.ar\/tag\/lista\/\" class=\"st_tag internal_tag\" rel=\"tag\" title=\"Posts tagged with lista\">lista<\/a> a Diputados. <strong>El lilito tambi\u00e9n suena y viene trabajando junto a Santos<\/strong>, con quien se fotografi\u00f3 un par de veces en la semana. Juez estuvo en Buenos Aires, comparti\u00f3 avi\u00f3n de hecho con Santos, la macrista Soher El Sukar\u00eda y el radical Orlando Arduh. El viaje fue motivo de alguna chanza el mi\u00e9rcoles en reuni\u00f3n de labor parlamentaria en la Unicameral y un <a href=\"https:\/\/puntoapunto.com.ar\/tag\/peronista\/\" class=\"st_tag internal_tag\" rel=\"tag\" title=\"Posts tagged with peronista\">peronista<\/a> con mucho peso y altura dentro del oficialismo lanz\u00f3 al arco opositor:<strong> \u201cmenos mal que las listas se definen en C\u00f3rdoba y no en Buenos Aires\u2026\u201d<\/strong>, lanz\u00f3.<\/p>\n<p>Otros peronistas dicen que, si hay ciertos acuerdos en la oposici\u00f3n, van a sacar varias cositas a la luz.<strong> \u201cAlgunos hace dos a\u00f1os estaban juntos y ahora van en contra. Otros, hace <a href=\"https:\/\/puntoapunto.com.ar\/tag\/60\/\" class=\"st_tag internal_tag\" rel=\"tag\" title=\"Posts tagged with 60\">60<\/a> d\u00edas se tiraron con todo, \u00bfy ahora se van a juntar?<\/strong>\u201d, lanz\u00f3 un schiarettista.<\/p>\n<h5><strong>La semana en la Unicameral&nbsp;<\/strong><\/h5>\n<p>Siempre un a\u00f1o electoral tiene condimentos que se trasladan a la intensidad de los debates en la Unicameral. Al menos, en la previa a la campa\u00f1a, luego, cuando la agenda proselitista ya est\u00e1 en marcha, se baja un poco la guardia en el recinto porque llega el turno de las recorridas y los faltazos.<\/p>\n<p>El mi\u00e9rcoles hubo cordialidad y <strong>salieron leyes que en otros momentos hubieran tenido m\u00e1s discusi\u00f3n.<\/strong> Al menos es lo que hab\u00edan dicho algunos en la previa. Una de ellas tuvo que ver con la <strong>Cuenta de Inversi\u00f3n del ejercicio financiero 2020<\/strong> que ingres\u00f3 hace algunas semanas desde el Tribunal de Cuentas y que ya anticipaban funcionarios de los despachos de calle 27 de abril que no resist\u00eda cr\u00edtica alguna.<\/p>\n<p>En el recinto, quien abri\u00f3 el debate fue el legislador oficialista Leonardo Limia y el proyecto se aprob\u00f3. En tanto, la otra discusi\u00f3n lleg\u00f3 a trav\u00e9s de un pedido del radicalismo y se termin\u00f3 aprobando por unanimidad y ped\u00eda a los senadores nacionales incluir dentro del proyecto de<strong> zonas fr\u00edas<\/strong> que se discuti\u00f3 en el Congreso el jueves a los departamentos <strong>Col\u00f3n, Pocho, Minas, San Alberto y Punilla<\/strong>. Humo <a href=\"https:\/\/puntoapunto.com.ar\/tag\/blanco\/\" class=\"st_tag internal_tag\" rel=\"tag\" title=\"Posts tagged with Blanco\">blanco<\/a>, por ahora en la Legislatura.<\/p>\n<p>No tags for this post. <\/p>\n","protected":false},"excerpt":{"rendered":"<p>El largo camino de algunos intendentes&nbsp;La escala del presidente Alberto Fern\u00e1ndez en C\u00f3rdoba junto a funcionarios nacionales el viernes dej\u00f3 mucha tela para cortar. En primer lugar, con lo ocurrido en la f\u00e1brica de aviones Fadea y la expectativa que se hab\u00eda generado en torno al saludo del primer mandatario nacional con el gobernador Juan [&hellip;]<\/p>\n","protected":false},"author":1,"featured_media":9081,"comment_status":"closed","ping_status":"closed","sticky":false,"template":"","format":"standard","meta":[],"categories":[25],"tags":[],"_links":{"self":[{"href":"http:\/\/cordobadirecto.com\/index.php\/wp-json\/wp\/v2\/posts\/9080"}],"collection":[{"href":"http:\/\/cordobadirecto.com\/index.php\/wp-json\/wp\/v2\/posts"}],"about":[{"href":"http:\/\/cordobadirecto.com\/index.php\/wp-json\/wp\/v2\/types\/post"}],"author":[{"embeddable":true,"href":"http:\/\/cordobadirecto.com\/index.php\/wp-json\/wp\/v2\/users\/1"}],"replies":[{"embeddable":true,"href":"http:\/\/cordobadirecto.com\/index.php\/wp-json\/wp\/v2\/comments?post=9080"}],"version-history":[{"count":0,"href":"http:\/\/cordobadirecto.com\/index.php\/wp-json\/wp\/v2\/posts\/9080\/revisions"}],"wp:featuredmedia":[{"embeddable":true,"href":"http:\/\/cordobadirecto.com\/index.php\/wp-json\/wp\/v2\/media\/9081"}],"wp:attachment":[{"href":"http:\/\/cordobadirecto.com\/index.php\/wp-json\/wp\/v2\/media?parent=9080"}],"wp:term":[{"taxonomy":"category","embeddable":true,"href":"http:\/\/cordobadirecto.com\/index.php\/wp-json\/wp\/v2\/categories?post=9080"},{"taxonomy":"post_tag","embeddable":true,"href":"http:\/\/cordobadirecto.com\/index.php\/wp-json\/wp\/v2\/tags?post=9080"}],"curies":[{"name":"wp","href":"https:\/\/api.w.org\/{rel}","templated":true}]}}