{"id":91679,"date":"2022-12-16T11:31:41","date_gmt":"2022-12-16T11:31:41","guid":{"rendered":"http:\/\/cordobadirecto.com\/index.php\/2022\/12\/16\/scaloni-empieza-a-perfilar-el-equipo-en-la-practica-cerrada-del-seleccionado-argentino\/"},"modified":"2022-12-16T11:31:41","modified_gmt":"2022-12-16T11:31:41","slug":"scaloni-empieza-a-perfilar-el-equipo-en-la-practica-cerrada-del-seleccionado-argentino","status":"publish","type":"post","link":"http:\/\/cordobadirecto.com\/index.php\/2022\/12\/16\/scaloni-empieza-a-perfilar-el-equipo-en-la-practica-cerrada-del-seleccionado-argentino\/","title":{"rendered":"Scaloni empieza a perfilar el equipo en la pr\u00e1ctica cerrada del seleccionado argentino"},"content":{"rendered":"<figure class=\"mb-3\"><img loading=\"lazy\" src=\"http:\/\/cordobadirecto.com\/wp-content\/uploads\/2022\/12\/scaloni-empieza-a-perfilar-el-equipo-en-la-practica-cerrada-del-seleccionado-argentino.jpg\" width=\"100%\" height=\"100%\" alt=\"ngel Di Mara se entren con normalidad con el grupo de los que no jugaron ante Croacia Foto Maximiliano Luna\"><figcaption> \u00c1ngel Di Mar\u00eda se entren\u00f3 con normalidad con el grupo de los que no jugaron ante Croacia. Foto Maximiliano Luna. <\/figcaption><\/figure>\n<p>El director t\u00e9cnico del seleccionado argentino, Lionel Scaloni, empieza a perfilar el equipo que jugar\u00e1 la final del Mundial de Qatar 2022 contra Francia el pr\u00f3ximo domingo en la pr\u00e1ctica a puertas cerradas.<\/p>\n<p>El plantel se entrenar\u00e1 desde las 12 (18 de Qatar) en la Universidad de Qatar y el cuerpo t\u00e9cnico iniciar\u00e1 las pruebas para definir la formaci\u00f3n que saldr\u00e1 a jugar la final del Mundo el domingo en el estadio Lusail.<\/p>\n<p>Los futbolistas volver\u00e1n a entrenarse todos juntos luego de dos d\u00edas en los que Scaloni prioriz\u00f3 el descanso y la recuperaci\u00f3n f\u00edsica.<\/p>\n<p>Luego de la victoria ante Croacia (3-0) en semifinales se otorg\u00f3 d\u00eda libre para todos, mientras que en el entrenamiento del jueves los titulares se ejercitaron en el gimnasio y el resto tuvo m\u00e1s exigencia en una de las canchas del predio.<\/p>\n<figure class=\"mb-3\"><img loading=\"lazy\" src=\"http:\/\/cordobadirecto.com\/wp-content\/uploads\/2022\/12\/scaloni-empieza-a-perfilar-el-equipo-en-la-practica-cerrada-del-seleccionado-argentino-1.jpg\" width=\"100%\" height=\"100%\" alt=\"Foto Maximiliano Luna\"><figcaption> Foto Maximiliano Luna. <\/figcaption><\/figure>\n<p>Los \u00fanicos que se entrenaron de manera diferenciada fueron Alejandro G\u00f3mez y Lautaro Mart\u00ednez.<\/p>\n<p>El &#8220;Papu&#8221; sigue con la rehabilitaci\u00f3n por el esguince de tobillo que sufri\u00f3 frente Australia en octavos de final, mientras que lo del delantero solo fue preventivo.<\/p>\n<p>\u00c1ngel Di Mar\u00eda se entren\u00f3 con normalidad con el grupo de los que no jugaron o tuvieron pocos minutos ante Croacia y est\u00e1 a disposici\u00f3n de Scaloni para la final.<\/p>\n<p>El rosarino est\u00e1 ilusionado con la posibilidad de tomarse revancha y estar el partido que no pudo jugar por lesi\u00f3n en el Mundial de Brasil 2014 pero su presencia en el equipo depender\u00e1 del esquema t\u00e1ctico que elija Scaloni.<\/p>\n<p>Si mantiene el dibujo 4-4-2 que utiliz\u00f3 contra Croacia las dudas pasan por los laterales ya que Marcos Acu\u00f1a y Gonzalo Montiel cumplieron la fecha de suspensi\u00f3n y ambos tienen posibilidades de jugar.<\/p>\n<p>Con Di Mar\u00eda desde el inicio, el equipo volver\u00eda al 4-3-3 que us\u00f3 por \u00faltima vez ante Australia con &#8220;Papu&#8221; G\u00f3mez en el rol de &#8220;Fideo&#8221;.<\/p>\n<p>En tanto, si la opci\u00f3n es jugar con l\u00ednea de cinco para cubrir a los extremos de Francia (Kylian Mbapp\u00e9 y Ousmane Dembel\u00e9) ingresar\u00eda Lisandro Mart\u00ednez.<\/p>\n<figure class=\"mb-3\"><img loading=\"lazy\" src=\"http:\/\/cordobadirecto.com\/wp-content\/uploads\/2022\/12\/scaloni-empieza-a-perfilar-el-equipo-en-la-practica-cerrada-del-seleccionado-argentino-2.jpg\" width=\"100%\" height=\"100%\" alt=\"Foto Maximiliano Luna\"><figcaption> Foto Maximiliano Luna. <\/figcaption><\/figure>\n<p>Scaloni tendr\u00e1 solo dos pr\u00e1cticas para probar en cancha al equipo ya que ma\u00f1ana ser\u00e1 la \u00faltima del Mundial de Qatar 2022 con los primeros quince minutos abiertos a la prensa.<\/p>\n<p>Antes, el entrenador y un jugador (se especula que ser\u00eda nuevamente el capit\u00e1n Lionel Messi como en la previa del debut) hablar\u00e1n en conferencia de prensa en el Centro de Medios de Doha.<\/p>\n<p>La final de la Copa del Mundo se jugar\u00e1 el domingo a las 12 en el estadio Lusail con el arbitraje del polaco Szymon Marciniak.<\/p>\n<div class=\"card col-md-10 offset-md-1 mb-4\">\n<h3 class=\"pt-2\">Relacionadas<\/h3>\n<\/p><\/div>\n","protected":false},"excerpt":{"rendered":"<p>\u00c1ngel Di Mar\u00eda se entren\u00f3 con normalidad con el grupo de los que no jugaron ante Croacia. Foto Maximiliano Luna. El director t\u00e9cnico del seleccionado argentino, Lionel Scaloni, empieza a perfilar el equipo que jugar\u00e1 la final del Mundial de Qatar 2022 contra Francia el pr\u00f3ximo domingo en la pr\u00e1ctica a puertas cerradas. El plantel [&hellip;]<\/p>\n","protected":false},"author":1,"featured_media":91680,"comment_status":"closed","ping_status":"closed","sticky":false,"template":"","format":"standard","meta":[],"categories":[21],"tags":[],"_links":{"self":[{"href":"http:\/\/cordobadirecto.com\/index.php\/wp-json\/wp\/v2\/posts\/91679"}],"collection":[{"href":"http:\/\/cordobadirecto.com\/index.php\/wp-json\/wp\/v2\/posts"}],"about":[{"href":"http:\/\/cordobadirecto.com\/index.php\/wp-json\/wp\/v2\/types\/post"}],"author":[{"embeddable":true,"href":"http:\/\/cordobadirecto.com\/index.php\/wp-json\/wp\/v2\/users\/1"}],"replies":[{"embeddable":true,"href":"http:\/\/cordobadirecto.com\/index.php\/wp-json\/wp\/v2\/comments?post=91679"}],"version-history":[{"count":0,"href":"http:\/\/cordobadirecto.com\/index.php\/wp-json\/wp\/v2\/posts\/91679\/revisions"}],"wp:featuredmedia":[{"embeddable":true,"href":"http:\/\/cordobadirecto.com\/index.php\/wp-json\/wp\/v2\/media\/91680"}],"wp:attachment":[{"href":"http:\/\/cordobadirecto.com\/index.php\/wp-json\/wp\/v2\/media?parent=91679"}],"wp:term":[{"taxonomy":"category","embeddable":true,"href":"http:\/\/cordobadirecto.com\/index.php\/wp-json\/wp\/v2\/categories?post=91679"},{"taxonomy":"post_tag","embeddable":true,"href":"http:\/\/cordobadirecto.com\/index.php\/wp-json\/wp\/v2\/tags?post=91679"}],"curies":[{"name":"wp","href":"https:\/\/api.w.org\/{rel}","templated":true}]}}