{"id":91730,"date":"2022-12-16T16:06:43","date_gmt":"2022-12-16T16:06:43","guid":{"rendered":"https:\/\/es.digitaltrends.com\/?p=971966"},"modified":"2022-12-16T16:06:43","modified_gmt":"2022-12-16T16:06:43","slug":"elon-musk-comenzo-a-cortar-cabezas-de-periodistas-en-twitter-por-criticarlo","status":"publish","type":"post","link":"http:\/\/cordobadirecto.com\/index.php\/2022\/12\/16\/elon-musk-comenzo-a-cortar-cabezas-de-periodistas-en-twitter-por-criticarlo\/","title":{"rendered":"Elon Musk comenz\u00f3 a cortar cabezas de periodistas en Twitter por criticarlo"},"content":{"rendered":"<p>Comenz\u00f3 la verdadera batalla en Twitter, porque el Sauron de la red social, <a href=\"https:\/\/es.digitaltrends.com\/tendencias\/estatua-esfinge-elon-musk\/\"><strong>Elon Musk<\/strong><\/a>, inform\u00f3 la eliminaci\u00f3n de varias cuentas de periodistas cr\u00edticos a su gesti\u00f3n, acus\u00e1ndolos de compartir informaci\u00f3n de su paradero en tiempo real, a prop\u00f3sito de la cuenta <a href=\"https:\/\/es.digitaltrends.com\/sociales\/elon-musk-suspende-cuenta-twitter-que-seguia-sus-jets\/\"><strong>@elonJet<\/strong><\/a>&nbsp;que tambi\u00e9n fue borrada de la plataforma.<\/p>\n<p>Las cuentas de periodistas de tecnolog\u00eda en&nbsp;<a href=\"https:\/\/www.cnn.com\/2022\/12\/14\/tech\/elonjet-twitter-suspended\/index.html\" data-link-name=\"in body link\">CNN,<\/a>&nbsp;The&nbsp;<a href=\"https:\/\/www.washingtonpost.com\/technology\/2022\/12\/14\/elonjet-twitter-suspension-jack-sweeney-talks\/\" data-link-name=\"in body link\">Washington Post<\/a>,&nbsp;<a href=\"https:\/\/mashable.com\/author\/matt-binder\" data-link-name=\"in body link\">Mashable<\/a>&nbsp;y The&nbsp;<a href=\"https:\/\/www.nytimes.com\/2022\/12\/14\/technology\/twitter-private-jet-accounts-suspended.html\" data-link-name=\"in body link\">New York Times<\/a>&nbsp;fueron suspendidas en r\u00e1pida sucesi\u00f3n el jueves por la noche. Todos hab\u00edan publicado recientemente art\u00edculos sobre la suspensi\u00f3n de Musk de una cuenta de Twitter que hab\u00eda compartido datos disponibles p\u00fablicamente sobre los movimientos de su jet privado. Cada uno de estos art\u00edculos hab\u00eda resaltado la tensi\u00f3n entre el compromiso declarado de Musk con la \u00ablibertad de expresi\u00f3n\u00bb y su elecci\u00f3n de prohibir una cuenta que personalmente no le gustaba.<\/p>\n<figure class=\"alignnone\"><img src=\"http:\/\/cordobadirecto.com\/wp-content\/uploads\/2022\/12\/elon-musk-comenzo-a-cortar-cabezas-de-periodistas-en-twitter-por-criticarlo.gif\" data-dt-lazy-src=\"https:\/\/es.digitaltrends.com\/wp-content\/uploads\/2022\/12\/Elon-Musk-periodistas.jpg?fit=720%2C360&amp;p=1\" onerror=\"dti_load_error(this)\" class=\" size-large wp-image-971979 dt-lazy-load dt-lazy-pending\" alt><\/figure>\n<p class=\"Component-root-0-2-190 p Component-p-0-2-180\">\u00abLas mismas reglas de doxxing se aplican a los \u2018periodistas\u2019 que a todos los dem\u00e1s\u00bb, tuite\u00f3 Musk el jueves. M\u00e1s tarde agreg\u00f3: \u00abCriticarme todo el d\u00eda est\u00e1 totalmente bien, pero doxxing mi ubicaci\u00f3n en tiempo real y poner en peligro a mi familia no lo es\u00bb.<\/p>\n<p class=\"Component-root-0-2-190 p Component-p-0-2-180\">\u00abDoxxing\u00bb se refiere a revelar en l\u00ednea la identidad, direcci\u00f3n u otros datos personales de alguien.<\/p>\n<p class=\"Component-root-0-2-190 p Component-p-0-2-180\">La editora ejecutiva del Washington Post, Sally Buzbee, pidi\u00f3 que la cuenta de Twitter del reportero de tecnolog\u00eda Drew Harwell sea restablecida de inmediato. La suspensi\u00f3n \u00absocava directamente la afirmaci\u00f3n de Elon Musk de que tiene la intenci\u00f3n de ejecutar Twitter como una plataforma dedicada a la libertad de expresi\u00f3n\u00bb, escribi\u00f3 Buzbee. \u00abHarwell fue desterrado sin previo aviso, proceso o explicaci\u00f3n, tras la publicaci\u00f3n de sus informes precisos sobre Musk\u00bb.<\/p>\n<p class=\"Component-root-0-2-190 p Component-p-0-2-180\">CNN dijo en un comunicado que \u00abla suspensi\u00f3n impulsiva e injustificada de varios reporteros, incluido Donie O\u2019Sullivan de CNN, es preocupante pero no sorprendente\u00bb.<\/p>\n<h2>Cuenta de Mastodon tambi\u00e9n fue eliminada<\/h2>\n<p>Tambi\u00e9n parece que Twitter&nbsp;no permite que las personas publiquen enlaces&nbsp;a algunas instancias de la red social descentralizada Mastodon. Espec\u00edficamente, nuestras pruebas mostraron un error que dec\u00eda \u00abno podemos completar esta solicitud porque Twitter o nuestros socios han identificado este enlace como potencialmente da\u00f1ino\u00bb al intentar twittear enlaces a Mastodon.social, Mastodon.lol, Mastodon.xyz, Mastodon.au, Mastodon.ie, Mastodon.scot, Mastodonapp.uk, Mastodon.world y otros. Hoy temprano, la cuenta de&nbsp;Twitter de Mastodon fue suspendida&nbsp;despu\u00e9s de que tuite\u00f3 un enlace a la cuenta de ElonJet Mastodon.<\/p>\n<p>En <a href=\"https:\/\/es.digitaltrends.com\/sociales\/mastodon-como-usar-crear-cuenta-unirse-a-servidores\/\"><strong>Mastodon<\/strong><\/a>, una alternativa federada de c\u00f3digo abierto a Twitter, un solo individuo no puede establecer las reglas para toda la plataforma. Los servidores de Mastodon, instancias separadas pero abiertas de la red social, son administrados por individuos que pueden establecer reglas, pero los usuarios tambi\u00e9n pueden trasladarse a un servidor diferente si no est\u00e1n de acuerdo con esas opciones.<\/p>\n<h2>Uni\u00f3n Europea reacciona<\/h2>\n<p>V\u011bra Jourov\u00e1, vicepresidenta de valores y transparencia de la UE, acudi\u00f3 a Twitter esta ma\u00f1ana para&nbsp;<a href=\"https:\/\/twitter.com\/VeraJourova\/status\/1603689440710369281\" target=\"_blank\" rel=\"noopener\">tuitear<\/a>&nbsp;la preocupaci\u00f3n del bloque por las acciones de Musk, y para emitir una advertencia puntual de \u00abl\u00edneas rojas\u00bb y \u00absanciones\u00bb incorporadas en las reglas de la UE recientemente actualizadas para servicios digitales que, seg\u00fan se\u00f1al\u00f3, requieren respeto por la libertad de los medios y los derechos fundamentales.<\/p>\n<p>\u00abLas noticias sobre la suspensi\u00f3n arbitraria de periodistas en Twitter son preocupantes. La Ley de Servicios Digitales de la UE [DSA] exige el respeto de la libertad de los medios de comunicaci\u00f3n y los derechos fundamentales. Esto se ve reforzado bajo nuestra #MediaFreedomAct. @elonmusk debe ser consciente de eso. Hay l\u00edneas rojas. Y sanciones, pronto\u00bb, escribi\u00f3 el comisionado de la UE.<\/p>\n<h4 class=\"b-editors-recs-title h-editors-recs-title\"> Recomendaciones del editor<\/h4>\n<p> <span id=\"publisher-md\" itemprop=\"publisher\" itemscope itemtype=\"https:\/\/schema.org\/Organization\"> <span itemprop=\"url\" itemtype=\"https:\/\/schema.org\/Url\" content=\"https:\/\/es.digitaltrends.com\"> <span itemprop=\"logo\" itemscope itemtype=\"https:\/\/schema.org\/ImageObject\"> <meta itemprop=\"url\" content=\"https:\/\/cdn.dtcn.com\/dt\/dt-logo-small.png\"> <meta itemprop=\"width\" content=\"0\"> <meta itemprop=\"height\" content=\"0\"> <\/span> <meta itemprop=\"name\" content=\"Digital Trends Espa\u00f1ol\"> <\/span> <span itemprop=\"image\" itemscope itemtype=\"https:\/\/schema.org\/ImageObject\"> <meta itemprop=\"url\" content=\"https:\/\/es.digitaltrends.com\/wp-content\/uploads\/2022\/12\/Elon-Musk-periodistas.jpg?p=1\"> <\/span> <\/span> <\/p>\n","protected":false},"excerpt":{"rendered":"<p>Comenz\u00f3 la verdadera batalla en Twitter, porque el Sauron de la red social, Elon Musk, inform\u00f3 la eliminaci\u00f3n de varias cuentas de periodistas cr\u00edticos a su gesti\u00f3n, acus\u00e1ndolos de compartir informaci\u00f3n de su paradero en tiempo real, a prop\u00f3sito de la cuenta @elonJet&nbsp;que tambi\u00e9n fue borrada de la plataforma. Las cuentas de periodistas de tecnolog\u00eda [&hellip;]<\/p>\n","protected":false},"author":1,"featured_media":91731,"comment_status":"closed","ping_status":"closed","sticky":false,"template":"","format":"standard","meta":[],"categories":[26],"tags":[],"_links":{"self":[{"href":"http:\/\/cordobadirecto.com\/index.php\/wp-json\/wp\/v2\/posts\/91730"}],"collection":[{"href":"http:\/\/cordobadirecto.com\/index.php\/wp-json\/wp\/v2\/posts"}],"about":[{"href":"http:\/\/cordobadirecto.com\/index.php\/wp-json\/wp\/v2\/types\/post"}],"author":[{"embeddable":true,"href":"http:\/\/cordobadirecto.com\/index.php\/wp-json\/wp\/v2\/users\/1"}],"replies":[{"embeddable":true,"href":"http:\/\/cordobadirecto.com\/index.php\/wp-json\/wp\/v2\/comments?post=91730"}],"version-history":[{"count":0,"href":"http:\/\/cordobadirecto.com\/index.php\/wp-json\/wp\/v2\/posts\/91730\/revisions"}],"wp:featuredmedia":[{"embeddable":true,"href":"http:\/\/cordobadirecto.com\/index.php\/wp-json\/wp\/v2\/media\/91731"}],"wp:attachment":[{"href":"http:\/\/cordobadirecto.com\/index.php\/wp-json\/wp\/v2\/media?parent=91730"}],"wp:term":[{"taxonomy":"category","embeddable":true,"href":"http:\/\/cordobadirecto.com\/index.php\/wp-json\/wp\/v2\/categories?post=91730"},{"taxonomy":"post_tag","embeddable":true,"href":"http:\/\/cordobadirecto.com\/index.php\/wp-json\/wp\/v2\/tags?post=91730"}],"curies":[{"name":"wp","href":"https:\/\/api.w.org\/{rel}","templated":true}]}}