{"id":9230,"date":"2021-06-29T22:21:02","date_gmt":"2021-06-29T22:21:02","guid":{"rendered":"https:\/\/cordoba.gob.ar\/?p=10634"},"modified":"2021-06-29T22:21:02","modified_gmt":"2021-06-29T22:21:02","slug":"programa-enred-se-dictara-el-tercer-ciclo-de-capacitaciones-en-herramientas-digitales","status":"publish","type":"post","link":"http:\/\/cordobadirecto.com\/index.php\/2021\/06\/29\/programa-enred-se-dictara-el-tercer-ciclo-de-capacitaciones-en-herramientas-digitales\/","title":{"rendered":"Programa EnRED: se dictar\u00e1 el tercer ciclo de capacitaciones en herramientas digitales"},"content":{"rendered":"<div><img src=\"http:\/\/cordobadirecto.com\/wp-content\/uploads\/2021\/06\/programa-enred-se-dictara-el-tercer-ciclo-de-capacitaciones-en-herramientas-digitales.jpg\" class=\"ff-og-image-inserted\"><\/div>\n<ul>\n<li><strong>Orientado al sector cultural y p\u00fablico interesado, el acceso es gratuito y cuenta con certificaci\u00f3n oficial.<\/strong><\/li>\n<li><strong>La inscripci\u00f3n se realiza a trav\u00e9s del siguiente <a href=\"https:\/\/www.eventbrite.com.ar\/e\/enred-modulo-intermedio-tickets-161503442143\">formulario online.<\/a><\/strong><\/li>\n<\/ul>\n<hr>\n<p>En el marco del programa EnRed, se abren las inscripciones para formar parte del tercer ciclo de capacitaciones en herramientas digitales, una nueva propuesta de formaci\u00f3n para el desarrollo de proyectos o emprendimientos creativos. De car\u00e1cter gratuito, bajo modalidad virtual y con entrega de certificaci\u00f3n oficial, el actual m\u00f3dulo posee cupo limitado y est\u00e1 destinado a personas con conocimientos intermedios en la materia.<\/p>\n<p>A partir de julio, el cursado ser\u00e1 desde el mi\u00e9rcoles 7 hasta el 4 de agosto, a las 18:30 horas, a trav\u00e9s de la plataforma Zoom. El mismo, tiene por objetivo profundizar recursos adquiridos en m\u00f3dulos anteriores, para poder implementarlos en las redes personales y profesionales, como tambi\u00e9n en la organizaci\u00f3n de emprendimientos.<\/p>\n<p>Se trata de un nuevo ciclo organizado por la Subsecretar\u00eda de Cultura de la Municipalidad de C\u00f3rdoba, y realizado una vez m\u00e1s, en colaboraci\u00f3n con la Facultad Regional C\u00f3rdoba de la Universidad Tecnol\u00f3gica Nacional (UTN), y el Laboratorio de Innovaci\u00f3n de la Municipalidad de C\u00f3rdoba (CORLAB), quienes en abril pasado firmaron un convenio espec\u00edfico de cooperaci\u00f3n para su realizaci\u00f3n.<\/p>\n<p>A continuaci\u00f3n, se detalla el cronograma de las capacitaciones y sus respectivos contenidos:<\/p>\n<p>Julio<br \/>\u2013 Mi\u00e9rcoles 7:<br \/>Medios de pago digitales (Avanzado). MercadoPago. Modo. Costos y comisiones<br \/>\u2013 Mi\u00e9rcoles 14:<br \/>An\u00e1lisis de gastos y ganancias del emprendimiento. Entendiendo la estructura de costos y los flujos de ingresos de tu proyecto. Gastos fijos vs variables. Herramientas para proyectarlos. Creaci\u00f3n de un flujo de fondos.<br \/>\u2013 Mi\u00e9rcoles 21:<br \/>Presencia Digital. Presencia en internet. Dominio. Cuenta de email. Perfil en redes. Buscadores. Google My Business.<br \/>\u2013 Mi\u00e9rcoles 28:<br \/>Plataformas de E-commerce (Avanzado). Costos asociados. MercadoLibre vs MercadoShops<\/p>\n<p>Agosto<br \/>\u2013 Mi\u00e9rcoles 4:<br \/>Entrega de la Certificaci\u00f3n Oficial.<\/p>\n<p>Sobre el Programa EnRED<\/p>\n<p>El ciclo propone capitalizar la experiencia de sus primeras ediciones desarrolladas desde septiembre del 2020. En este sentido, parte de reconocer las singularidades del campo cultural junto a los modos de trabajar y relacionarse que nos hereda la situaci\u00f3n sanitaria mundial. Asimismo, la necesidad de herramientas digitales surgi\u00f3 desde la propia comunidad cultural, a trav\u00e9s de la encuesta general realizada el a\u00f1o pasado por la Subsecretar\u00eda de Cultura.<\/p>\n","protected":false},"excerpt":{"rendered":"<p>Orientado al sector cultural y p\u00fablico interesado, el acceso es gratuito y cuenta con certificaci\u00f3n oficial. La inscripci\u00f3n se realiza a trav\u00e9s del siguiente formulario online. En el marco del programa EnRed, se abren las inscripciones para formar parte del tercer ciclo de capacitaciones en herramientas digitales, una nueva propuesta de formaci\u00f3n para el desarrollo [&hellip;]<\/p>\n","protected":false},"author":1,"featured_media":9231,"comment_status":"closed","ping_status":"closed","sticky":false,"template":"","format":"standard","meta":[],"categories":[44],"tags":[],"_links":{"self":[{"href":"http:\/\/cordobadirecto.com\/index.php\/wp-json\/wp\/v2\/posts\/9230"}],"collection":[{"href":"http:\/\/cordobadirecto.com\/index.php\/wp-json\/wp\/v2\/posts"}],"about":[{"href":"http:\/\/cordobadirecto.com\/index.php\/wp-json\/wp\/v2\/types\/post"}],"author":[{"embeddable":true,"href":"http:\/\/cordobadirecto.com\/index.php\/wp-json\/wp\/v2\/users\/1"}],"replies":[{"embeddable":true,"href":"http:\/\/cordobadirecto.com\/index.php\/wp-json\/wp\/v2\/comments?post=9230"}],"version-history":[{"count":0,"href":"http:\/\/cordobadirecto.com\/index.php\/wp-json\/wp\/v2\/posts\/9230\/revisions"}],"wp:featuredmedia":[{"embeddable":true,"href":"http:\/\/cordobadirecto.com\/index.php\/wp-json\/wp\/v2\/media\/9231"}],"wp:attachment":[{"href":"http:\/\/cordobadirecto.com\/index.php\/wp-json\/wp\/v2\/media?parent=9230"}],"wp:term":[{"taxonomy":"category","embeddable":true,"href":"http:\/\/cordobadirecto.com\/index.php\/wp-json\/wp\/v2\/categories?post=9230"},{"taxonomy":"post_tag","embeddable":true,"href":"http:\/\/cordobadirecto.com\/index.php\/wp-json\/wp\/v2\/tags?post=9230"}],"curies":[{"name":"wp","href":"https:\/\/api.w.org\/{rel}","templated":true}]}}