{"id":9237,"date":"2021-06-30T03:00:00","date_gmt":"2021-06-30T03:00:00","guid":{"rendered":"http:\/\/cordobadirecto.com\/index.php\/2021\/06\/30\/inflacion-esa-gran-fabrica-de-pobreza\/"},"modified":"2021-06-30T03:00:00","modified_gmt":"2021-06-30T03:00:00","slug":"inflacion-esa-gran-fabrica-de-pobreza","status":"publish","type":"post","link":"http:\/\/cordobadirecto.com\/index.php\/2021\/06\/30\/inflacion-esa-gran-fabrica-de-pobreza\/","title":{"rendered":"Inflaci\u00f3n, esa gran f\u00e1brica de pobreza"},"content":{"rendered":"<p>Por caso, en abril el ministerio de <b>Econom\u00eda<\/b> de la Naci\u00f3n precis\u00f3 que el rubro \u201calimentos y bebidas\u201d registr\u00f3 una suba del orden del 4,3%. El Gobierno&nbsp;&#8230; <\/p>\n","protected":false},"excerpt":{"rendered":"<p>Por caso, en abril el ministerio de Econom\u00eda de la Naci\u00f3n precis\u00f3 que el rubro \u201calimentos y bebidas\u201d registr\u00f3 una suba del orden del 4,3%. El Gobierno&nbsp;&#8230;<\/p>\n","protected":false},"author":1,"featured_media":0,"comment_status":"closed","ping_status":"closed","sticky":false,"template":"","format":"standard","meta":[],"categories":[40],"tags":[],"_links":{"self":[{"href":"http:\/\/cordobadirecto.com\/index.php\/wp-json\/wp\/v2\/posts\/9237"}],"collection":[{"href":"http:\/\/cordobadirecto.com\/index.php\/wp-json\/wp\/v2\/posts"}],"about":[{"href":"http:\/\/cordobadirecto.com\/index.php\/wp-json\/wp\/v2\/types\/post"}],"author":[{"embeddable":true,"href":"http:\/\/cordobadirecto.com\/index.php\/wp-json\/wp\/v2\/users\/1"}],"replies":[{"embeddable":true,"href":"http:\/\/cordobadirecto.com\/index.php\/wp-json\/wp\/v2\/comments?post=9237"}],"version-history":[{"count":0,"href":"http:\/\/cordobadirecto.com\/index.php\/wp-json\/wp\/v2\/posts\/9237\/revisions"}],"wp:attachment":[{"href":"http:\/\/cordobadirecto.com\/index.php\/wp-json\/wp\/v2\/media?parent=9237"}],"wp:term":[{"taxonomy":"category","embeddable":true,"href":"http:\/\/cordobadirecto.com\/index.php\/wp-json\/wp\/v2\/categories?post=9237"},{"taxonomy":"post_tag","embeddable":true,"href":"http:\/\/cordobadirecto.com\/index.php\/wp-json\/wp\/v2\/tags?post=9237"}],"curies":[{"name":"wp","href":"https:\/\/api.w.org\/{rel}","templated":true}]}}