{"id":9306,"date":"2021-06-30T13:51:24","date_gmt":"2021-06-30T13:51:24","guid":{"rendered":"https:\/\/es.digitaltrends.com\/?p=831870"},"modified":"2021-06-30T13:51:24","modified_gmt":"2021-06-30T13:51:24","slug":"de-que-conversaron-pele-y-mark-zuckerberg","status":"publish","type":"post","link":"http:\/\/cordobadirecto.com\/index.php\/2021\/06\/30\/de-que-conversaron-pele-y-mark-zuckerberg\/","title":{"rendered":"\u00bfDe qu\u00e9 conversaron Pel\u00e9 y Mark Zuckerberg?"},"content":{"rendered":"<div><img src=\"http:\/\/cordobadirecto.com\/wp-content\/uploads\/2021\/06\/de-que-conversaron-pele-y-mark-zuckerberg.jpg\" class=\"ff-og-image-inserted\"><\/div>\n<p>Pel\u00e9, considerado uno de los mejores futbolistas de todos los tiempos, hab\u00eda permanecido alejado del \u00e1mbito p\u00fablico luego de sufrir una depresi\u00f3n despu\u00e9s de ser operado en la cadera.<\/p>\n<p>El ex futbolista incluso se hab\u00eda negado a realizar comentarios acerca de la Copa Am\u00e9rica y la Eurocopa, torneos que actualmente se est\u00e1n disputando.<\/p>\n<p>Por eso sorprendi\u00f3 una s\u00fabita aparici\u00f3n suya en las redes sociales para mantener una conversaci\u00f3n con un inesperado invitado.<\/p>\n<p>El astro del f\u00fatbol mundial realiz\u00f3 una llamada al fundador de Facebook, <a href=\"https:\/\/es.digitaltrends.com\/sociales\/roger-waters-mark-zuckerberg-idiota\/\">Mark Zuckerberg<\/a>. El motivo no fue como un di\u00e1logo entre amigos, sino que se trat\u00f3 de una suerte de spot publicitario para promocionar WhatsApp Pay.<\/p>\n<p>Con un \u201cHola, Pel\u00e9, rey del f\u00fatbol\u201d, el empresario de Estados Unidos explic\u00f3 algunas de las principales caracter\u00edsticas de este servicio, que comenz\u00f3 a operar en Brasil recientemente. Se lo explic\u00f3 todo a Pel\u00e9, que lo salud\u00f3 con un \u201cHola, Mark, rey del ZapZap\u201d, a modo de respuesta.<\/p>\n<blockquote class=\"h-lazy-embed\" data-width=\"500\" data-dnt=\"true\" data-initial-classes=\"twitter-tweet\" data-embed-name=\"twitter\" data-sdk-src=\"\/\/platform.twitter.com\/widgets.js\">\n<p lang=\"pt\" dir=\"ltr\">Voc\u00ea sabia que o <a href=\"https:\/\/twitter.com\/WhatsApp?ref_src=twsrc%5Etfw\">@WhatsApp<\/a> lan\u00e7ou o servi\u00e7o de pagamentos no Brasil? Para saber como isso funciona, eu liguei para o Rei do ZapZap, Mark Zuckerberg. \u00c9 sempre bom ter amigos para chamar quando preciso aprender algo novo. \ud83d\ude09 <a href=\"https:\/\/t.co\/NLVgo42MPy\">pic.twitter.com\/NLVgo42MPy<\/a><\/p>\n<p>&amp;mdash; Pel\u00e9 (@Pele) <a href=\"https:\/\/twitter.com\/Pele\/status\/1409926890618564613?ref_src=twsrc%5Etfw\">June 29, 2021<\/a><\/p>\n<\/blockquote>\n<p>La nueva herramienta de WhatsApp reci\u00e9n fue autorizada por el Banco Central para poder funcionar en Brasil desde mayo de este a\u00f1o. El servicio puede ser usado por clientes que cuenten con tarjetas de d\u00e9bito de ciertos bancos.<\/p>\n<p>Como respuesta a una pregunta de Pel\u00e9, Zuckerberg se\u00f1al\u00f3:<\/p>\n<p>\u201cBueno, enviar dinero a amigos y familiares es tan f\u00e1cil como mandar una foto. Es gratis y lo \u00fanico que necesitas es una tarjeta de uno de los bancos asociados. No es necesario pagar una tarifa, hacer filas en el banco ni usar dinero en efectivo. Es s\u00f3lo tocar el \u00edcono del clip o en el signo m\u00e1s para comenzar\u201d.<\/p>\n<p>Por \u00faltimo, O Rei cerr\u00f3 el singular di\u00e1logo con un \u201cNo veo la hora de usarlo con mi familia\u201d, en alusi\u00f3n a WhatsApp Pay.<\/p>\n<h4 class=\"h-editors-recs-title\"> Recomendaciones del editor\t<\/h4>\n<p> <span id=\"publisher-md\" itemprop=\"publisher\" itemscope itemtype=\"https:\/\/schema.org\/Organization\"> <span itemprop=\"url\" itemtype=\"https:\/\/schema.org\/Url\" content=\"https:\/\/es.digitaltrends.com\"> <span itemprop=\"logo\" itemscope itemtype=\"https:\/\/schema.org\/ImageObject\"> <meta itemprop=\"url\" content=\"https:\/\/cdn.dtcn.com\/dt\/dt-logo-small.png\"> <meta itemprop=\"width\" content=\"0\"> <meta itemprop=\"height\" content=\"0\"> <\/span> <meta itemprop=\"name\" content=\"Digital Trends Espa\u00f1ol\"> <\/span> <span itemprop=\"image\" itemscope itemtype=\"https:\/\/schema.org\/ImageObject\"> <meta itemprop=\"url\" content=\"http:\/\/cordobadirecto.com\/wp-content\/uploads\/2021\/06\/de-que-conversaron-pele-y-mark-zuckerberg.jpg\"> <\/span> <\/span><\/p>\n","protected":false},"excerpt":{"rendered":"<p>Pel\u00e9, considerado uno de los mejores futbolistas de todos los tiempos, hab\u00eda permanecido alejado del \u00e1mbito p\u00fablico luego de sufrir una depresi\u00f3n despu\u00e9s de ser operado en la cadera. El ex futbolista incluso se hab\u00eda negado a realizar comentarios acerca de la Copa Am\u00e9rica y la Eurocopa, torneos que actualmente se est\u00e1n disputando. Por eso [&hellip;]<\/p>\n","protected":false},"author":1,"featured_media":9307,"comment_status":"closed","ping_status":"closed","sticky":false,"template":"","format":"standard","meta":[],"categories":[26],"tags":[],"_links":{"self":[{"href":"http:\/\/cordobadirecto.com\/index.php\/wp-json\/wp\/v2\/posts\/9306"}],"collection":[{"href":"http:\/\/cordobadirecto.com\/index.php\/wp-json\/wp\/v2\/posts"}],"about":[{"href":"http:\/\/cordobadirecto.com\/index.php\/wp-json\/wp\/v2\/types\/post"}],"author":[{"embeddable":true,"href":"http:\/\/cordobadirecto.com\/index.php\/wp-json\/wp\/v2\/users\/1"}],"replies":[{"embeddable":true,"href":"http:\/\/cordobadirecto.com\/index.php\/wp-json\/wp\/v2\/comments?post=9306"}],"version-history":[{"count":0,"href":"http:\/\/cordobadirecto.com\/index.php\/wp-json\/wp\/v2\/posts\/9306\/revisions"}],"wp:featuredmedia":[{"embeddable":true,"href":"http:\/\/cordobadirecto.com\/index.php\/wp-json\/wp\/v2\/media\/9307"}],"wp:attachment":[{"href":"http:\/\/cordobadirecto.com\/index.php\/wp-json\/wp\/v2\/media?parent=9306"}],"wp:term":[{"taxonomy":"category","embeddable":true,"href":"http:\/\/cordobadirecto.com\/index.php\/wp-json\/wp\/v2\/categories?post=9306"},{"taxonomy":"post_tag","embeddable":true,"href":"http:\/\/cordobadirecto.com\/index.php\/wp-json\/wp\/v2\/tags?post=9306"}],"curies":[{"name":"wp","href":"https:\/\/api.w.org\/{rel}","templated":true}]}}