{"id":9471,"date":"2021-07-02T17:23:37","date_gmt":"2021-07-02T17:23:37","guid":{"rendered":"http:\/\/cordobadirecto.com\/index.php\/2021\/07\/02\/pablo-lescano-y-su-pollo-al-acero-para-cocineros-argentinos\/"},"modified":"2021-07-02T17:23:37","modified_gmt":"2021-07-02T17:23:37","slug":"pablo-lescano-y-su-pollo-al-acero-para-cocineros-argentinos","status":"publish","type":"post","link":"http:\/\/cordobadirecto.com\/index.php\/2021\/07\/02\/pablo-lescano-y-su-pollo-al-acero-para-cocineros-argentinos\/","title":{"rendered":"Pablo Lescano y su &#8220;pollo al acero&#8221; para Cocineros Argentinos"},"content":{"rendered":"<div class=\"image\" id=\"image\"> <img src=\"http:\/\/cordobadirecto.com\/wp-content\/uploads\/2021\/07\/pablo-lescano-y-su-pollo-al-acero-para-cocineros-argentinos.jpg\" alt=\"Pablo Lescano.\" title=\"Pablo Lescano.\"><\/p>\n<p>Pablo Lescano.<\/p>\n<\/div>\n<p>Pablo Lescano ser\u00e1 el invitado este viernes de una emisi\u00f3n especial de &#8220;Cocineros Argentinos&#8221;, que lo tendr\u00e1, junto a Sof\u00eda Pachano, Juan Braceli y los conductores del ciclo, preparando un plato con el Delta de fondo.<\/p>\n<p><strong>El l\u00edder de Damas Gratis<\/strong>, uno de los grupos emblem\u00e1ticos de la movida tropical, se mostr\u00f3 nervioso pero entusiasmado en su paso por el programa.<\/p>\n<p>&#8220;En el escenario puedo hacer mil cosas a la vez, pero en la cocina me pongo nervioso&#8221;, confes\u00f3 el artista, que se luci\u00f3 con una receta que llam\u00f3 &#8220;pollo al disco de acero, porque el de oro y platino, ya lo tengo&#8221;.<\/p>\n<p>El m\u00fasico, adem\u00e1s de conversar sobre su carrera profesional, record\u00f3 la cocina de su infancia: los guisos, la verduler\u00eda y carnicer\u00eda de su t\u00edo y el arroz con pollo que le cocinaba su madre, entre otras cosas.<\/p>\n<p>Adem\u00e1s, detall\u00f3 c\u00f3mo fueron sus comienzos con la m\u00fasica, su historia con la cumbia y la importancia del apoyo que recibi\u00f3 de su familia. Hasta confes\u00f3 que su madre no le dejaba tener el pelo largo.<\/p>\n<p>Pese a los nervios que confes\u00f3, la producci\u00f3n de &#8220;Cocineros Argentinos&#8221; cont\u00f3 que <strong>Pablo &#8220;supo lucirse&#8221; con el resultado final y le ense\u00f1\u00f3 a la audiencia unos de sus trucos gastron\u00f3micos: c\u00f3mo pelar nueces enteras<\/strong>.<\/p>\n<p>Este viernes, a las 13:30 horas, por la pantalla de la <a href=\"https:\/\/www.tvpublica.com.ar\/\" target=\"_blank\" rel=\"noopener\">Televisi\u00f3n P\u00fablica<\/a>. <\/p>\n","protected":false},"excerpt":{"rendered":"<p>Pablo Lescano. Pablo Lescano ser\u00e1 el invitado este viernes de una emisi\u00f3n especial de &#8220;Cocineros Argentinos&#8221;, que lo tendr\u00e1, junto a Sof\u00eda Pachano, Juan Braceli y los conductores del ciclo, preparando un plato con el Delta de fondo. El l\u00edder de Damas Gratis, uno de los grupos emblem\u00e1ticos de la movida tropical, se mostr\u00f3 nervioso [&hellip;]<\/p>\n","protected":false},"author":1,"featured_media":9472,"comment_status":"closed","ping_status":"closed","sticky":false,"template":"","format":"standard","meta":[],"categories":[20],"tags":[],"_links":{"self":[{"href":"http:\/\/cordobadirecto.com\/index.php\/wp-json\/wp\/v2\/posts\/9471"}],"collection":[{"href":"http:\/\/cordobadirecto.com\/index.php\/wp-json\/wp\/v2\/posts"}],"about":[{"href":"http:\/\/cordobadirecto.com\/index.php\/wp-json\/wp\/v2\/types\/post"}],"author":[{"embeddable":true,"href":"http:\/\/cordobadirecto.com\/index.php\/wp-json\/wp\/v2\/users\/1"}],"replies":[{"embeddable":true,"href":"http:\/\/cordobadirecto.com\/index.php\/wp-json\/wp\/v2\/comments?post=9471"}],"version-history":[{"count":0,"href":"http:\/\/cordobadirecto.com\/index.php\/wp-json\/wp\/v2\/posts\/9471\/revisions"}],"wp:featuredmedia":[{"embeddable":true,"href":"http:\/\/cordobadirecto.com\/index.php\/wp-json\/wp\/v2\/media\/9472"}],"wp:attachment":[{"href":"http:\/\/cordobadirecto.com\/index.php\/wp-json\/wp\/v2\/media?parent=9471"}],"wp:term":[{"taxonomy":"category","embeddable":true,"href":"http:\/\/cordobadirecto.com\/index.php\/wp-json\/wp\/v2\/categories?post=9471"},{"taxonomy":"post_tag","embeddable":true,"href":"http:\/\/cordobadirecto.com\/index.php\/wp-json\/wp\/v2\/tags?post=9471"}],"curies":[{"name":"wp","href":"https:\/\/api.w.org\/{rel}","templated":true}]}}