{"id":95591,"date":"2023-01-11T00:11:06","date_gmt":"2023-01-11T00:11:06","guid":{"rendered":"http:\/\/cordobadirecto.com\/index.php\/2023\/01\/11\/se-negociara-con-las-empresas-la-continuidad-de-precios-justos-hasta-julio\/"},"modified":"2023-01-11T00:11:06","modified_gmt":"2023-01-11T00:11:06","slug":"se-negociara-con-las-empresas-la-continuidad-de-precios-justos-hasta-julio","status":"publish","type":"post","link":"http:\/\/cordobadirecto.com\/index.php\/2023\/01\/11\/se-negociara-con-las-empresas-la-continuidad-de-precios-justos-hasta-julio\/","title":{"rendered":"Se negociar\u00e1 con las empresas la continuidad de Precios Justos hasta julio"},"content":{"rendered":"<p>La <b>NUEVA<\/b> Ma\u00f1ana, <b>C\u00f3rdoba<\/b>, Rep\u00fablica Argentina. &#8230; En ese marco, en el Ministerio de <b>Econom\u00eda<\/b> ya se encuentran diagramando el <b>nuevo<\/b> cap\u00edtulo y&nbsp;&#8230; <\/p>\n","protected":false},"excerpt":{"rendered":"<p>La NUEVA Ma\u00f1ana, C\u00f3rdoba, Rep\u00fablica Argentina. &#8230; En ese marco, en el Ministerio de Econom\u00eda ya se encuentran diagramando el nuevo cap\u00edtulo y&nbsp;&#8230;<\/p>\n","protected":false},"author":1,"featured_media":0,"comment_status":"closed","ping_status":"closed","sticky":false,"template":"","format":"standard","meta":[],"categories":[40],"tags":[],"_links":{"self":[{"href":"http:\/\/cordobadirecto.com\/index.php\/wp-json\/wp\/v2\/posts\/95591"}],"collection":[{"href":"http:\/\/cordobadirecto.com\/index.php\/wp-json\/wp\/v2\/posts"}],"about":[{"href":"http:\/\/cordobadirecto.com\/index.php\/wp-json\/wp\/v2\/types\/post"}],"author":[{"embeddable":true,"href":"http:\/\/cordobadirecto.com\/index.php\/wp-json\/wp\/v2\/users\/1"}],"replies":[{"embeddable":true,"href":"http:\/\/cordobadirecto.com\/index.php\/wp-json\/wp\/v2\/comments?post=95591"}],"version-history":[{"count":0,"href":"http:\/\/cordobadirecto.com\/index.php\/wp-json\/wp\/v2\/posts\/95591\/revisions"}],"wp:attachment":[{"href":"http:\/\/cordobadirecto.com\/index.php\/wp-json\/wp\/v2\/media?parent=95591"}],"wp:term":[{"taxonomy":"category","embeddable":true,"href":"http:\/\/cordobadirecto.com\/index.php\/wp-json\/wp\/v2\/categories?post=95591"},{"taxonomy":"post_tag","embeddable":true,"href":"http:\/\/cordobadirecto.com\/index.php\/wp-json\/wp\/v2\/tags?post=95591"}],"curies":[{"name":"wp","href":"https:\/\/api.w.org\/{rel}","templated":true}]}}