{"id":95725,"date":"2023-01-12T00:00:09","date_gmt":"2023-01-12T00:00:09","guid":{"rendered":"http:\/\/cordobadirecto.com\/index.php\/2023\/01\/12\/los-alonsitos-encabezan-show-gratuito-en-la-previa-de-la-32o-fiesta-nacional-del-chamame\/"},"modified":"2023-01-12T00:00:09","modified_gmt":"2023-01-12T00:00:09","slug":"los-alonsitos-encabezan-show-gratuito-en-la-previa-de-la-32o-fiesta-nacional-del-chamame","status":"publish","type":"post","link":"http:\/\/cordobadirecto.com\/index.php\/2023\/01\/12\/los-alonsitos-encabezan-show-gratuito-en-la-previa-de-la-32o-fiesta-nacional-del-chamame\/","title":{"rendered":"Los Alonsitos encabezan show gratuito en la previa de la 32\u00ba Fiesta Nacional del Chamam\u00e9"},"content":{"rendered":"<figure class=\"mb-3\"><img loading=\"lazy\" src=\"http:\/\/cordobadirecto.com\/wp-content\/uploads\/2023\/01\/los-alonsitos-encabezan-show-gratuito-en-la-previa-de-la-32o-fiesta-nacional-del-chamame.jpg\" width=\"100%\" height=\"100%\" alt=\"Los festejos le ponen luces a las noches corretinas Foto Germn Romer Foto Germn Romer\"><figcaption> Los festejos le ponen luces a las noches corretinas \/ Foto: Germ\u00e1n Romer Foto: Germ\u00e1n Romer <\/figcaption><\/figure>\n<p>Un espect\u00e1culo libre y gratuito con la presentaci\u00f3n de una decena de artistas, entre ellos <strong>Los Alonsitos<\/strong>, se realizar\u00e1 este jueves en la capital de Corrientes, anunciado por el Gobierno provincial como \u201cLa Previa\u201d de la 32\u00aa Fiesta Nacional del Chamam\u00e9.<\/p>\n<p>El evento tendr\u00e1 lugar en el predio \u201cLa Unidad\u201d, a pocos metros de la costanera correntina, desde las 18 y de extender\u00e1 hasta la medianoche, adelant\u00f3 el presidente del Instituto de Cultura,<strong> Gabriel Romero<\/strong>.<\/p>\n<p><strong>&#8220;La Previa de la Fiesta, contar\u00e1 con la actuaci\u00f3n de Los Alonsitos y otros grupos invitados y los asistentes podr\u00e1n disfrutar tambi\u00e9n de una variedad de propuestas gastron\u00f3micas\u201d,<\/strong> anunci\u00f3 hoy el funcionario provincial.<\/p>\n<p>La Pre Fiesta, un d\u00eda antes de la jornada inaugural, ser\u00e1 con libre acceso y tendr\u00e1 lugar en el predio en el que funcion\u00f3 hasta fines de 2021, la Unidad Penitenciaria N\u00ba1, un edificio de m\u00e1s de 130 a\u00f1os de antig\u00fcedad, que fue reacondicionado para eventos culturales.<\/p>\n<p>Romero anunci\u00f3 adem\u00e1s, que en el mismo lugar, se realizar\u00e1n bailantas chamameceras con entrada libre y gratuita, los d\u00edas s\u00e1bado 14 y domingo 15, de 18 a 22, <strong>\u201ccomo parte del circuito de actividades paralelas\u201d<\/strong> a la Fiesta que tendr\u00e1 lugar hasta el 22 de enero en el anfiteatro Mario del Tr\u00e1nsito Cocomarola.<\/p>\n<figure class=\"mb-3\"><img loading=\"lazy\" src=\"http:\/\/cordobadirecto.com\/wp-content\/uploads\/2023\/01\/los-alonsitos-encabezan-show-gratuito-en-la-previa-de-la-32o-fiesta-nacional-del-chamame-1.jpg\" width=\"100%\" height=\"100%\" alt=\"Ser la previa de LaFiesta del Chamame Foto Germn Romer\"><figcaption> Ser\u00e1 la previa de LaFiesta del Chamame\/ Foto: Germ\u00e1n Romer <\/figcaption><\/figure>\n<p><br open> Por otra parte, el Instituto de Cultura de Corrientes invit\u00f3 a la inauguraci\u00f3n de la exposici\u00f3n colectiva <strong>&#8220;Chamam\u00e9 para un Mundo Nuevo&#8221;<\/strong> que se realizar\u00e1 esta noche a partir de las 20 , en la sala &#8220;Justa D\u00edaz de Vivar&#8221; del Museo Provincial de Bellas Artes \u201c Dr. Juan R. Vidal\u201d, en el marco de la 32\u00aa Fiesta Nacional del Chamam\u00e9, 18\u00aa Fiesta del Chamam\u00e9 del Mercosur y 2\u00aa Celebraci\u00f3n Mundial, como Patrimonio Cultural Inmaterial de la Humanidad por la Unesco.<\/p>\n<p>La 32\u00aa Fiesta Nacional del Chamam\u00e9, 18\u00aa Fiesta del Mercosur y 2\u00aa Celebraci\u00f3n Mundial, que se realizar\u00e1 desde el 13 y hasta al 22 de enero de 2023 <strong>\u201cM\u00e1s de 20 artistas hablar\u00e1 en escena cada una de las noches\u201d,<\/strong> confirm\u00f3 a T\u00e9lam el presidente del Instituto de Cultura, <strong>Gabriel Romero<\/strong>.<\/p>\n<p>Entre los destacados, grilla tiene para la noche inaugural del viernes 13 a <strong>Antonio Tarrag\u00f3 Ros<\/strong>, para s\u00e1bado a <strong>Ofelia Leiva, N\u00e9stor Lo y los caminantes<\/strong> (Paraguay) y <strong>Paquito Aranda<\/strong>, entre otros; domingo 15, el grupo <strong>Amanday\u00e9, Teresa Parodi<\/strong> para el lunes 16 al <strong>Chango Spasiuk<\/strong> y su grupo; el martes 17 ser\u00e1 el turno de <strong>Nahuel Pennisi<\/strong> y el mi\u00e9rcoles 18, <strong>Zoe Gotusso<\/strong>, que cantar\u00e1 con un ensamble de la <strong>Orquesta Folkl\u00f3rica de la Provincia<\/strong>.<\/p>\n<p>Los d\u00edas posteriores actuar\u00e1n, adem\u00e1s, <strong>Los de Imaguar\u00e9, Los Alonsitos, Mario y \u201cChingoli\u201d Bofill, Coquimarola y su conjunto, Susy De Pompert, Gente de Ley, Ernestito Montiel y su Cuarteto Santa Ana y Gicela M\u00e9ndez Ribeiro<\/strong>,entre otros.<\/p>\n<p>Est\u00e1n a la venta las entradas para cada una de las 10 noches de la fiesta, a un valor de 1.500 pesos, as\u00ed como en el Instituto de Cultura (calle San Juan 546 de la ciudad Capital) de lunes a viernes, de 8 a 12,30, en el Teatro Vera, de lunes a viernes de 8 a 12 y de 17 a 20 y en el Anfiteatro Cocomarola. <\/p>\n","protected":false},"excerpt":{"rendered":"<p>Los festejos le ponen luces a las noches corretinas \/ Foto: Germ\u00e1n Romer Foto: Germ\u00e1n Romer Un espect\u00e1culo libre y gratuito con la presentaci\u00f3n de una decena de artistas, entre ellos Los Alonsitos, se realizar\u00e1 este jueves en la capital de Corrientes, anunciado por el Gobierno provincial como \u201cLa Previa\u201d de la 32\u00aa Fiesta Nacional [&hellip;]<\/p>\n","protected":false},"author":1,"featured_media":95726,"comment_status":"closed","ping_status":"closed","sticky":false,"template":"","format":"standard","meta":[],"categories":[20],"tags":[],"_links":{"self":[{"href":"http:\/\/cordobadirecto.com\/index.php\/wp-json\/wp\/v2\/posts\/95725"}],"collection":[{"href":"http:\/\/cordobadirecto.com\/index.php\/wp-json\/wp\/v2\/posts"}],"about":[{"href":"http:\/\/cordobadirecto.com\/index.php\/wp-json\/wp\/v2\/types\/post"}],"author":[{"embeddable":true,"href":"http:\/\/cordobadirecto.com\/index.php\/wp-json\/wp\/v2\/users\/1"}],"replies":[{"embeddable":true,"href":"http:\/\/cordobadirecto.com\/index.php\/wp-json\/wp\/v2\/comments?post=95725"}],"version-history":[{"count":0,"href":"http:\/\/cordobadirecto.com\/index.php\/wp-json\/wp\/v2\/posts\/95725\/revisions"}],"wp:featuredmedia":[{"embeddable":true,"href":"http:\/\/cordobadirecto.com\/index.php\/wp-json\/wp\/v2\/media\/95726"}],"wp:attachment":[{"href":"http:\/\/cordobadirecto.com\/index.php\/wp-json\/wp\/v2\/media?parent=95725"}],"wp:term":[{"taxonomy":"category","embeddable":true,"href":"http:\/\/cordobadirecto.com\/index.php\/wp-json\/wp\/v2\/categories?post=95725"},{"taxonomy":"post_tag","embeddable":true,"href":"http:\/\/cordobadirecto.com\/index.php\/wp-json\/wp\/v2\/tags?post=95725"}],"curies":[{"name":"wp","href":"https:\/\/api.w.org\/{rel}","templated":true}]}}