{"id":9587,"date":"2021-07-03T15:50:00","date_gmt":"2021-07-03T15:50:00","guid":{"rendered":"http:\/\/cordobadirecto.com\/index.php\/2021\/07\/03\/crece-la-presion-para-que-la-ue-retire-su-propuesta-distractiva-sobre-las-patentes\/"},"modified":"2021-07-03T15:50:00","modified_gmt":"2021-07-03T15:50:00","slug":"crece-la-presion-para-que-la-ue-retire-su-propuesta-distractiva-sobre-las-patentes","status":"publish","type":"post","link":"http:\/\/cordobadirecto.com\/index.php\/2021\/07\/03\/crece-la-presion-para-que-la-ue-retire-su-propuesta-distractiva-sobre-las-patentes\/","title":{"rendered":"Crece la presi\u00f3n para que la UE retire su propuesta &#8220;distractiva&#8221; sobre las patentes"},"content":{"rendered":"<div class=\"image\" id=\"image\" readability=\"8\"> <img src=\"http:\/\/cordobadirecto.com\/wp-content\/uploads\/2021\/07\/crece-la-presion-para-que-la-ue-retire-su-propuesta-distractiva-sobre-las-patentes.jpg\" alt=\"Marc Botenga, europarlamentario belga.\" title=\"Marc Botenga, europarlamentario belga.\"><\/p>\n<p>Marc Botenga, europarlamentario belga.<\/p>\n<\/div>\n<p>La Uni\u00f3n Europea (UE) present\u00f3 una contrapropuesta &#8220;falsa y distractiva&#8221; en la Organizaci\u00f3n Mundial del Comercio (OMC) para no debatir la suspensi\u00f3n temporal de patentes de las vacunas contra el coronavirus, apunt\u00f3 el europarlamentario belga Marc Botenga, impulsor de una resoluci\u00f3n aprobada en la C\u00e1mara que forma parte de una cada vez mayor presi\u00f3n interna para que el bloque cambie su postura.<\/p>\n<p>Ante la solicitud de una exenci\u00f3n de la propiedad intelectual, presentada por Sud\u00e1frica e India en octubre del a\u00f1o pasado y apoyada por m\u00e1s de 110 pa\u00edses, incluyendo la Argentina,<strong> la UE elev\u00f3 el 4 de junio una iniciativa basada en un acuerdo multilateral que incluya &#8220;precios asequibles&#8221; de los tratamientos y facilite &#8220;el uso de licencias obligatorias&#8221; <\/strong>para que m\u00e1s laboratorios desarrollen f\u00e1rmacos gen\u00e9ricos a cambio de un pago a los poseedores de las patentes.<\/p>\n<p><strong>&#8220;Esa propuesta es solo una forma de evitar discutir la exenci\u00f3n. Es una distracci\u00f3n<\/strong>. Lo que est\u00e1 sucediendo ahora en la OMC es que varios pa\u00edses comienzan a discutir la iniciativa de la UE para no negociar la de India y Sud\u00e1frica. Ese era el verdadero objetivo&#8221;, indic\u00f3 a T\u00e9lam el representante del Partido de los Trabajadores belga.<\/p>\n<blockquote readability=\"8\">\n<p>&#8220;Se pide a las farmac\u00e9uticas que compartan voluntariamente sus tecnolog\u00edas. Hoy, despu\u00e9s de m\u00e1s de un a\u00f1o, sabemos que no lo est\u00e1n haciendo&#8221;<span class=\"comilla\">\u201d<\/span><\/p>\n<p><span>Marc Botenga<\/span><\/p>\n<\/blockquote>\n<p>Efectivamente, la aparici\u00f3n de la resoluci\u00f3n europea trab\u00f3 a\u00fan m\u00e1s las negociaciones en el organismo con sede en Ginebra y a las partes le quedan solamente tres encuentros informales para tratar de avanzar en un consenso antes de la reuni\u00f3n del Consejo General el 27 y 28 de julio.<\/p>\n<p><strong>La iniciativa de la UE &#8220;es falsa porque hay pocas novedades&#8221;<\/strong>, critic\u00f3 Botenga y profundiz\u00f3: &#8220;Se pide a las farmac\u00e9uticas que compartan voluntariamente sus tecnolog\u00edas. Hoy, despu\u00e9s de m\u00e1s de un a\u00f1o, sabemos que no lo est\u00e1n haciendo. Las plataformas de intercambio de tecnolog\u00eda de la Organizaci\u00f3n Mundial de la Salud (OMS) ya lo permiten, pero se han abstenido de hacerlo&#8221;.<\/p>\n<p>El legislador apunt\u00f3 adem\u00e1s sobre el tiempo que lleva otorgar las licencias obligatorias que impulsa el bloque como respuesta a la actual emergencia sanitaria: &#8220;Deben emitirse caso por caso, f\u00e1rmaco por f\u00e1rmaco. En una pandemia mundial, esto no puede ser suficiente. <strong>Necesitamos mucho m\u00e1s, necesitamos un levantamiento generalizado de los derechos de propiedad intelectual <\/strong>para que nada obstaculice el aumento de la producci\u00f3n de vacunas&#8221;.<\/p>\n<div class=\"image\" id=\"image\" readability=\"8\"> <img src=\"http:\/\/cordobadirecto.com\/wp-content\/uploads\/2021\/07\/crece-la-presion-para-que-la-ue-retire-su-propuesta-distractiva-sobre-las-patentes-1.jpg\" alt=\"El europarlamentario present\u00f3 junto a otros representantes del bloque de izquierda de la C\u00e1mara una resoluci\u00f3n que exige apoyar la suspensi\u00f3n de patentes.\" title=\"El europarlamentario present\u00f3 junto a otros representantes del bloque de izquierda de la C\u00e1mara una resoluci\u00f3n que exige apoyar la suspensi\u00f3n de patentes.\"><\/p>\n<p>El europarlamentario present\u00f3 junto a otros representantes del bloque de izquierda de la C\u00e1mara una resoluci\u00f3n que exige apoyar la suspensi\u00f3n de patentes.<\/p>\n<\/div>\n<p>En ese marco, <strong>el europarlamentario present\u00f3 junto a otros representantes del bloque de izquierda de la C\u00e1mara una resoluci\u00f3n que exige apoyar la suspensi\u00f3n de patentes<\/strong>, aprobada el 10 de junio pasado con 355 votos a favor, 263 en contra y 71 abstenciones.<\/p>\n<p>Ese texto remarca que se necesitan 11 000 millones de dosis para inocular al 70% de la poblaci\u00f3n mundial y lograr la inmunidad de reba\u00f1o, pero &#8220;s\u00f3lo se ha producido una peque\u00f1a parte de esa cantidad&#8221;.<\/p>\n<p>&#8220;<strong>La resoluci\u00f3n no tiene valor legislativo. Sin embargo, s\u00ed tiene un valor moral y simb\u00f3lico. <\/strong>Env\u00eda un mensaje a la Comisi\u00f3n Europea&#8221;, explic\u00f3 Botenga sobre la instituci\u00f3n que representa el Poder Ejecutivo del bloque y que lidera la alemana Ursula von der Leyen, quien en varias oportunidades argument\u00f3 en contra de esta medida.<\/p>\n<blockquote readability=\"10\">\n<p>&#8220;A nivel europeo, los socialdem\u00f3cratas y los verdes dicen que apoyan el levantamiento de patentes, pero cuando participan en gobiernos, como en B\u00e9lgica, no act\u00faan de acuerdo con esas palabras&#8221;<span class=\"comilla\">\u201d<\/span><\/p>\n<\/blockquote>\n<p>&#8220;En abril de 2020 Von der Leyen prometi\u00f3 al Parlamento Europeo que la vacuna se convertir\u00eda en un \u00b4bien com\u00fan universal\u00b4. Eso tiene sentido ya que el mundo necesita la vacuna, que adem\u00e1s fue pagada con fondos p\u00fablicos. Sin embargo, no cumpli\u00f3 su promesa&#8221;, manifest\u00f3 el belga.<\/p>\n<p>&#8220;Cuando pregunt\u00e9 entonces qu\u00e9 significaba \u00b4un bien com\u00fan universal\u00b4, la presidenta de la Comisi\u00f3n respondi\u00f3 que se trataba principalmente de una declaraci\u00f3n simb\u00f3lica. Opt\u00f3 por dar prioridad a los beneficios de determinadas empresas multinacionales europeas y estadounidenses sobre las necesidades de la salud global&#8221;, critic\u00f3.<\/p>\n<p><strong>No solo el Parlamento Europeo exigi\u00f3 un cambio de postura, sino tambi\u00e9n en los \u00faltimos meses lo hicieron ONGs<\/strong> como M\u00e9dicos sin Fronteras, Amnist\u00eda Internacional y Human Rights Watch, adem\u00e1s de organizaciones como la Asociaci\u00f3n Europea de Salud P\u00fablica que nuclea a instituciones del sector de todo el continente.<\/p>\n<div class=\"image\" id=\"image\" readability=\"8\"> <img src=\"http:\/\/cordobadirecto.com\/wp-content\/uploads\/2021\/07\/crece-la-presion-para-que-la-ue-retire-su-propuesta-distractiva-sobre-las-patentes-2.jpg\" alt=\"Se necesitan 11 000 millones de dosis para inocular al 70% de la poblaci\u00f3n mundial y lograr la inmunidad de reba\u00f1o.\" title=\"Se necesitan 11 000 millones de dosis para inocular al 70% de la poblaci\u00f3n mundial y lograr la inmunidad de reba\u00f1o.\"><\/p>\n<p>Se necesitan 11 000 millones de dosis para inocular al 70% de la poblaci\u00f3n mundial y lograr la inmunidad de reba\u00f1o.<\/p>\n<\/div>\n<p>El apoyo expl\u00edcito que dio Estados Unidos a principios de mayo tambi\u00e9n movi\u00f3 el avispero y el presidente franc\u00e9s, Emmanuel Macron, que tras la salida de Angela Merkel como canciller alemana este a\u00f1o espera convertirse en el l\u00edder de Europa, dio un tibio respaldo a la suspensi\u00f3n de la propiedad intelectual<\/p>\n<p><strong>&#8220;Vemos cierta apertura ahora tambi\u00e9n dentro del gobierno espa\u00f1ol y polaco. <\/strong>A nivel europeo, los socialdem\u00f3cratas y los verdes dicen que apoyan el levantamiento de patentes, pero cuando participan en gobiernos, como en B\u00e9lgica, no act\u00faan de acuerdo con esas palabras&#8221;, precis\u00f3 Botenga.<\/p>\n<p>&#8220;Es la presi\u00f3n que logramos ejercer sobre ellos lo que marca la diferencia. Sabemos que las grandes farmac\u00e9uticas tienen una gran influencia en los pol\u00edticos. Por tanto, necesitamos una movilizaci\u00f3n a gran escala de personas, organizaciones y sindicatos para cambiar el equilibrio de poder. Tanto en Europa como en el mundo&#8221;, concluy\u00f3. <\/p>\n","protected":false},"excerpt":{"rendered":"<p>Marc Botenga, europarlamentario belga. La Uni\u00f3n Europea (UE) present\u00f3 una contrapropuesta &#8220;falsa y distractiva&#8221; en la Organizaci\u00f3n Mundial del Comercio (OMC) para no debatir la suspensi\u00f3n temporal de patentes de las vacunas contra el coronavirus, apunt\u00f3 el europarlamentario belga Marc Botenga, impulsor de una resoluci\u00f3n aprobada en la C\u00e1mara que forma parte de una cada [&hellip;]<\/p>\n","protected":false},"author":1,"featured_media":9588,"comment_status":"closed","ping_status":"closed","sticky":false,"template":"","format":"standard","meta":[],"categories":[24],"tags":[],"_links":{"self":[{"href":"http:\/\/cordobadirecto.com\/index.php\/wp-json\/wp\/v2\/posts\/9587"}],"collection":[{"href":"http:\/\/cordobadirecto.com\/index.php\/wp-json\/wp\/v2\/posts"}],"about":[{"href":"http:\/\/cordobadirecto.com\/index.php\/wp-json\/wp\/v2\/types\/post"}],"author":[{"embeddable":true,"href":"http:\/\/cordobadirecto.com\/index.php\/wp-json\/wp\/v2\/users\/1"}],"replies":[{"embeddable":true,"href":"http:\/\/cordobadirecto.com\/index.php\/wp-json\/wp\/v2\/comments?post=9587"}],"version-history":[{"count":0,"href":"http:\/\/cordobadirecto.com\/index.php\/wp-json\/wp\/v2\/posts\/9587\/revisions"}],"wp:featuredmedia":[{"embeddable":true,"href":"http:\/\/cordobadirecto.com\/index.php\/wp-json\/wp\/v2\/media\/9588"}],"wp:attachment":[{"href":"http:\/\/cordobadirecto.com\/index.php\/wp-json\/wp\/v2\/media?parent=9587"}],"wp:term":[{"taxonomy":"category","embeddable":true,"href":"http:\/\/cordobadirecto.com\/index.php\/wp-json\/wp\/v2\/categories?post=9587"},{"taxonomy":"post_tag","embeddable":true,"href":"http:\/\/cordobadirecto.com\/index.php\/wp-json\/wp\/v2\/tags?post=9587"}],"curies":[{"name":"wp","href":"https:\/\/api.w.org\/{rel}","templated":true}]}}