{"id":9601,"date":"2021-07-02T16:34:56","date_gmt":"2021-07-02T16:34:56","guid":{"rendered":"https:\/\/cordoba.gob.ar\/?p=10749"},"modified":"2021-07-02T16:34:56","modified_gmt":"2021-07-02T16:34:56","slug":"la-municipalidad-participo-del-encuentro-interreligioso-por-la-patria","status":"publish","type":"post","link":"http:\/\/cordobadirecto.com\/index.php\/2021\/07\/02\/la-municipalidad-participo-del-encuentro-interreligioso-por-la-patria\/","title":{"rendered":"La Municipalidad particip\u00f3 del encuentro interreligioso por la Patria"},"content":{"rendered":"<div><img src=\"http:\/\/cordobadirecto.com\/wp-content\/uploads\/2021\/07\/la-municipalidad-participo-del-encuentro-interreligioso-por-la-patria.jpg\" class=\"ff-og-image-inserted\"><\/div>\n<ul>\n<li><strong>La celebraci\u00f3n ecum\u00e9nica e interreligiosa es un gesto de comuni\u00f3n, en el que todos los sectores elaboran sus intenciones, sus esperanzas y se unen en oraci\u00f3n.<\/strong><\/li>\n<\/ul>\n<hr>\n<p>En el mes aniversario de la declaraci\u00f3n de la Independencia Nacional, la Municipalidad de C\u00f3rdoba particip\u00f3 junto a representantes de la Iglesia Cat\u00f3lica, el COMIPAZ y el Centro Ecum\u00e9nico Cristiano de C\u00f3rdoba de un encuentro interreligioso por la Patria.<\/p>\n<p>La ceremonia se realiz\u00f3 en la Iglesia Armenia Surp Kevork, de B\u00ba Pueyrred\u00f3n. A ra\u00edz del contexto de pandemia, el evento se transmiti\u00f3 YouTube y fue seguido por creyentes y fieles que participaron de una s\u00faplica com\u00fan por la paz y la fraternidad.<\/p>\n<p>Durante el encuentro se destac\u00f3 el rol ciudadano en la construcci\u00f3n del bien com\u00fan, defendiendo los derechos de cada persona y exigiendo el cumplimiento de las obligaciones como argentinos, respetando la validez y responsabilidad de las instituciones democr\u00e1ticas, atendiendo especialmente a los sectores m\u00e1s vulnerables de la sociedad.<\/p>\n<p>El secretario de Pol\u00edticas Sociales, Inclusi\u00f3n y Convivencia, Ra\u00fal La Cava y la subdirectora de Culto, Mara Pedicino, asistieron en representaci\u00f3n de la Municipalidad de C\u00f3rdoba.<\/p>\n<p>Del encuentro, presidido por el Arzobispo de C\u00f3rdoba, Monse\u00f1or Carlos \u00d1a\u00f1ez, participaron el Obispo Auxiliar de la Iglesia Cat\u00f3lica, Pedro Torres; el Rabino Marcelo Polakoff, del Centro Uni\u00f3n Israelita; el Ing. Omar Muza, de la Sociedad \u00c1rabe Musulmana de C\u00f3rdoba; el Pastor Norberto Ruffa, del Consejo de Pastores; el Reberendo Padre Nahabet Karapetyan, de la Iglesia Apost\u00f3lica Armenia; Pater Gabriel D\u00edaz, de la Iglesia Ortodoxa del Patriarcado Ecum\u00e9nico; Susana Albo, de la Iglesia Anglicana; el Pastor Rodolfo Sexauer, de la Iglesia Evang\u00e9lica Luterana; el Pastor Norberto Rasch, de la Iglesia Evang\u00e9lica del R\u00edo de la Plata; el Pastor Ernesto Lerch, Sociedad B\u00edblica Argentina; Juan Carlos Nieto, de la Comunidad Bahai y el Ministro de Gobierno de la Provincia de C\u00f3rdoba, Facundo Torres.<\/p>\n","protected":false},"excerpt":{"rendered":"<p>La celebraci\u00f3n ecum\u00e9nica e interreligiosa es un gesto de comuni\u00f3n, en el que todos los sectores elaboran sus intenciones, sus esperanzas y se unen en oraci\u00f3n. En el mes aniversario de la declaraci\u00f3n de la Independencia Nacional, la Municipalidad de C\u00f3rdoba particip\u00f3 junto a representantes de la Iglesia Cat\u00f3lica, el COMIPAZ y el Centro Ecum\u00e9nico [&hellip;]<\/p>\n","protected":false},"author":1,"featured_media":9602,"comment_status":"closed","ping_status":"closed","sticky":false,"template":"","format":"standard","meta":[],"categories":[44],"tags":[],"_links":{"self":[{"href":"http:\/\/cordobadirecto.com\/index.php\/wp-json\/wp\/v2\/posts\/9601"}],"collection":[{"href":"http:\/\/cordobadirecto.com\/index.php\/wp-json\/wp\/v2\/posts"}],"about":[{"href":"http:\/\/cordobadirecto.com\/index.php\/wp-json\/wp\/v2\/types\/post"}],"author":[{"embeddable":true,"href":"http:\/\/cordobadirecto.com\/index.php\/wp-json\/wp\/v2\/users\/1"}],"replies":[{"embeddable":true,"href":"http:\/\/cordobadirecto.com\/index.php\/wp-json\/wp\/v2\/comments?post=9601"}],"version-history":[{"count":0,"href":"http:\/\/cordobadirecto.com\/index.php\/wp-json\/wp\/v2\/posts\/9601\/revisions"}],"wp:featuredmedia":[{"embeddable":true,"href":"http:\/\/cordobadirecto.com\/index.php\/wp-json\/wp\/v2\/media\/9602"}],"wp:attachment":[{"href":"http:\/\/cordobadirecto.com\/index.php\/wp-json\/wp\/v2\/media?parent=9601"}],"wp:term":[{"taxonomy":"category","embeddable":true,"href":"http:\/\/cordobadirecto.com\/index.php\/wp-json\/wp\/v2\/categories?post=9601"},{"taxonomy":"post_tag","embeddable":true,"href":"http:\/\/cordobadirecto.com\/index.php\/wp-json\/wp\/v2\/tags?post=9601"}],"curies":[{"name":"wp","href":"https:\/\/api.w.org\/{rel}","templated":true}]}}