{"id":9613,"date":"2021-07-04T13:09:00","date_gmt":"2021-07-04T13:09:00","guid":{"rendered":"http:\/\/cordobadirecto.com\/index.php\/2021\/07\/04\/amnistia-internacional-acuso-al-gobierno-britanico-de-mentir-sobre-la-inmigracion\/"},"modified":"2021-07-04T13:09:00","modified_gmt":"2021-07-04T13:09:00","slug":"amnistia-internacional-acuso-al-gobierno-britanico-de-mentir-sobre-la-inmigracion","status":"publish","type":"post","link":"http:\/\/cordobadirecto.com\/index.php\/2021\/07\/04\/amnistia-internacional-acuso-al-gobierno-britanico-de-mentir-sobre-la-inmigracion\/","title":{"rendered":"Amnist\u00eda Internacional acus\u00f3 al gobierno brit\u00e1nico de mentir sobre la inmigraci\u00f3n"},"content":{"rendered":"<div class=\"image\" id=\"image\" readability=\"10\"> <img src=\"http:\/\/cordobadirecto.com\/wp-content\/uploads\/2021\/07\/amnistia-internacional-acuso-al-gobierno-britanico-de-mentir-sobre-la-inmigracion.jpg\" alt=\"Boris Johnson, fiel a su discurso antiinmigrante y por momentos xen\u00f3fobo, quiere endurecer las penas contra los ilegales.\" title=\"Boris Johnson, fiel a su discurso antiinmigrante y por momentos xen\u00f3fobo, quiere endurecer las penas contra los ilegales.\"><\/p>\n<p>Boris Johnson, fiel a su discurso antiinmigrante y por momentos xen\u00f3fobo, quiere endurecer las penas contra los ilegales.<\/p>\n<\/div>\n<p>El <strong>Reino Unido<\/strong> se prepara para aumentar de <strong>seis meses a cuatro a\u00f1os<\/strong> la pena de prisi\u00f3n para los migrantes que traten de entrar ilegalmente en el pa\u00eds, en medio de un <strong>r\u00e9cord de llegadas por el Canal de la Mancha<\/strong>.<\/p>\n<p>Tambi\u00e9n quiere elevar de 14 a\u00f1os de c\u00e1rcel a <strong>cadena perpetua<\/strong> la pena m\u00e1xima aplicable a quienes ayuden o cobren por cruzar clandestinamente a estos migrantes desde el continente europeo.<\/p>\n<p>Estas modificaciones anunciadas por el Ministerio del Interior se incluir\u00e1n en un proyecto de reforma del sistema de asilo que llega el martes al Parlamento brit\u00e1nico en pleno <strong>repunte de la llegada de migrantes sin papales<\/strong>, inform\u00f3 la agencia de noticias AFP. Los anuncios fueron repudiados por organismos de derechos humanos, como Amnist\u00eda Internacional.<\/p>\n<p>En el primer semestre de 2021, Reino Unido bati\u00f3 un r\u00e9cord de migrantes llegados en peque\u00f1as embarcaciones por el Canal de la Mancha, que separa la isla de Gran Breta\u00f1a del continente europeo.<\/p>\n<p>Casi <strong>6.000 migrantes<\/strong> cruzaron ilegalmente el canal entre enero y junio y pronto podr\u00edan superarse los <strong>8.417 registrados<\/strong> en todo 2020.<\/p>\n<p>El Gobierno conservador propuso en marzo reformar el sistema de asilo -al que consider\u00f3 &#8220;desbordado&#8221;- para priorizar a quienes llegan al pa\u00eds legalmente.<\/p>\n<p>Seg\u00fan el Ministerio de Interior, los migrantes que cruzan el Canal de la Mancha deber\u00edan pedir asilo previamente en pa\u00edses de la Uni\u00f3n Europea que transitan, pero &#8220;van de compras&#8221; al &#8220;escoger el Reino Unido como destinaci\u00f3n preferida a otras, utilizando v\u00edas ilegales para llegar&#8221;.<\/p>\n<p><strong>Steve Valdez-Symonds<\/strong>, responsable de Amnist\u00eda Internacional en Reino Unido, acus\u00f3 al Gobierno de &#8220;<strong>expandir deliberadamente mitos y mentiras sobre el asilo y la inmigraci\u00f3n<\/strong>&#8221; y le pidi\u00f3 establecer &#8220;v\u00edas seguras&#8221; para estas personas.<\/p>\n<div class=\"js-code\" readability=\"7.2200557103064\">\n<blockquote class=\"twitter-tweet\" readability=\"8.1225626740947\">\n<p lang=\"en\" dir=\"ltr\">If you stop people completing journey they need to make without addressing why, chances are they will need to try again. More interceptions may not show more people attempting journeys or fewer people completing journey but may only show more journeys &amp; more smugglers\u2019 profits. <a href=\"https:\/\/t.co\/7EW8ukFyc2\">https:\/\/t.co\/7EW8ukFyc2<\/a><\/p>\n<p>\u2014 Steve Valdez-Symonds (@stevesymondsAI) <a href=\"https:\/\/twitter.com\/stevesymondsAI\/status\/1410990530394312704?ref_src=twsrc%5Etfw\">July 2, 2021<\/a><\/p><\/blockquote><\/div>\n<p>El actual primer ministro <strong>Boris Johnson<\/strong> fue un f\u00e9rreo defensor del Brexit, la ruptura con la Uni\u00f3n Europea que se bas\u00f3 en parte en argumentos <strong>antimigratorios<\/strong> y, por momentos, <strong>xen\u00f3fobos<\/strong>. Tras el divorcio con el bloque y su revalidaci\u00f3n en las urnas, el premier ha mantenido un firme discurso a favor de limitar la llegada de inmigrantes y refugiados.<\/p>\n","protected":false},"excerpt":{"rendered":"<p>Boris Johnson, fiel a su discurso antiinmigrante y por momentos xen\u00f3fobo, quiere endurecer las penas contra los ilegales. El Reino Unido se prepara para aumentar de seis meses a cuatro a\u00f1os la pena de prisi\u00f3n para los migrantes que traten de entrar ilegalmente en el pa\u00eds, en medio de un r\u00e9cord de llegadas por el [&hellip;]<\/p>\n","protected":false},"author":1,"featured_media":9614,"comment_status":"closed","ping_status":"closed","sticky":false,"template":"","format":"standard","meta":[],"categories":[24],"tags":[],"_links":{"self":[{"href":"http:\/\/cordobadirecto.com\/index.php\/wp-json\/wp\/v2\/posts\/9613"}],"collection":[{"href":"http:\/\/cordobadirecto.com\/index.php\/wp-json\/wp\/v2\/posts"}],"about":[{"href":"http:\/\/cordobadirecto.com\/index.php\/wp-json\/wp\/v2\/types\/post"}],"author":[{"embeddable":true,"href":"http:\/\/cordobadirecto.com\/index.php\/wp-json\/wp\/v2\/users\/1"}],"replies":[{"embeddable":true,"href":"http:\/\/cordobadirecto.com\/index.php\/wp-json\/wp\/v2\/comments?post=9613"}],"version-history":[{"count":0,"href":"http:\/\/cordobadirecto.com\/index.php\/wp-json\/wp\/v2\/posts\/9613\/revisions"}],"wp:featuredmedia":[{"embeddable":true,"href":"http:\/\/cordobadirecto.com\/index.php\/wp-json\/wp\/v2\/media\/9614"}],"wp:attachment":[{"href":"http:\/\/cordobadirecto.com\/index.php\/wp-json\/wp\/v2\/media?parent=9613"}],"wp:term":[{"taxonomy":"category","embeddable":true,"href":"http:\/\/cordobadirecto.com\/index.php\/wp-json\/wp\/v2\/categories?post=9613"},{"taxonomy":"post_tag","embeddable":true,"href":"http:\/\/cordobadirecto.com\/index.php\/wp-json\/wp\/v2\/tags?post=9613"}],"curies":[{"name":"wp","href":"https:\/\/api.w.org\/{rel}","templated":true}]}}